{"id":482679,"date":"2025-10-22T19:15:18","date_gmt":"2025-10-22T19:15:18","guid":{"rendered":"https:\/\/www.europesays.com\/fr\/482679\/"},"modified":"2025-10-22T19:15:18","modified_gmt":"2025-10-22T19:15:18","slug":"tempete-benjamin-des-orages-et-des-rafales-de-vent-attendus-en-loire-atlantique","status":"publish","type":"post","link":"https:\/\/www.europesays.com\/fr\/482679\/","title":{"rendered":"Temp\u00eate Benjamin. Des orages et des rafales de vent attendus en Loire-Atlantique"},"content":{"rendered":"<p>Prudence dans le d\u00e9partement. La premi\u00e8re temp\u00eate automnale, appel\u00e9e temp\u00eate Benjamin, approche et des orages et coups de vent sont annonc\u00e9s d\u00e8s la fin de journ\u00e9e, ce mercredi 22\u00a0octobre. <a href=\"https:\/\/vigilance.meteofrance.fr\/fr\/loire-atlantique\" target=\"_self\" rel=\"nofollow noopener\">M\u00e9t\u00e9o France a plac\u00e9 Loire-Atlantique en vigilance jaune<\/a> jusqu\u2019\u00e0 demain, jeudi 23\u00a0octobre.\u00a0<\/p>\n<p>Le D\u00e9partement alerte sur l\u2019\u00e9ventualit\u00e9 d\u2019<a href=\"https:\/\/nantes.maville.com\/actu\/actudet_-tempete-benjamin-un-risque-de-fermeture-du-pont-de-saint-nazaire-dans-la-nuit-de-mercredi-a-jeudi-_8-7032105_actu.Htm\" target=\"_self\" rel=\"nofollow noopener\">interdire compl\u00e8tement la circulation du pont de Saint-Nazaire entre 5\u00a0h et 11\u00a0h du matin<\/a>\u00a0car des rafales de vent pourraient atteindre 130-140 km\/h en seconde partie de nuit, sur la c\u00f4te.<\/p>\n<p>En mer, les vagues atteindront les 3,5 \u00e0 4\u00a0m sur les c\u00f4tes expos\u00e9es (pointe Saint-Gildas, c\u00f4te sauvage du Croisic Batz-sur-Mer, Piriac-sur-Mer). \u00ab<strong>\u00a0Le risque d\u2019inondation par submersion marine est quasi nul,<\/strong> explique Maxime Huguet, passionn\u00e9 de m\u00e9t\u00e9o. <strong>Cependant les paquets de mer devraient \u00eatre dangereux (personne happ\u00e9e par une lame) notamment \u00e0 mar\u00e9e haute, \u00e0 6\u00a0h du matin, et 18\u00a0h\u00a030, jeudi.\u00a0Au large des creux de 6\u00a0m sont attendues, voire plus pour les vagues maximales.\u00a0\u00bb<\/strong><\/p>\n<p>La prudence est donc de mise, m\u00eame dans les villes, qui ont pris des mesures de s\u00e9curit\u00e9 comme <a href=\"https:\/\/nantes.maville.com\/actu\/actudet_-tempete-benjamin-la-ville-de-nantes-ferme-des-squares-parcs-et-jardins-_8-7032196_actu.Htm\" target=\"_self\" rel=\"nofollow noopener\">\u00e0 Nantes, en fermant parcs, squares et jardins.<\/a><\/p>\n<p>\u00a0<\/p>\n","protected":false},"excerpt":{"rendered":"Prudence dans le d\u00e9partement. La premi\u00e8re temp\u00eate automnale, appel\u00e9e temp\u00eate Benjamin, approche et des orages et coups de&hellip;\n","protected":false},"author":2,"featured_media":482680,"comment_status":"","ping_status":"","sticky":false,"template":"","format":"standard","meta":{"footnotes":""},"categories":[2818],"tags":[1111,11,17144,17232,1777,674,1011,27,3047,766,12,4594,2636,7918,25,7747,7919],"class_list":{"0":"post-482679","1":"post","2":"type-post","3":"status-publish","4":"format-standard","5":"has-post-thumbnail","7":"category-nantes","8":"tag-actu","9":"tag-actualites","10":"tag-attendus","11":"tag-benjamin","12":"tag-eu","13":"tag-europe","14":"tag-fr","15":"tag-france","16":"tag-loire-atlantique","17":"tag-nantes","18":"tag-news","19":"tag-orages","20":"tag-pays-de-la-loire","21":"tag-rafales","22":"tag-republique-francaise","23":"tag-tempete","24":"tag-vent"},"share_on_mastodon":{"url":"https:\/\/pubeurope.com\/@fr\/115419422651193192","error":""},"_links":{"self":[{"href":"https:\/\/www.europesays.com\/fr\/wp-json\/wp\/v2\/posts\/482679","targetHints":{"allow":["GET"]}}],"collection":[{"href":"https:\/\/www.europesays.com\/fr\/wp-json\/wp\/v2\/posts"}],"about":[{"href":"https:\/\/www.europesays.com\/fr\/wp-json\/wp\/v2\/types\/post"}],"author":[{"embeddable":true,"href":"https:\/\/www.europesays.com\/fr\/wp-json\/wp\/v2\/users\/2"}],"replies":[{"embeddable":true,"href":"https:\/\/www.europesays.com\/fr\/wp-json\/wp\/v2\/comments?post=482679"}],"version-history":[{"count":0,"href":"https:\/\/www.europesays.com\/fr\/wp-json\/wp\/v2\/posts\/482679\/revisions"}],"wp:featuredmedia":[{"embeddable":true,"href":"https:\/\/www.europesays.com\/fr\/wp-json\/wp\/v2\/media\/482680"}],"wp:attachment":[{"href":"https:\/\/www.europesays.com\/fr\/wp-json\/wp\/v2\/media?parent=482679"}],"wp:term":[{"taxonomy":"category","embeddable":true,"href":"https:\/\/www.europesays.com\/fr\/wp-json\/wp\/v2\/categories?post=482679"},{"taxonomy":"post_tag","embeddable":true,"href":"https:\/\/www.europesays.com\/fr\/wp-json\/wp\/v2\/tags?post=482679"}],"curies":[{"name":"wp","href":"https:\/\/api.w.org\/{rel}","templated":true}]}}