{"id":482686,"date":"2025-10-22T19:19:11","date_gmt":"2025-10-22T19:19:11","guid":{"rendered":"https:\/\/www.europesays.com\/fr\/482686\/"},"modified":"2025-10-22T19:19:11","modified_gmt":"2025-10-22T19:19:11","slug":"vegetalisation-sens-de-circulation-pietons-trois-projets-pour-la-place-de-la-bourse-a-toulouse","status":"publish","type":"post","link":"https:\/\/www.europesays.com\/fr\/482686\/","title":{"rendered":"V\u00e9g\u00e9talisation, sens de circulation, pi\u00e9tons\u2026 Trois projets pour la place de la Bourse \u00e0 Toulouse"},"content":{"rendered":"<p>            Par<br \/>\n        <strong><br \/>\n            <a href=\"https:\/\/actu.fr\/auteur\/hugo-hancewicz\" title=\"Consulter tous les articles de Hugo Hancewicz\" target=\"_blank\" rel=\"noopener\">Hugo Hancewicz<\/a><br \/>\n        <\/strong><\/p>\n<p>        Publi\u00e9 le<\/p>\n<p>            22 oct. 2025 \u00e0 18h58        <\/p>\n<p>En plein c\u0153ur de la Ville rose, la <strong>place de la Bourse<\/strong> tente depuis des ann\u00e9es de trouver sa place. Coinc\u00e9e entre la rue de la Bourse, la rue Saint-Ursule, la rue Cujas et la <a href=\"https:\/\/actu.fr\/occitanie\/toulouse_31555\/toulouse-dans-une-ambiance-street-art-et-hip-hop-ce-nouvel-etablissement-fait-bar-resto-et-club_63122243.html\" target=\"_blank\" rel=\"noopener\">rue Cl\u00e9mence Isaure<\/a>, ce petit carr\u00e9 de briques rouges au charme discret reste <strong>un lieu de passage<\/strong> plus qu\u2019un v\u00e9ritable espace de vie. Entre les camions de livraison, les nombreux sens interdits et les rues \u00e9troites qui l\u2019entourent, difficile de s\u2019y retrouver. Et c\u2019est justement pour changer cela que la mairie de Toulouse <strong>s\u2019y penche s\u00e9rieusement<\/strong>. Ce mercredi 22\u00a0octobre 2025, sous une pluie battante, les \u00e9quipes municipales ont pr\u00e9sent\u00e9 <strong>trois pistes d\u2019am\u00e9nagement<\/strong> destin\u00e9es \u00e0 redonner un nouveau souffle \u00e0 cet endroit. Objectif\u2009: en faire <strong>un lieu plus agr\u00e9able<\/strong>, plus coh\u00e9rent et surtout, mieux adapt\u00e9 \u00e0 ses nombreux usagers. <a href=\"https:\/\/actu.fr\/toulouse\/\" target=\"_blank\" rel=\"noopener\">Actu Toulouse<\/a> vous pr\u00e9sente ces trois projets.<\/p>\n<p>Une place charmante mais d\u00e9cousue<\/p>\n<p class=\" wall-content\">Car aujourd\u2019hui, le constat est sans appel. Entre les voitures qui d\u00e9boulent de tous c\u00f4t\u00e9s, les pi\u00e9tons <strong>(environ 8\u2009000 chaque jour)<\/strong> qui se faufilent tant bien que mal sur des trottoirs \u00e9troits, et les rev\u00eatements au sol qui changent d\u2019une rue \u00e0 l\u2019autre, la place de la Bourse peine \u00e0 respirer. \u00ab\u2009Il y a des <strong>voitures partout<\/strong> et tout le monde arrive dans des directions diff\u00e9rentes\u2009\u00bb, reconnaissent les \u00e9quipes de la mairie en charge du projet.<\/p>\n<p class=\" wall-content\">Situ\u00e9e \u00e0 la crois\u00e9e de rues aux vocations tr\u00e8s diff\u00e9rentes, commer\u00e7antes, r\u00e9sidentielles ou de transit, la place souffre d\u2019un <strong>manque d\u2019unit\u00e9 et de lisibilit\u00e9<\/strong>. Et dans un quartier qui ne cesse de se dynamiser, la collectivit\u00e9 veut d\u00e9sormais repenser cet espace \u00e0 taille humaine.<\/p>\n<p class=\" wall-content\">Et \u00e0 l\u2019image des nombreux chantiers r\u00e9cents dans le centre-ville, de la pi\u00e9tonnisation de la <a href=\"https:\/\/actu.fr\/occitanie\/toulouse_31555\/en-images-toulouse-apres-des-mois-de-travaux-cette-rue-du-centre-ville-devenue-pietonne-se-devoile_62809691.html\" target=\"_blank\" rel=\"noopener\">rue de Metz<\/a> et de la <a href=\"https:\/\/actu.fr\/occitanie\/toulouse_31555\/toulouse-encore-en-chantier-cette-luxueuse-rue-a-deja-chamboule-ses-habitudes_61400189.html\" target=\"_blank\" rel=\"noopener\">rue Croix-Baragnon<\/a> \u00e0 la requalification de la <a href=\"https:\/\/actu.fr\/occitanie\/toulouse_31555\/toulouse-les-travaux-sont-termines-sur-cette-place-du-centre-ville-voici-a-quoi-elle-ressemble_62684715.html\" target=\"_blank\" rel=\"noopener\">place du Parlement<\/a>, la <strong>place de la Bourse<\/strong>, elle aussi, n\u2019\u00e9chappera pas \u00e0 ses coups de pelleteuse.<\/p>\n<p>Trois projets, trois visions<\/p>\n<p class=\" wall-content\">Pour y parvenir, trois sc\u00e9narios ont \u00e9t\u00e9 imagin\u00e9s\u2009:<\/p>\n<ul class=\" wall-content\">\n<li><strong>Le projet \u00e9conome<\/strong> miserait sur la simplicit\u00e9\u2009: suppression des trottoirs, chauss\u00e9e \u00e0 niveau unique et rev\u00eatement unifi\u00e9 pour harmoniser l\u2019ensemble.<\/li>\n<li><strong>Le projet vertueux<\/strong>, lui, irait plus loin en rendant la priorit\u00e9 aux pi\u00e9tons dans les rues adjacentes et en int\u00e9grant davantage de v\u00e9g\u00e9tation, notamment dans la rue Sainte-Ursule.<\/li>\n<li>Enfin, <strong>le projet tr\u00e8s vertueux<\/strong> cumulerait les deux pr\u00e9c\u00e9dents. Des arbres viendraient verdir la place de la Bourse et ses alentours (notamment devant le caf\u00e9 Perlette et l\u2019actuel Prima), et la circulation des voitures pourrait \u00eatre modifi\u00e9e pour ne plus passer directement devant la place, mais simplement la contourner.<\/li>\n<\/ul>\n<p class=\" wall-content\">Des \u00e9tudes techniques sont encore n\u00e9cessaires pour \u00e9valuer la <strong>faisabilit\u00e9<\/strong> de ces propositions, notamment concernant le casse-t\u00eate des flux de circulation et la pr\u00e9sence de r\u00e9seaux souterrains pour permettre la <strong>plantation des arbres<\/strong>, ou pas. Les plans, eux, sont encore confidentiels, nous dit-on.<\/p>\n<p>Votre r\u00e9gion, votre actu !<\/p>\n<p>Recevez chaque jour les infos qui comptent pour vous.<\/p>\n<p>\t<a href=\"https:\/\/actu.fr\/newsletter\" class=\"ac-btn ac-btn--corner ac-btn--medium ac-btn--blue800\" target=\"_blank\" rel=\"noopener\">S&rsquo;incrire<\/a><\/p>\n<p>    <img   decoding=\"async\" loading=\"lazy\" src=\"https:\/\/www.europesays.com\/fr\/wp-content\/uploads\/2025\/10\/design-sans-titre-10-960x640.jpg\" alt=\"xxxx\" width=\"960\" height=\"640\"\/><br \/>\n    Ci-dessus, la rue Sainte-Ursule. Des scooters stationn\u00e9s sur le trottoir, une voiture qui enfreint le sens interdit, et des rev\u00eatements au sol qui changent d\u2019une portion \u00e0 l\u2019autre. C\u2019est sur ce constat de d\u00e9sordre que la mairie de Toulouse a d\u00e9cid\u00e9 de repenser les abords de la place de la Bourse (\u00a9HH\/Actu Toulouse)Pas d\u2019\u00ab\u2009hyperpi\u00e9tonnisation\u2009\u00bb, pr\u00e9vient Jean-Luc Moudenc<\/p>\n<p class=\" wall-content\">Lorsque la question d\u2019une \u00e9ventuelle <strong>pi\u00e9tonnisation<\/strong> de la place de la Bourse et de ses alentours lui est pos\u00e9e, Jean-Luc Moudenc balaye imm\u00e9diatement l\u2019id\u00e9e d\u2019un revers de main\u2009:<\/p>\n<blockquote class=\"ac-article-quote wall-content\">\n<p>Je suis oppos\u00e9 \u00e0 l\u2019hyperpi\u00e9tonnisation du centre-ville car on exclut certaines cat\u00e9gories comme les personnes \u00e2g\u00e9es ou les familles avec enfants en bas \u00e2ge.<\/p>\n<p>    <strong>Jean-Luc Moudenc<\/strong><br \/>\n        Maire de Toulouse    <\/p><\/blockquote>\n<p class=\" wall-content\">Mais la concertation ne fait que commencer. L\u2019\u00e9quipe municipale veut avant tout \u00ab\u2009se poser afin d\u2019avoir une r\u00e9flexion globale\u2009\u00bb sur les usages, les d\u00e9placements et <strong>la place du v\u00e9g\u00e9tal<\/strong> dans le secteur. Les commer\u00e7ants et les habitants du quartier seront \u00e9galement concert\u00e9s sur leurs besoins.<\/p>\n<p class=\" wall-content\">Pour l\u2019heure, aucun calendrier pr\u00e9cis n\u2019a \u00e9t\u00e9 fix\u00e9. La p\u00e9riode de <strong>r\u00e9serve \u00e9lectorale<\/strong> emp\u00eache le maire de <strong>commenter<\/strong> davantage les projets. Mais une phrase, l\u00e2ch\u00e9e presque malgr\u00e9 lui, r\u00e9sume bien la situation. \u00ab\u2009C\u2019est l\u2019anarchie, il faut faire quelque chose\u2009\u00bb, glisse-t-il, alors qu\u2019une voiture s\u2019engage sous ses yeux dans un sens interdit.<\/p>\n<p class=\" wall-content\">Personnalisez votre actualit\u00e9 en ajoutant vos villes et m\u00e9dias en favori avec <a href=\"https:\/\/moncompte.actu.fr\" title=\"D\u00e9couvez Mon Actu\" rel=\"nofollow noopener\" data-trk=\"{&quot;cta&quot;:{&quot;action&quot;:&quot;https:\\\/\\\/moncompte.actu.fr&quot;,&quot;category&quot;:&quot;mon compte&quot;,&quot;from&quot;:&quot;article footer&quot;,&quot;name&quot;:&quot;Mon actu&quot;,&quot;type&quot;:&quot;cta&quot;}}\" target=\"_blank\">Mon Actu<\/a>.<\/p>\n","protected":false},"excerpt":{"rendered":"Par Hugo Hancewicz Publi\u00e9 le 22 oct. 2025 \u00e0 18h58 En plein c\u0153ur de la Ville rose, la&hellip;\n","protected":false},"author":2,"featured_media":482687,"comment_status":"","ping_status":"","sticky":false,"template":"","format":"standard","meta":{"footnotes":""},"categories":[2816],"tags":[1111,11,1777,674,1011,27,2857,12,2680,25,104,2312,2086,1352],"class_list":{"0":"post-482686","1":"post","2":"type-post","3":"status-publish","4":"format-standard","5":"has-post-thumbnail","7":"category-toulouse","8":"tag-actu","9":"tag-actualites","10":"tag-eu","11":"tag-europe","12":"tag-fr","13":"tag-france","14":"tag-jean-luc-moudenc","15":"tag-news","16":"tag-occitanie","17":"tag-republique-francaise","18":"tag-societe","19":"tag-toulouse","20":"tag-travaux","21":"tag-urbanisme"},"share_on_mastodon":{"url":"https:\/\/pubeurope.com\/@fr\/115419439043177535","error":""},"_links":{"self":[{"href":"https:\/\/www.europesays.com\/fr\/wp-json\/wp\/v2\/posts\/482686","targetHints":{"allow":["GET"]}}],"collection":[{"href":"https:\/\/www.europesays.com\/fr\/wp-json\/wp\/v2\/posts"}],"about":[{"href":"https:\/\/www.europesays.com\/fr\/wp-json\/wp\/v2\/types\/post"}],"author":[{"embeddable":true,"href":"https:\/\/www.europesays.com\/fr\/wp-json\/wp\/v2\/users\/2"}],"replies":[{"embeddable":true,"href":"https:\/\/www.europesays.com\/fr\/wp-json\/wp\/v2\/comments?post=482686"}],"version-history":[{"count":0,"href":"https:\/\/www.europesays.com\/fr\/wp-json\/wp\/v2\/posts\/482686\/revisions"}],"wp:featuredmedia":[{"embeddable":true,"href":"https:\/\/www.europesays.com\/fr\/wp-json\/wp\/v2\/media\/482687"}],"wp:attachment":[{"href":"https:\/\/www.europesays.com\/fr\/wp-json\/wp\/v2\/media?parent=482686"}],"wp:term":[{"taxonomy":"category","embeddable":true,"href":"https:\/\/www.europesays.com\/fr\/wp-json\/wp\/v2\/categories?post=482686"},{"taxonomy":"post_tag","embeddable":true,"href":"https:\/\/www.europesays.com\/fr\/wp-json\/wp\/v2\/tags?post=482686"}],"curies":[{"name":"wp","href":"https:\/\/api.w.org\/{rel}","templated":true}]}}