{"id":482688,"date":"2025-10-22T19:20:11","date_gmt":"2025-10-22T19:20:11","guid":{"rendered":"https:\/\/www.europesays.com\/fr\/482688\/"},"modified":"2025-10-22T19:20:11","modified_gmt":"2025-10-22T19:20:11","slug":"toulouse-va-perdre-definitivement-pita-ahki-des-decembre","status":"publish","type":"post","link":"https:\/\/www.europesays.com\/fr\/482688\/","title":{"rendered":"Toulouse va perdre d\u00e9finitivement Pita Ahki&#8230; d\u00e8s d\u00e9cembre"},"content":{"rendered":"<p>\n    L\u2019international tonguien de 33 ans, qui \u00e9volue \u00e0 Toulouse depuis 2018, doit rejoindre les Auckland Blues d\u00e9but d\u00e9cembre. La fin d\u2019une longue et belle histoire.<\/p>\n<p class=\"fig-paragraph\">Mauvaise nouvelle pour\u00a0<a href=\"http:\/\/www.lefigaro.fr\/sports\/rugby\/top-14\/top-14-toulouse-veut-retrouver-de-la-regularite-20251017\" data-fig-type=\"NewsFlash\" data-gtm-custom-categorie=\"navigation\" data-gtm-custom-action=\"crossclick\" data-gtm-custom-label=\"Contextuel\" data-gtm-event=\"customEventSPE\" data-fig-domain=\"LEFIGARO\" target=\"_blank\" rel=\"noopener\">Toulouse<\/a>. Les Rouge et Noir s\u2019appr\u00eatent \u00e0 perdre leur trois-quarts centre Pita Ahki. Ce dernier sera lib\u00e9r\u00e9 de son contrat plus t\u00f4t que pr\u00e9vu pour rejoindre les Auckland Blues en d\u00e9cembre prochain afin d\u2019y disputer le prochain Super Rugby. Une information confirm\u00e9e par le club.<\/p>\n<p class=\"fig-paragraph\">L\u2019international tonguien, figure incontournable du stade Toulousain ces derni\u00e8res saisons (cinq Top 14, 2 champions Cup) depuis son arriv\u00e9e en 2018, sera lib\u00e9r\u00e9 par ses dirigeants apr\u00e8s ses excellents \u00e9tats de service.<\/p>\n<p>                                    <a class=\"fig-a11y-skip a11y-hidden\" href=\"#fig-a11y-skip-main-inarticle\"><br \/>\n        Passer la publicit\u00e9<br \/>\n    <\/a><\/p>\n<p class=\"fig-paragraph\">\u00c0 Auckland, sa ville natale, Pita Ahki retrouvera un certain Vern Cotter, entra\u00eeneur en chef des Blues. Sauf blessure, il devrait effectuer son dernier match avec Toulouse le week-end du 29-30 novembre contre le Racing 92.<\/p>\n<p class=\"fig-paragraph\">\u00abLe Stade Toulousain annonce avec \u00e9motion le d\u00e9part de son trois-quarts centre Pita Ahki, au 1er\u00a0d\u00e9cembre 2025, annonce le club dans un communiqu\u00e9. Il rejoindra le club de ses d\u00e9buts, celui qui l\u2019a vu na\u00eetre, grandir et se former en tant que joueur professionnel\u00a0: les Blues d\u2019Auckland.\u00bb<\/p>\n<p class=\"fig-paragraph\">\u00ab\u00a0Apr\u00e8s 7 ann\u00e9es inoubliables avec le Stade Toulousain, j\u2019ai pris la d\u00e9cision incroyablement difficile de passer \u00e0 autre chose. Ce club et tous ses membres ont repr\u00e9sent\u00e9 une grande partie de ma vie et je serai toujours reconnaissant des amiti\u00e9s, souvenirs et exp\u00e9riences dont j\u2019ai eu la chance de b\u00e9n\u00e9ficier au long de ma route.<\/p>\n<p class=\"fig-paragraph\">\u00abPartir n\u2019est pas une d\u00e9cision facile, mais c\u2019est une d\u00e9cision familiale et rien n\u2019est plus important, souffle le joueur. Je sens que le moment est bien choisi, avec l\u2019opportunit\u00e9 de continuer \u00e0 jouer au rugby professionnel tout en ramenant ma petite famille chez elle pour \u00eatre plus pr\u00e8s de nos proches. Toulouse aura toujours une place \u00e0 part dans mon c\u0153ur et je serai \u00e0 jamais fier d\u2019avoir port\u00e9 ce maillot.\u00a0\u00bb<\/p>\n","protected":false},"excerpt":{"rendered":"L\u2019international tonguien de 33 ans, qui \u00e9volue \u00e0 Toulouse depuis 2018, doit rejoindre les Auckland Blues d\u00e9but d\u00e9cembre.&hellip;\n","protected":false},"author":2,"featured_media":482689,"comment_status":"","ping_status":"","sticky":false,"template":"","format":"standard","meta":{"footnotes":""},"categories":[2816],"tags":[1111,11,1777,674,1011,27,12,2680,25,476,478,2312],"class_list":{"0":"post-482688","1":"post","2":"type-post","3":"status-publish","4":"format-standard","5":"has-post-thumbnail","7":"category-toulouse","8":"tag-actu","9":"tag-actualites","10":"tag-eu","11":"tag-europe","12":"tag-fr","13":"tag-france","14":"tag-news","15":"tag-occitanie","16":"tag-republique-francaise","17":"tag-stade-toulousain","18":"tag-top-14","19":"tag-toulouse"},"share_on_mastodon":{"url":"https:\/\/pubeurope.com\/@fr\/115419442372753055","error":""},"_links":{"self":[{"href":"https:\/\/www.europesays.com\/fr\/wp-json\/wp\/v2\/posts\/482688","targetHints":{"allow":["GET"]}}],"collection":[{"href":"https:\/\/www.europesays.com\/fr\/wp-json\/wp\/v2\/posts"}],"about":[{"href":"https:\/\/www.europesays.com\/fr\/wp-json\/wp\/v2\/types\/post"}],"author":[{"embeddable":true,"href":"https:\/\/www.europesays.com\/fr\/wp-json\/wp\/v2\/users\/2"}],"replies":[{"embeddable":true,"href":"https:\/\/www.europesays.com\/fr\/wp-json\/wp\/v2\/comments?post=482688"}],"version-history":[{"count":0,"href":"https:\/\/www.europesays.com\/fr\/wp-json\/wp\/v2\/posts\/482688\/revisions"}],"wp:featuredmedia":[{"embeddable":true,"href":"https:\/\/www.europesays.com\/fr\/wp-json\/wp\/v2\/media\/482689"}],"wp:attachment":[{"href":"https:\/\/www.europesays.com\/fr\/wp-json\/wp\/v2\/media?parent=482688"}],"wp:term":[{"taxonomy":"category","embeddable":true,"href":"https:\/\/www.europesays.com\/fr\/wp-json\/wp\/v2\/categories?post=482688"},{"taxonomy":"post_tag","embeddable":true,"href":"https:\/\/www.europesays.com\/fr\/wp-json\/wp\/v2\/tags?post=482688"}],"curies":[{"name":"wp","href":"https:\/\/api.w.org\/{rel}","templated":true}]}}