{"id":482690,"date":"2025-10-22T19:21:17","date_gmt":"2025-10-22T19:21:17","guid":{"rendered":"https:\/\/www.europesays.com\/fr\/482690\/"},"modified":"2025-10-22T19:21:17","modified_gmt":"2025-10-22T19:21:17","slug":"vendredi-25-septembre-2026-le-grand-theatre-de-lille-grand-palais-accueillera-le-concert-dalizee","status":"publish","type":"post","link":"https:\/\/www.europesays.com\/fr\/482690\/","title":{"rendered":"Vendredi 25 septembre 2026, le Grand Th\u00e9\u00e2tre de Lille Grand Palais accueillera le concert d&rsquo;Aliz\u00e9e"},"content":{"rendered":"<p style=\"text-align: justify;\"><strong>Vendredi 25 septembre 2026 \u00e0 20h, le Grand Th\u00e9\u00e2tre de Lille Grand Palais <\/strong>accueillera le <strong>concert d\u2019<\/strong><strong>Aliz\u00e9e !<\/strong><\/p>\n<p><img loading=\"lazy\" decoding=\"async\" width=\"819\" height=\"1024\" src=\"https:\/\/www.europesays.com\/fr\/wp-content\/uploads\/2025\/10\/alizee_lille_2026_02-819x1024.jpg\" alt=\"\" class=\"wp-image-88101\" style=\"aspect-ratio:0.7998046875;width:500px\"  \/><\/p>\n<p style=\"text-align: justify;\">Concert d\u2019Aliz\u00e9e<br \/>Apr\u00e8s avoir enflamm\u00e9 l\u2019Olympia les 7 et 8 septembre derniers lors de deux concerts historiques complets en seulement quelques minutes, Aliz\u00e9e annonce son grand retour sur sc\u00e8ne avec une tourn\u00e9e \u00e9v\u00e9nement.<\/p>\n<p style=\"text-align: justify;\">Ces deux soir\u00e9es parisiennes, salu\u00e9es par des fans venus du monde entier et par des m\u00e9dias unanimes, ont marqu\u00e9 un v\u00e9ritable triomphe. Un moment d\u2019\u00e9motion et de communion qui a confirm\u00e9 l\u2019attente autour de l\u2019artiste et la force intacte du lien qui l\u2019unit \u00e0 son public depuis 25 ans.<\/p>\n<p style=\"text-align: justify;\">Pour c\u00e9l\u00e9brer cet anniversaire unique, Aliz\u00e9e entamera une tourn\u00e9e \u00e9v\u00e9nement \u00e0 travers la France et la Belgique. Un rendez-vous incontournable pour revivre les titres qui ont marqu\u00e9 plusieurs g\u00e9n\u00e9rations, red\u00e9couvrir son univers artistique et partager, ensemble, une nouvelle page de son histoire.<\/p>\n<p>Le retour d\u2019une ic\u00f4ne. L\u2019attente d\u2019un moment unique.<\/p>\n<p><img loading=\"lazy\" decoding=\"async\" width=\"9\" height=\"9\" src=\"https:\/\/www.europesays.com\/fr\/wp-content\/uploads\/2025\/04\/1744722321_833_arrow.png\" alt=\"Puce\"\/> <strong>Tarif<\/strong> : \u00e0 partir de 44\u20ac<\/p>\n<p><img loading=\"lazy\" decoding=\"async\" width=\"9\" height=\"9\" src=\"https:\/\/www.europesays.com\/fr\/wp-content\/uploads\/2025\/04\/1744722321_833_arrow.png\" alt=\"Puce\"\/> <a href=\"https:\/\/www.nuits-dartistes.com\/fr\/product\/alizee-231152035?v=7e507a92f4c65927886c4b410ab5e387&amp;res=1\" target=\"_blank\" rel=\"noreferrer noopener\">Site internet de Nuits d\u2019Artistes<\/a><\/p>\n<p class=\"has-text-align-right\">Source : Nuits d\u2019Artistes \u2013 Photo : DR \u2013 \u00a9 Alexandre Sorin Productions<\/p>\n","protected":false},"excerpt":{"rendered":"Vendredi 25 septembre 2026 \u00e0 20h, le Grand Th\u00e9\u00e2tre de Lille Grand Palais accueillera le concert d\u2019Aliz\u00e9e !&hellip;\n","protected":false},"author":2,"featured_media":482691,"comment_status":"","ping_status":"","sticky":false,"template":"","format":"standard","meta":{"footnotes":""},"categories":[2815],"tags":[60596,1111,11,21748,1697,1777,674,1011,27,19845,811,1307,11505,12,25,3140],"class_list":{"0":"post-482690","1":"post","2":"type-post","3":"status-publish","4":"format-standard","5":"has-post-thumbnail","7":"category-lille","8":"tag-25-septembre-2026","9":"tag-actu","10":"tag-actualites","11":"tag-alizee","12":"tag-concert","13":"tag-eu","14":"tag-europe","15":"tag-fr","16":"tag-france","17":"tag-grand-theatre","18":"tag-hauts-de-france","19":"tag-lille","20":"tag-lille-grand-palais","21":"tag-news","22":"tag-republique-francaise","23":"tag-spectacle"},"share_on_mastodon":{"url":"https:\/\/pubeurope.com\/@fr\/115419446961106320","error":""},"_links":{"self":[{"href":"https:\/\/www.europesays.com\/fr\/wp-json\/wp\/v2\/posts\/482690","targetHints":{"allow":["GET"]}}],"collection":[{"href":"https:\/\/www.europesays.com\/fr\/wp-json\/wp\/v2\/posts"}],"about":[{"href":"https:\/\/www.europesays.com\/fr\/wp-json\/wp\/v2\/types\/post"}],"author":[{"embeddable":true,"href":"https:\/\/www.europesays.com\/fr\/wp-json\/wp\/v2\/users\/2"}],"replies":[{"embeddable":true,"href":"https:\/\/www.europesays.com\/fr\/wp-json\/wp\/v2\/comments?post=482690"}],"version-history":[{"count":0,"href":"https:\/\/www.europesays.com\/fr\/wp-json\/wp\/v2\/posts\/482690\/revisions"}],"wp:featuredmedia":[{"embeddable":true,"href":"https:\/\/www.europesays.com\/fr\/wp-json\/wp\/v2\/media\/482691"}],"wp:attachment":[{"href":"https:\/\/www.europesays.com\/fr\/wp-json\/wp\/v2\/media?parent=482690"}],"wp:term":[{"taxonomy":"category","embeddable":true,"href":"https:\/\/www.europesays.com\/fr\/wp-json\/wp\/v2\/categories?post=482690"},{"taxonomy":"post_tag","embeddable":true,"href":"https:\/\/www.europesays.com\/fr\/wp-json\/wp\/v2\/tags?post=482690"}],"curies":[{"name":"wp","href":"https:\/\/api.w.org\/{rel}","templated":true}]}}