{"id":482692,"date":"2025-10-22T19:22:11","date_gmt":"2025-10-22T19:22:11","guid":{"rendered":"https:\/\/www.europesays.com\/fr\/482692\/"},"modified":"2025-10-22T19:22:11","modified_gmt":"2025-10-22T19:22:11","slug":"adolescente-de-15-ans-tuee-pres-de-lille-son-petit-ami-mis-en-examen-pour-homicide-volontaire","status":"publish","type":"post","link":"https:\/\/www.europesays.com\/fr\/482692\/","title":{"rendered":"Adolescente de 15 ans tu\u00e9e pr\u00e8s de Lille : son petit ami mis en examen pour homicide volontaire"},"content":{"rendered":"<p class=\"paragraph text_align_left lp-f-body-02\">Le petit ami de l\u2019adolescente de 15 ans <a href=\"https:\/\/www.leparisien.fr\/en-region\/nord-une-adolescente-de-15-ans-retrouvee-morte-dans-un-hotel-20-10-2025-O37WCWN62VBSNLBV3MVFT7D2MU.php\" target=\"_blank\" rel=\"noreferrer nofollow noopener\">retrouv\u00e9e morte lundi dans un h\u00f4tel de Lomme<\/a>, pr\u00e8s de Lille, a \u00e9t\u00e9 mis en examen mercredi pour homicide volontaire par conjoint et plac\u00e9 en d\u00e9tention provisoire, a annonc\u00e9 le procureur de Lille.<\/p>\n<p class=\"paragraph text_align_left lp-f-body-02\">Les premi\u00e8res constatations m\u00e9dico-l\u00e9gales \u00e9tablissent que le d\u00e9c\u00e8s, qui remonte \u00e0 samedi, \u00ab est cons\u00e9cutif \u00e0 une asphyxie due \u00e0 un \u00e9touffement \u00bb, a pr\u00e9cis\u00e9 le procureur Samuel Finielz dans un communiqu\u00e9.<\/p>\n<p class=\"paragraph text_align_left lp-f-body-02\">Le mis en cause, \u00e2g\u00e9 de 20 ans et qui \u00ab n\u2019\u00e9tait pas connu pour des faits de violence \u00bb, s\u2019\u00e9tait rendu lundi au commissariat central de Lille. Il encourt la r\u00e9clusion criminelle \u00e0 perp\u00e9tuit\u00e9, a soulign\u00e9 M. Finielz.<\/p>\n<p class=\"paragraph text_align_left lp-f-body-02\">Les policiers ont d\u00e9couvert le corps sans vie de la jeune fille sous le lit, enroul\u00e9 dans une couette et un couvre-lit scotch\u00e9s, selon une source polici\u00e8re interrog\u00e9e \u00e0 l\u2019AFP.<\/p>\n<p class=\"lp-card-podcast-highlighting__title  lp-f-subtitle-05\">[2\/2] Drogues dures et corps plong\u00e9 dans l\u2019acide\u00a0: la d\u00e9rive sordide de deux \u00e9tudiants brillants<\/p>\n<p class=\"lp-card-podcast-highlighting__description lp-f-ui-05\">Crime story raconte chaque semaine les grandes affaires criminelles.<\/p>\n<p><a class=\"lp-card-podcast-highlighting__call-to-action\" data-page-type=\"HP\" data-block-name=\"podcast-highlight\">\u00c9couter<\/a>Victime fugueuse <\/p>\n<p class=\"paragraph text_align_left lp-f-body-02\">En garde \u00e0 vue, le suspect a d\u00e9clar\u00e9 s\u2019\u00eatre disput\u00e9 avec l\u2019adolescente qui voulait mettre fin \u00e0 leur relation, a pr\u00e9cis\u00e9 cette m\u00eame source.<\/p>\n<p class=\"paragraph text_align_left lp-f-body-02\">La jeune fille, suivie par l\u2019aide sociale \u00e0 l\u2019enfance (ASE) depuis 2023, \u00e9tait en fugue depuis mai dernier, a expliqu\u00e9 \u00e0 l\u2019AFP une source au sein de l\u2019ASE.<\/p>\n<p class=\"paragraph text_align_left lp-f-body-02\">\u00ab Les fugues devenaient inqui\u00e9tantes, alors on avait fait une information au parquet \u00bb, a ajout\u00e9 cette source, qui a pr\u00e9cis\u00e9 que sa r\u00e9f\u00e9rente avait n\u00e9anmoins rencontr\u00e9e la jeune fille cet \u00e9t\u00e9.<\/p>\n<p class=\"paragraph text_align_left lp-f-body-02\">Selon les derniers chiffres officiels publi\u00e9s fin novembre 2024, 96 f\u00e9minicides conjugaux ont \u00e9t\u00e9 recens\u00e9s par les forces de s\u00e9curit\u00e9 en France en 2023, sur 119 morts violentes au sein du couple. Dans 82% des cas, les auteurs \u00e9taient des hommes.<\/p>\n","protected":false},"excerpt":{"rendered":"Le petit ami de l\u2019adolescente de 15 ans retrouv\u00e9e morte lundi dans un h\u00f4tel de Lomme, pr\u00e8s de&hellip;\n","protected":false},"author":2,"featured_media":455953,"comment_status":"","ping_status":"","sticky":false,"template":"","format":"standard","meta":{"footnotes":""},"categories":[2815],"tags":[1111,11,459,1777,674,118,1011,27,811,1307,12,25],"class_list":{"0":"post-482692","1":"post","2":"type-post","3":"status-publish","4":"format-standard","5":"has-post-thumbnail","7":"category-lille","8":"tag-actu","9":"tag-actualites","10":"tag-departements-horsidfo","11":"tag-eu","12":"tag-europe","13":"tag-faits-divers","14":"tag-fr","15":"tag-france","16":"tag-hauts-de-france","17":"tag-lille","18":"tag-news","19":"tag-republique-francaise"},"share_on_mastodon":{"url":"https:\/\/pubeurope.com\/@fr\/115419450291859073","error":""},"_links":{"self":[{"href":"https:\/\/www.europesays.com\/fr\/wp-json\/wp\/v2\/posts\/482692","targetHints":{"allow":["GET"]}}],"collection":[{"href":"https:\/\/www.europesays.com\/fr\/wp-json\/wp\/v2\/posts"}],"about":[{"href":"https:\/\/www.europesays.com\/fr\/wp-json\/wp\/v2\/types\/post"}],"author":[{"embeddable":true,"href":"https:\/\/www.europesays.com\/fr\/wp-json\/wp\/v2\/users\/2"}],"replies":[{"embeddable":true,"href":"https:\/\/www.europesays.com\/fr\/wp-json\/wp\/v2\/comments?post=482692"}],"version-history":[{"count":0,"href":"https:\/\/www.europesays.com\/fr\/wp-json\/wp\/v2\/posts\/482692\/revisions"}],"wp:featuredmedia":[{"embeddable":true,"href":"https:\/\/www.europesays.com\/fr\/wp-json\/wp\/v2\/media\/455953"}],"wp:attachment":[{"href":"https:\/\/www.europesays.com\/fr\/wp-json\/wp\/v2\/media?parent=482692"}],"wp:term":[{"taxonomy":"category","embeddable":true,"href":"https:\/\/www.europesays.com\/fr\/wp-json\/wp\/v2\/categories?post=482692"},{"taxonomy":"post_tag","embeddable":true,"href":"https:\/\/www.europesays.com\/fr\/wp-json\/wp\/v2\/tags?post=482692"}],"curies":[{"name":"wp","href":"https:\/\/api.w.org\/{rel}","templated":true}]}}