{"id":482699,"date":"2025-10-22T19:26:12","date_gmt":"2025-10-22T19:26:12","guid":{"rendered":"https:\/\/www.europesays.com\/fr\/482699\/"},"modified":"2025-10-22T19:26:12","modified_gmt":"2025-10-22T19:26:12","slug":"lyon-un-homme-blesse-a-coups-de-machette-la-police-arrete-lauteur-en-flagrant-delit","status":"publish","type":"post","link":"https:\/\/www.europesays.com\/fr\/482699\/","title":{"rendered":"Lyon. Un homme bless\u00e9 \u00e0 coups de machette, la police arr\u00eate l\u2019auteur en flagrant d\u00e9lit"},"content":{"rendered":"<p>Mardi 21\u00a0octobre dans le 7e arrondissement de Lyon, la police a d\u00fb utiliser un pistolet \u00e0 impulsion \u00e9lectrique pour interpeller un individu arm\u00e9 d\u2019une machette, qui venait d\u2019en porter des coups \u00e0 un homme, dont les jours ne sont pas en danger.<\/p>\n<p>Les faits se sont produits place Raspail, dans le quartier de la Guilloti\u00e8re, o\u00f9 une violente altercation a \u00e9clat\u00e9 entre deux individus. Comme le rapporte <a href=\"https:\/\/actu.fr\/auvergne-rhone-alpes\/lyon_69123\/lyon-un-homme-violemment-agresse-a-coups-de-machette-dans-la-rue-ce-qu-il-s-est-passe_63334332.html\" target=\"_blank\" rel=\"noopener\">Actu Lyon,<\/a> l\u2019un d\u2019eux \u00e9tait arm\u00e9 d\u2019une machette dont il a port\u00e9 des coups \u00e0 son adversaire, le blessant sans grande gravit\u00e9 aux bras et \u00e0 la jambe.<\/p>\n<p>Rapidement sur place, une patrouille de la BST a somm\u00e9 l\u2019individu arm\u00e9 de poser son arme et a d\u00fb faire usage d\u2019un pistolet \u00e0 impulsion \u00e9lectrique pour l\u2019interpeller. Ce SDF alg\u00e9rien \u00e2g\u00e9 de 23 ans n\u2019a pas oppos\u00e9 de r\u00e9sistance et a \u00e9t\u00e9 plac\u00e9 en garde \u00e0 vue. Au moment de son arrestation, il \u00e9tait en possession de vingt cartouches de cigarettes de contrebande, qui ont \u00e9t\u00e9 saisies.<\/p>\n<p>Le bless\u00e9, \u00e9galement nationalit\u00e9 alg\u00e9rienne, et en situation irr\u00e9guli\u00e8re, a \u00e9t\u00e9 pris en charge par les pompiers et une enqu\u00eate est en cours pour d\u00e9terminer l\u2019origine de l\u2019altercation, qui semble li\u00e9e \u00e0 un <a href=\"https:\/\/www.leprogres.fr\/faits-divers-justice\/2025\/10\/10\/trafic-de-cigarettes-de-contrefacon-un-poids-lourd-intercepte-avec-7-000-cartouches\" target=\"_blank\" rel=\"noopener\"> trafic de cigarettes<\/a>.<\/p>\n<p>La pr\u00e9f\u00e8te du Rh\u00f4ne a salu\u00e9 \u00ab\u00a0l\u2019intervention avec sang-froid de la police nationale\u00a0\u00bb.<\/p>\n","protected":false},"excerpt":{"rendered":"Mardi 21\u00a0octobre dans le 7e arrondissement de Lyon, la police a d\u00fb utiliser un pistolet \u00e0 impulsion \u00e9lectrique&hellip;\n","protected":false},"author":2,"featured_media":482700,"comment_status":"","ping_status":"","sticky":false,"template":"","format":"standard","meta":{"footnotes":""},"categories":[1889],"tags":[1111,11,2430,271,272,2757,1777,674,274,107,1011,27,2428,5947,5946,12,25,2429],"class_list":{"0":"post-482699","1":"post","2":"type-post","3":"status-publish","4":"format-standard","5":"has-post-thumbnail","7":"category-lyon","8":"tag-actu","9":"tag-actualites","10":"tag-auvergne-rhone-alpes","11":"tag-crime","12":"tag-delit-et-contravention","13":"tag-edition-lyon-villeurbanne","14":"tag-eu","15":"tag-europe","16":"tag-faits-divers-justice","17":"tag-fil-info","18":"tag-fr","19":"tag-france","20":"tag-lyon","21":"tag-lyon-7e","22":"tag-lyon-7e-arrondissement","23":"tag-news","24":"tag-republique-francaise","25":"tag-rhone"},"share_on_mastodon":{"url":"https:\/\/pubeurope.com\/@fr\/115419465862170170","error":""},"_links":{"self":[{"href":"https:\/\/www.europesays.com\/fr\/wp-json\/wp\/v2\/posts\/482699","targetHints":{"allow":["GET"]}}],"collection":[{"href":"https:\/\/www.europesays.com\/fr\/wp-json\/wp\/v2\/posts"}],"about":[{"href":"https:\/\/www.europesays.com\/fr\/wp-json\/wp\/v2\/types\/post"}],"author":[{"embeddable":true,"href":"https:\/\/www.europesays.com\/fr\/wp-json\/wp\/v2\/users\/2"}],"replies":[{"embeddable":true,"href":"https:\/\/www.europesays.com\/fr\/wp-json\/wp\/v2\/comments?post=482699"}],"version-history":[{"count":0,"href":"https:\/\/www.europesays.com\/fr\/wp-json\/wp\/v2\/posts\/482699\/revisions"}],"wp:featuredmedia":[{"embeddable":true,"href":"https:\/\/www.europesays.com\/fr\/wp-json\/wp\/v2\/media\/482700"}],"wp:attachment":[{"href":"https:\/\/www.europesays.com\/fr\/wp-json\/wp\/v2\/media?parent=482699"}],"wp:term":[{"taxonomy":"category","embeddable":true,"href":"https:\/\/www.europesays.com\/fr\/wp-json\/wp\/v2\/categories?post=482699"},{"taxonomy":"post_tag","embeddable":true,"href":"https:\/\/www.europesays.com\/fr\/wp-json\/wp\/v2\/tags?post=482699"}],"curies":[{"name":"wp","href":"https:\/\/api.w.org\/{rel}","templated":true}]}}