{"id":482709,"date":"2025-10-22T19:33:12","date_gmt":"2025-10-22T19:33:12","guid":{"rendered":"https:\/\/www.europesays.com\/fr\/482709\/"},"modified":"2025-10-22T19:33:12","modified_gmt":"2025-10-22T19:33:12","slug":"avoirs-russes-geles-defense-climat-quels-sujets-vont-dominer-le-sommet-du-conseil-europeen","status":"publish","type":"post","link":"https:\/\/www.europesays.com\/fr\/482709\/","title":{"rendered":"Avoirs russes gel\u00e9s, d\u00e9fense, climat : quels sujets vont dominer le sommet du Conseil europ\u00e9en\u00a0?"},"content":{"rendered":"<p>Les 27 dirigeants de l&rsquo;Union europ\u00e9enne se pr\u00e9parent \u00e0 un sommet sous haute tension \u00e0 Bruxelles, avec un ordre du jour charg\u00e9 consacr\u00e9 \u00e0 l&rsquo;Ukraine, aux objectifs climatiques et \u00e0 la Chine, autant de sujets qui pourraient donner lieu \u00e0 des n\u00e9gociations houleuses et \u00e0 des compromis d\u00e9licats.<\/p>\n<p>La r\u00e9union de jeudi, qui durera toute la journ\u00e9e, abordera \u00e9galement les questions de la pr\u00e9paration \u00e0 la d\u00e9fense, de la comp\u00e9titivit\u00e9, du Moyen-Orient, de l&rsquo;immigration irr\u00e9guli\u00e8re et, pour la premi\u00e8re fois, de la crise du logement.<\/p>\n<p>Le pr\u00e9sident ukrainien Volodymyr Zelensky assistera en personne \u00e0 cette r\u00e9union afin de solliciter un soutien politique pour sa strat\u00e9gie et une nouvelle aide pour ses forces arm\u00e9es, dont les ressources sont s\u00e9rieusement compromises depuis que le pr\u00e9sident am\u00e9ricain Donald Trump a suspendu tout financement.<\/p>\n<p>La diplomatie de Trump p\u00e8sera lourdement sur les n\u00e9gociations apr\u00e8s le <a href=\"https:\/\/fr.euronews.com\/2025\/10\/22\/sommet-de-budapest-annule-trump-ne-veut-pas-dune-rencontre-avec-poutine-pour-rien\" target=\"_blank\" rel=\"noopener\"><strong>report sine die<\/strong><\/a> de son t\u00eate-\u00e0-t\u00eate pr\u00e9vu avec le pr\u00e9sident russe Vladimir Poutine \u00e0 Budapest, ce qui a incit\u00e9 les Europ\u00e9ens \u00e0 serrer les rangs derri\u00e8re Kyiv et \u00e0 r\u00e9affirmer leur position.<\/p>\n<p>Mardi, un groupe de dirigeants europ\u00e9ens a appel\u00e9 \u00e0 un cessez-le-feu sur les lignes de front \u00ab\u00a0actuelles\u00a0\u00bb, une proposition que Trump a d\u00e9clar\u00e9 soutenir, mais que Poutine rejette cat\u00e9goriquement.<\/p>\n<p>\u00ab\u00a0Nous restons attach\u00e9s au principe selon lequel les fronti\u00e8res internationales ne doivent pas \u00eatre modifi\u00e9es par la force\u00a0\u00bb, ont-ils d\u00e9clar\u00e9 dans un communiqu\u00e9.<\/p>\n<p>Comme le veut d\u00e9sormais la tradition, les conclusions communes sur l&rsquo;Ukraine ne seront approuv\u00e9es que par 26 \u00c9tats membres en raison des d\u00e9saccords tr\u00e8s m\u00e9diatis\u00e9s de la Hongrie. Cependant, la Hongrie ne devrait pas jouer un r\u00f4le de premier plan jeudi, le Premier ministre Viktor Orb\u00e1n devant arriver en fin d&rsquo;apr\u00e8s-midi en raison d&rsquo;un jour f\u00e9ri\u00e9 national.<\/p>\n<p>L&rsquo;attention se portera plut\u00f4t sur la Belgique.<\/p>\n<p>Les chefs d&rsquo;\u00c9tat et de gouvernement tenteront d&rsquo;apaiser les <a href=\"https:\/\/fr.euronews.com\/my-europe\/2025\/10\/02\/peut-on-manger-le-poulet-le-premier-ministre-belge-exige-des-reponses-sur-les-avoirs-russe\" target=\"_blank\" rel=\"noopener\"><strong>inqui\u00e9tudes de la Belgique<\/strong><\/a> concernant un plan audacieux visant \u00e0 utiliser les actifs immobilis\u00e9s de la Russie et \u00e0 accorder un pr\u00eat sans int\u00e9r\u00eat de 140 milliards d&rsquo;euros \u00e0 l&rsquo;Ukraine afin de combler son d\u00e9ficit budg\u00e9taire et de lui apporter un soutien militaire fiable.<\/p>\n<p>La Belgique est particuli\u00e8rement concern\u00e9e par ce projet in\u00e9dit, car la majeure partie des actifs russes est d\u00e9tenue par Euroclear, un d\u00e9positaire central de titres bas\u00e9 \u00e0 Bruxelles.<\/p>\n<p>Le Premier ministre du pays, Bart De Wever, a demand\u00e9 \u00ab\u00a0le maximum\u00a0\u00bb de s\u00e9curit\u00e9 juridique, de solidarit\u00e9 et de responsabilit\u00e9 afin de garantir que les risques potentiels, tels que les repr\u00e9sailles de Moscou, soient correctement partag\u00e9s par tous les \u00c9tats membres. De Wever a \u00e9galement demand\u00e9 de la \u00ab\u00a0transparence\u00a0\u00bb pour localiser les avoirs souverains russes d\u00e9tenus dans d&rsquo;autres juridictions.<\/p>\n<p>\u00ab\u00a0Je ne pense pas que cette position soit d\u00e9raisonnable\u00a0\u00bb, a-t-il d\u00e9clar\u00e9 au d\u00e9but du mois.<\/p>\n<p>Les diplomates et les responsables reconnaissent que la Belgique a des int\u00e9r\u00eats l\u00e9gitimes et esp\u00e8rent que De Wever acceptera finalement de charger la Commission europ\u00e9enne d&rsquo;\u00e9laborer une proposition juridique afin que Kyiv puisse commencer \u00e0 recevoir les fonds dans le courant de l&rsquo;ann\u00e9e prochaine.<\/p>\n<p>La conversation portera sur les moyens de garantir que les achats militaires de l&rsquo;Ukraine dans le cadre du pr\u00eat profitent \u00e0 l&rsquo;industrie europ\u00e9enne, un objectif cl\u00e9 pour la France. D&rsquo;autres, en revanche, pr\u00e9f\u00e8rent donner la priorit\u00e9 \u00e0 l&rsquo;urgence de la production et des approvisionnements, quel que soit le pays d&rsquo;origine.<\/p>\n<p>\u00ab\u00a0L&rsquo;objectif de ce pr\u00eat est de permettre \u00e0 l&rsquo;Ukraine de poursuivre le combat\u00a0\u00bb, a d\u00e9clar\u00e9 un haut diplomate. \u00ab\u00a0S&rsquo;ils peuvent d\u00e9penser le pr\u00eat en Europe, c&rsquo;est encore mieux\u00a0\u00bb.<\/p>\n<p>Lutte contre le changement climatique<\/p>\n<p>Parall\u00e8lement \u00e0 Bart De Wever, les dirigeants garderont un \u0153il sur Robert Fico, le premier ministre slovaque, qui a oppos\u00e9 son veto au nouveau train de sanctions contre la Russie.<\/p>\n<p>Fico n&rsquo;a aucune objection \u00e0 l&rsquo;\u00e9gard du paquet lui-m\u00eame, qui cible le gaz naturel liqu\u00e9fi\u00e9 (GNL) russe, les infrastructures p\u00e9troli\u00e8res, la \u00ab\u00a0flotte fant\u00f4me\u00a0\u00bb et les plateformes de cryptomonnaie, ainsi que <a href=\"https:\/\/fr.euronews.com\/my-europe\/2025\/10\/07\/lue-envisage-un-nouveau-plan-pour-limiter-les-deplacements-des-diplomates-russes\" target=\"_blank\" rel=\"noopener\"><strong>les d\u00e9placements des diplomates russes dans l&rsquo;Union<\/strong><\/a>, mais il a soulev\u00e9 une s\u00e9rie de questions sans rapport avec le sujet, portant sur les prix de l&rsquo;\u00e9nergie, le secteur automobile et la comp\u00e9titivit\u00e9.<\/p>\n<p>Dans la perspective du sommet de jeudi, les ambassadeurs ont pass\u00e9 des heures \u00e0 peaufiner les conclusions afin d&rsquo;\u00e9toffer le texte sur ces questions pr\u00e9cises.<\/p>\n<p>La pr\u00e9sidente de la Commission, Ursula von der Leyen, a r\u00e9dig\u00e9 une lettre \u00e0 l&rsquo;intention des 27 leaders, dans laquelle elle s&rsquo;engage \u00e0 plusieurs \u00e9gards \u00e0 r\u00e9duire les prix de l&rsquo;\u00e9nergie pour les m\u00e9nages et \u00e0 acc\u00e9l\u00e9rer la r\u00e9vision d&rsquo;une loi qui interdira effectivement la vente de voitures neuves voitures neuves \u00e0 moteur thermique d&rsquo;ici 2035.<\/p>\n<p>Ces ouvertures semblent avoir port\u00e9 leurs fruits : mercredi, Fico a fait part de son intention de lever son veto et d&rsquo;accepter les sanctions. Le paquet \u00ab\u00a0ne nous concerne pas directement, mais c&rsquo;est un bon outil de n\u00e9gociation\u00a0\u00bb, a-t-il d\u00e9clar\u00e9, semblant revendiquer une victoire.<\/p>\n<p>Les pressions exerc\u00e9es sur Fico s&rsquo;inscrivent dans un d\u00e9bat plus large sur la politique climatique, qui est de plus en plus contest\u00e9e par des dirigeants conservateurs tels que l&rsquo;Allemand Friedrich Merz, l&rsquo;Italienne Giorgia Meloni et le Polonais Donald Tusk, pourtant lib\u00e9ral-conservateur.<\/p>\n<p>M\u00eame des lib\u00e9raux, comme Emmanuel Macron, ont soulev\u00e9 des questions. Macron avait demand\u00e9 aux dirigeants de d\u00e9battre en face \u00e0 face de la n\u00e9cessit\u00e9 de fixer un objectif de r\u00e9duction des \u00e9missions pour 2040 afin de parvenir \u00e0 la neutralit\u00e9 climatique d&rsquo;ici le milieu du si\u00e8cle.<\/p>\n<p>La Commission a d\u00e9j\u00e0 propos\u00e9 un objectif de 90 % d&rsquo;ici 2040, mais avec certaines flexibilit\u00e9s pour les gouvernements et l&rsquo;industrie. Le texte aura du mal \u00e0 \u00eatre approuv\u00e9, car la r\u00e9action politique contre les r\u00e9glementations environnementales s&rsquo;intensifie.<\/p>\n<p>Un autre point de friction concerne le nouveau syst\u00e8me d&rsquo;\u00e9change de quotas d&rsquo;\u00e9mission (SEQE) qui fixera un prix pour les \u00e9missions de CO2 des b\u00e2timents et des transports routiers. Certains pays souhaitent que ce syst\u00e8me, qui doit entrer en vigueur en 2027, soit enti\u00e8rement revu, voire purement et simplement supprim\u00e9.<\/p>\n<p>Les griefs s&rsquo;accumulant, les discussions de jeudi risquent de virer \u00e0 l&rsquo;affrontement houleux autour du Pacte vert, principal h\u00e9ritage du premier mandat de Ursula von der Leyen.<\/p>\n<p>\u00ab\u00a0Si notre objectif est de mettre en place une \u00e9conomie robuste, r\u00e9siliente, durable et innovante, s&rsquo;accrocher dogmatiquement \u00e0 nos mod\u00e8les \u00e9conomiques existants, quels que soient leurs succ\u00e8s pass\u00e9s, n&rsquo;est pas la solution\u00a0\u00bb, a \u00e9crit la cheffe de l&rsquo;ex\u00e9cutif de l&rsquo;UE dans sa lettre.<\/p>\n<p>Bien que cela ne figure pas officiellement \u00e0 l&rsquo;ordre du jour, la Chine sera in\u00e9vitablement pr\u00e9sente \u00e0 la table des n\u00e9gociations.<\/p>\n<p>La d\u00e9cision de P\u00e9kin de r\u00e9imposer et d&rsquo;\u00e9tendre des restrictions drastiques sur les terres rares, essentielles pour les secteurs de la d\u00e9fense et de la technologie, a <a href=\"https:\/\/fr.euronews.com\/my-europe\/2025\/10\/22\/les-pays-de-lue-cherchent-une-reponse-a-la-pression-exercee-par-la-chine-sur-les-terres-ra\" target=\"_blank\" rel=\"noopener\"><strong>inqui\u00e9t\u00e9 les Europ\u00e9ens<\/strong><\/a> et incit\u00e9 l&rsquo;Allemagne, la France et la Pologne \u00e0 r\u00e9clamer une position plus ferme.<\/p>\n<p>Les \u00c9tats membres restent toutefois profond\u00e9ment divis\u00e9s sur la mani\u00e8re d&rsquo;aborder P\u00e9kin et craignent que toute escalade avec le g\u00e9ant asiatique ne frappe durement l&rsquo;\u00e9conomie europ\u00e9enne, encore sous le choc des douloureuses r\u00e9percussions des droits de douane impos\u00e9s par Trump.<\/p>\n<p>Cela signifie que la perspective de d\u00e9clencher l&rsquo;\u00ab instrument anti-coercition \u00bb, l&rsquo;outil commercial le plus puissant de l&rsquo;Union, reste une id\u00e9e lointaine, du moins pour l&rsquo;instant.<\/p>\n","protected":false},"excerpt":{"rendered":"Les 27 dirigeants de l&rsquo;Union europ\u00e9enne se pr\u00e9parent \u00e0 un sommet sous haute tension \u00e0 Bruxelles, avec un&hellip;\n","protected":false},"author":2,"featured_media":482710,"comment_status":"","ping_status":"","sticky":false,"template":"","format":"standard","meta":{"footnotes":""},"categories":[1591],"tags":[11,1129,1073,1887,12,1885,1886,132,60598,220,364,2544],"class_list":{"0":"post-482709","1":"post","2":"type-post","3":"status-publish","4":"format-standard","5":"has-post-thumbnail","7":"category-russie","8":"tag-actualites","9":"tag-climat","10":"tag-emmanuel-macron","11":"tag-federation-de-russie","12":"tag-news","13":"tag-russia","14":"tag-russian-federation","15":"tag-russie","16":"tag-sommet-de-leu","17":"tag-ukraine","18":"tag-union-europeenne","19":"tag-ursula-von-der-leyen"},"share_on_mastodon":{"url":"https:\/\/pubeurope.com\/@fr\/115419493658673513","error":""},"_links":{"self":[{"href":"https:\/\/www.europesays.com\/fr\/wp-json\/wp\/v2\/posts\/482709","targetHints":{"allow":["GET"]}}],"collection":[{"href":"https:\/\/www.europesays.com\/fr\/wp-json\/wp\/v2\/posts"}],"about":[{"href":"https:\/\/www.europesays.com\/fr\/wp-json\/wp\/v2\/types\/post"}],"author":[{"embeddable":true,"href":"https:\/\/www.europesays.com\/fr\/wp-json\/wp\/v2\/users\/2"}],"replies":[{"embeddable":true,"href":"https:\/\/www.europesays.com\/fr\/wp-json\/wp\/v2\/comments?post=482709"}],"version-history":[{"count":0,"href":"https:\/\/www.europesays.com\/fr\/wp-json\/wp\/v2\/posts\/482709\/revisions"}],"wp:featuredmedia":[{"embeddable":true,"href":"https:\/\/www.europesays.com\/fr\/wp-json\/wp\/v2\/media\/482710"}],"wp:attachment":[{"href":"https:\/\/www.europesays.com\/fr\/wp-json\/wp\/v2\/media?parent=482709"}],"wp:term":[{"taxonomy":"category","embeddable":true,"href":"https:\/\/www.europesays.com\/fr\/wp-json\/wp\/v2\/categories?post=482709"},{"taxonomy":"post_tag","embeddable":true,"href":"https:\/\/www.europesays.com\/fr\/wp-json\/wp\/v2\/tags?post=482709"}],"curies":[{"name":"wp","href":"https:\/\/api.w.org\/{rel}","templated":true}]}}