{"id":482711,"date":"2025-10-22T19:34:12","date_gmt":"2025-10-22T19:34:12","guid":{"rendered":"https:\/\/www.europesays.com\/fr\/482711\/"},"modified":"2025-10-22T19:34:12","modified_gmt":"2025-10-22T19:34:12","slug":"la-france-se-prepare-a-un-choc-avec-la-russie-poutine-teste-ses-forces-nucleaires","status":"publish","type":"post","link":"https:\/\/www.europesays.com\/fr\/482711\/","title":{"rendered":"La France se pr\u00e9pare \u00e0 un \u00ab\u00a0choc\u00a0\u00bb avec la Russie, Poutine teste ses forces nucl\u00e9aires"},"content":{"rendered":"<p>Vous avez rat\u00e9 les derniers \u00e9v\u00e9nements sur la <a href=\"https:\/\/www.20minutes.fr\/monde\/ukraine\/\" class=\"c-link c-link--is-underlined\" target=\"_blank\" rel=\"noopener\">guerre en Ukraine<\/a>\u00a0? 20 Minutes fait le point pour vous tous les soirs. Voici l\u2019essentiel de ce mercredi 22\u00a0octobre, 1.337e jour du conflit.<\/p>\n<p>Le fait du jour<\/p>\n<p>Un peu flippant quand m\u00eame. L\u2019arm\u00e9e fran\u00e7aise doit \u00eatre \u00ab\u00a0pr\u00eate \u00e0 un choc dans trois, quatre ans\u00a0\u00bb face \u00e0 la <a href=\"https:\/\/www.20minutes.fr\/monde\/russie\/\" class=\"c-link c-link--is-underlined\" target=\"_blank\" rel=\"noopener\">Russie<\/a>, qui \u00ab\u00a0peut \u00eatre tent\u00e9e de poursuivre la guerre sur notre continent\u00a0\u00bb, a affirm\u00e9 ce mercredi le chef d\u2019\u00e9tat-major des <a href=\"https:\/\/www.20minutes.fr\/monde\/armee\/\" class=\"c-link c-link--is-underlined\" target=\"_blank\" rel=\"noopener\">Arm\u00e9es<\/a>, le plus haut grad\u00e9 fran\u00e7ais, devant les d\u00e9put\u00e9s de la commission de la d\u00e9fense.<\/p>\n<p>Alors, certes, pour le g\u00e9n\u00e9ral Fabien Mandon, il s\u2019agissait surtout de convaincre ses interlocuteurs de l\u2019\u00e9norme effort budg\u00e9taire \u00e0 conc\u00e9der pour r\u00e9armer le pays. Il n\u2019emp\u00eache, son analyse rejoint celle des services secrets allemands qui ont mis en garde la semaine pass\u00e9e contre la Russie, pr\u00eate selon eux \u00e0 \u00ab\u00a0entrer en conflit militaire direct avec l\u2019<a href=\"https:\/\/www.20minutes.fr\/monde\/otan\/\" class=\"c-link c-link--is-underlined\" target=\"_blank\" rel=\"noopener\">Otan<\/a>\u00a0\u00bb. Une menace qui pourrait se concr\u00e9tiser avant\u00a02029. Moscou a la \u00ab\u00a0perception d\u2019une Europe collectivement faible\u00a0\u00bb, a insist\u00e9 le g\u00e9n\u00e9ral Mandon, qui observe une \u00ab\u00a0d\u00e9sinhibition du recours \u00e0 la force\u00a0\u00bb c\u00f4t\u00e9 russe.<\/p>\n<\/p>\n<p>La phrase du jour<\/p>\n<blockquote class=\"mx-m@xs mx-xxl@md color-ultramarine c-citation\">\n<p class=\"font-weight-regular@xs text-italic font-source-serif-pro text-l@xs c-citation__content\">\u00ab\u00a0Non, non, je ne veux pas d\u2019une rencontre pour rien. Je ne veux pas de perte de temps, donc on verra ce qu\u2019il va se passer.\u00a0\u00bb<\/p>\n<\/blockquote>\n<p>C\u2019est par cette phrase que <a href=\"https:\/\/www.20minutes.fr\/dossier\/donald_trump\" class=\"c-link c-link--is-underlined\" target=\"_blank\" rel=\"noopener\">Donald Trump<\/a> a report\u00e9 sine die le fameux sommet de Budapest, en Hongrie, avec son homologue russe <a href=\"https:\/\/www.20minutes.fr\/monde\/vladimir_poutine\/\" class=\"c-link c-link--is-underlined\" target=\"_blank\" rel=\"noopener\">Vladimir Poutine<\/a>. Le locataire de la Maison-Blanche avait lui-m\u00eame annonc\u00e9 pour la fin du mois d\u2019octobre ce rendez-vous destin\u00e9 \u00e0 avancer sur la r\u00e9solution du conflit.<\/p>\n<p>Le chiffre du jour<\/p>\n<p>6 morts. Le bilan, toujours provisoire, de la vague de frappes russes qui s\u2019est abattue dans la nuit sur l\u2019Ukraine, provoquant des coupures de courant dans une grande partie du pays. Une jeune m\u00e8re et ses deux fils figurent parmi les victimes de cette attaque qui a \u00e9galement fait 22 bless\u00e9s. \u00ab\u00a0Une nouvelle nuit qui prouve que la Russie ne ressent pas suffisamment de pression pour mettre fin \u00e0 la guerre\u00a0\u00bb, a d\u00e9nonc\u00e9 <a href=\"https:\/\/www.20minutes.fr\/monde\/volodymyr-zelensky\/\" class=\"c-link c-link--is-underlined\" target=\"_blank\" rel=\"noopener\">Volodymyr Zelensky<\/a>, appelant les Europ\u00e9ens et Washington \u00e0 prendre \u00ab\u00a0des sanctions s\u00e9v\u00e8res\u00a0\u00bb.<\/p>\n<p>La tendance<\/p>\n<p>Il montre les muscles. Vladimir Poutine s\u2019est laiss\u00e9 photographier ce mercredi, seul autour d\u2019une immense table ronde, en train de superviser \u00e0 distance des exercices des forces nucl\u00e9aires strat\u00e9giques russes.<\/p>\n<p><a href=\"https:\/\/www.20minutes.fr\/monde\/ukraine\/\" target=\"_blank\" class=\"c-link c-btn c-btn--primary\" rel=\"noopener\">Notre dossier sur la guerre en Ukraine<\/a><\/p>\n<p>Ce d\u00e9ploiement a vu notamment un tir d\u2019essai du missile balistique intercontinental Iars depuis le cosmodrome de Plessetsk, pr\u00e8s du cercle polaire arctique, \u00e0 destination d\u2019un terrain d\u2019entra\u00eenement au Kamtchatka, en Extr\u00eame-Orient russe. Un missile balistique Sineva, d\u2019une port\u00e9e pouvant atteindre jusqu\u2019\u00e0 11.500\u00a0km, a \u00e9galement \u00e9t\u00e9 lanc\u00e9 depuis un sous-marin en mer de Barents. Et des missiles de croisi\u00e8re ont \u00e9t\u00e9 tir\u00e9s par des bombardiers russes Tu-95MS. \u00ab\u00a0Tous les objectifs des exercices ont \u00e9t\u00e9 atteints\u00a0\u00bb, a tenu \u00e0 pr\u00e9ciser le Kremlin.<\/p>\n","protected":false},"excerpt":{"rendered":"Vous avez rat\u00e9 les derniers \u00e9v\u00e9nements sur la guerre en Ukraine\u00a0? 20 Minutes fait le point pour vous&hellip;\n","protected":false},"author":2,"featured_media":482712,"comment_status":"","ping_status":"","sticky":false,"template":"","format":"standard","meta":{"footnotes":""},"categories":[1590],"tags":[11,1813,10735,75,73,1777,674,131,74,12,132,220,135,134],"class_list":{"0":"post-482711","1":"post","2":"type-post","3":"status-publish","4":"format-standard","5":"has-post-thumbnail","7":"category-ukraine","8":"tag-actualites","9":"tag-armee","10":"tag-bombe-nucleaire","11":"tag-donald-trump","12":"tag-etats-unis","13":"tag-eu","14":"tag-europe","15":"tag-guerre-en-ukraine","16":"tag-monde","17":"tag-news","18":"tag-russie","19":"tag-ukraine","20":"tag-vladimir-poutine","21":"tag-volodymyr-zelensky"},"share_on_mastodon":{"url":"https:\/\/pubeurope.com\/@fr\/115419497744692047","error":""},"_links":{"self":[{"href":"https:\/\/www.europesays.com\/fr\/wp-json\/wp\/v2\/posts\/482711","targetHints":{"allow":["GET"]}}],"collection":[{"href":"https:\/\/www.europesays.com\/fr\/wp-json\/wp\/v2\/posts"}],"about":[{"href":"https:\/\/www.europesays.com\/fr\/wp-json\/wp\/v2\/types\/post"}],"author":[{"embeddable":true,"href":"https:\/\/www.europesays.com\/fr\/wp-json\/wp\/v2\/users\/2"}],"replies":[{"embeddable":true,"href":"https:\/\/www.europesays.com\/fr\/wp-json\/wp\/v2\/comments?post=482711"}],"version-history":[{"count":0,"href":"https:\/\/www.europesays.com\/fr\/wp-json\/wp\/v2\/posts\/482711\/revisions"}],"wp:featuredmedia":[{"embeddable":true,"href":"https:\/\/www.europesays.com\/fr\/wp-json\/wp\/v2\/media\/482712"}],"wp:attachment":[{"href":"https:\/\/www.europesays.com\/fr\/wp-json\/wp\/v2\/media?parent=482711"}],"wp:term":[{"taxonomy":"category","embeddable":true,"href":"https:\/\/www.europesays.com\/fr\/wp-json\/wp\/v2\/categories?post=482711"},{"taxonomy":"post_tag","embeddable":true,"href":"https:\/\/www.europesays.com\/fr\/wp-json\/wp\/v2\/tags?post=482711"}],"curies":[{"name":"wp","href":"https:\/\/api.w.org\/{rel}","templated":true}]}}