{"id":482720,"date":"2025-10-22T19:39:13","date_gmt":"2025-10-22T19:39:13","guid":{"rendered":"https:\/\/www.europesays.com\/fr\/482720\/"},"modified":"2025-10-22T19:39:13","modified_gmt":"2025-10-22T19:39:13","slug":"lespagne-et-lunion-europeenne-entre-integration-dynamique-tensions-strategiques-et-affirmation-internationale","status":"publish","type":"post","link":"https:\/\/www.europesays.com\/fr\/482720\/","title":{"rendered":"L\u2019Espagne et l\u2019Union europ\u00e9enne : entre int\u00e9gration dynamique, tensions strat\u00e9giques et affirmation internationale"},"content":{"rendered":"<p>\tL\u2019Espagne et l\u2019Union europ\u00e9enne : entre int\u00e9gration dynamique, tensions strat\u00e9giques et affirmation internationale &#8211; Touteleurope.eu<\/p>\n<p>\t\t<img decoding=\"async\" alt=\"fermer\" class=\"close-info\" src=\"https:\/\/www.touteleurope.eu\/wp-content\/themes\/toute_leurope\/assets\/images\/close-picto-blue.svg\"\/><\/p>\n<p>Touteleurope.eu est le site p\u00e9dagogique de r\u00e9f\u00e9rence sur les questions europ\u00e9ennes : <a href=\"https:\/\/www.touteleurope.eu\/qui-sommes-nous\/\" target=\"_blank\" rel=\"noopener\">Qui sommes-nous ?<\/a><\/p>\n<p><img decoding=\"async\" class=\"logo-pdf\" alt=\"Toute L'Europe \u2013 Comprendre l'Europe\" src=\"data:image\/svg+xml,%3Csvg%20xmlns=\" http:=\"\" data-lazy-src=\"https:\/\/www.touteleurope.eu\/wp-content\/themes\/toute_leurope\/assets\/images\/logo-ttl.svg\"\/><\/p>\n","protected":false},"excerpt":{"rendered":"L\u2019Espagne et l\u2019Union europ\u00e9enne : entre int\u00e9gration dynamique, tensions strat\u00e9giques et affirmation internationale &#8211; Touteleurope.eu Touteleurope.eu est le&hellip;\n","protected":false},"author":2,"featured_media":482721,"comment_status":"","ping_status":"","sticky":false,"template":"","format":"standard","meta":{"footnotes":""},"categories":[1586],"tags":[11,309,215,554,47920,312,33,1777,674,1779,1011,27,664,12,136,3518,316,2543,25,656,1778,364],"class_list":{"0":"post-482720","1":"post","2":"type-post","3":"status-publish","4":"format-standard","5":"has-post-thumbnail","7":"category-europe","8":"tag-actualites","9":"tag-chine","10":"tag-commerce","11":"tag-defense","12":"tag-deficit-dette","13":"tag-diplomatie","14":"tag-economie","15":"tag-eu","16":"tag-europe","17":"tag-european-union","18":"tag-fr","19":"tag-france","20":"tag-israel","21":"tag-news","22":"tag-otan","23":"tag-palestine","24":"tag-politique","25":"tag-relations-internationales","26":"tag-republique-francaise","27":"tag-securite","28":"tag-ue","29":"tag-union-europeenne"},"share_on_mastodon":{"url":"https:\/\/pubeurope.com\/@fr\/115419517784785719","error":""},"_links":{"self":[{"href":"https:\/\/www.europesays.com\/fr\/wp-json\/wp\/v2\/posts\/482720","targetHints":{"allow":["GET"]}}],"collection":[{"href":"https:\/\/www.europesays.com\/fr\/wp-json\/wp\/v2\/posts"}],"about":[{"href":"https:\/\/www.europesays.com\/fr\/wp-json\/wp\/v2\/types\/post"}],"author":[{"embeddable":true,"href":"https:\/\/www.europesays.com\/fr\/wp-json\/wp\/v2\/users\/2"}],"replies":[{"embeddable":true,"href":"https:\/\/www.europesays.com\/fr\/wp-json\/wp\/v2\/comments?post=482720"}],"version-history":[{"count":0,"href":"https:\/\/www.europesays.com\/fr\/wp-json\/wp\/v2\/posts\/482720\/revisions"}],"wp:featuredmedia":[{"embeddable":true,"href":"https:\/\/www.europesays.com\/fr\/wp-json\/wp\/v2\/media\/482721"}],"wp:attachment":[{"href":"https:\/\/www.europesays.com\/fr\/wp-json\/wp\/v2\/media?parent=482720"}],"wp:term":[{"taxonomy":"category","embeddable":true,"href":"https:\/\/www.europesays.com\/fr\/wp-json\/wp\/v2\/categories?post=482720"},{"taxonomy":"post_tag","embeddable":true,"href":"https:\/\/www.europesays.com\/fr\/wp-json\/wp\/v2\/tags?post=482720"}],"curies":[{"name":"wp","href":"https:\/\/api.w.org\/{rel}","templated":true}]}}