{"id":482726,"date":"2025-10-22T19:42:12","date_gmt":"2025-10-22T19:42:12","guid":{"rendered":"https:\/\/www.europesays.com\/fr\/482726\/"},"modified":"2025-10-22T19:42:12","modified_gmt":"2025-10-22T19:42:12","slug":"la-france-porte-la-voix-des-femmes-sur-la-scene-internationale","status":"publish","type":"post","link":"https:\/\/www.europesays.com\/fr\/482726\/","title":{"rendered":"La France porte la voix des femmes sur la sc\u00e8ne internationale"},"content":{"rendered":"<p>AA \/ Istanbul \/ Serap Dogansoy<\/p>\n<p>La 4\u1d49 conf\u00e9rence sur la diplomatie f\u00e9ministe s\u2019est ouverte mardi \u00e0 Paris, en pr\u00e9sence du ministre de l\u2019Europe et des Affaires \u00e9trang\u00e8res, Jean-No\u00ebl Barrot. Cette conf\u00e9rence internationale, qui r\u00e9unit ministres, expertes, militantes et organisations de la soci\u00e9t\u00e9 civile, marque un moment important de l\u2019agenda diplomatique fran\u00e7ais. En marge des travaux, le ministre s\u2019est entretenu avec ses homologues espagnole, ouzbek et marocain pour renforcer les coop\u00e9rations bilat\u00e9rales autour de l\u2019\u00e9galit\u00e9 femmes-hommes et de la protection des droits des filles.<\/p>\n<p>Cette \u00e9dition, organis\u00e9e apr\u00e8s celles tenues en Allemagne, aux Pays-Bas et au Mexique, co\u00efncide avec le lancement officiel de la strat\u00e9gie internationale de la France pour une diplomatie f\u00e9ministe 2025-2030. Cette nouvelle feuille de route vise \u00e0 placer l\u2019\u00e9galit\u00e9 de genre au c\u0153ur de toutes les politiques \u00e9trang\u00e8res fran\u00e7aises, qu\u2019il s\u2019agisse de paix et s\u00e9curit\u00e9, de d\u00e9veloppement, de climat, de culture ou encore d\u2019\u00e9conomie num\u00e9rique.<\/p>\n<p>Pr\u00e9sent\u00e9e comme un tournant, cette strat\u00e9gie repose sur cinq priorit\u00e9s : <\/p>\n<p>-D\u00e9fendre les droits et libert\u00e9s des femmes, <\/p>\n<p>-Favoriser leur participation aux d\u00e9cisions politiques, \u00e9conomiques et sociales<\/p>\n<p>-Lutter contre les violences et in\u00e9galit\u00e9s de genre, <\/p>\n<p>-Assurer un \u00e9gal acc\u00e8s aux ressources, et aux financements pour promouvoir l\u2019\u00e9galit\u00e9<\/p>\n<p>-Adopter une m\u00e9thode de travail f\u00e9ministe, fond\u00e9e sur la coh\u00e9rence de l\u2019action, la transparence et la redevabilit\u00e9.<\/p>\n<p>La France entend \u00e9galement renforcer son soutien aux organisations f\u00e9ministes locales et internationales, notamment via le Fonds de soutien aux organisations f\u00e9ministes (FSOF). Elle poursuivra par ailleurs son engagement pour la protection des femmes dans les zones de conflit, en appuyant des initiatives telles que le Women\u2019s Peace and Humanitarian Fund (WPHF) de l\u2019ONU.<\/p>\n<p>En accueillant cette conf\u00e9rence \u00e0 Paris, la France affirme son ambition de f\u00e9d\u00e9rer les \u00c9tats, les institutions et la soci\u00e9t\u00e9 civile autour d\u2019un objectif commun qui est de faire de la diplomatie f\u00e9ministe un moteur de paix, de justice et de d\u00e9veloppement durable.<\/p>\n<p>                            &#13;<br \/>\n                                <a href=\"https:\/\/www.aa.com.tr\/fr\/p\/abonnement\/1001\" target=\"_blank\" style=\"font-size:12px; color:#444; text-decoration:none;\" rel=\"noopener\">&#13;<br \/>\n                                    Seulement une partie des d\u00e9p\u00eaches, que l&rsquo;Agence Anadolu diffuse \u00e0 ses abonn\u00e9s via le Syst\u00e8me de Diffusion interne (HAS), est diffus\u00e9e sur le site de l&rsquo;AA, de mani\u00e8re r\u00e9sum\u00e9e. <b style=\"color:#1897F7\">Contactez-nous s&rsquo;il vous pla\u00eet pour vous abonner.<\/b>&#13;<br \/>\n                                <\/a>&#13;<\/p>\n","protected":false},"excerpt":{"rendered":"AA \/ Istanbul \/ Serap Dogansoy La 4\u1d49 conf\u00e9rence sur la diplomatie f\u00e9ministe s\u2019est ouverte mardi \u00e0 Paris,&hellip;\n","protected":false},"author":2,"featured_media":482727,"comment_status":"","ping_status":"","sticky":false,"template":"","format":"standard","meta":{"footnotes":""},"categories":[4],"tags":[60599,11,1785,1011,27,9279,12,626,25],"class_list":{"0":"post-482726","1":"post","2":"type-post","3":"status-publish","4":"format-standard","5":"has-post-thumbnail","7":"category-france","8":"tag-4-confrence-sur-la-diplomatie-fministe","9":"tag-actualites","10":"tag-anadolu-ajansi","11":"tag-fr","12":"tag-france","13":"tag-jean-nol-barrot","14":"tag-news","15":"tag-paris","16":"tag-republique-francaise"},"share_on_mastodon":{"url":"https:\/\/pubeurope.com\/@fr\/115419529378899147","error":""},"_links":{"self":[{"href":"https:\/\/www.europesays.com\/fr\/wp-json\/wp\/v2\/posts\/482726","targetHints":{"allow":["GET"]}}],"collection":[{"href":"https:\/\/www.europesays.com\/fr\/wp-json\/wp\/v2\/posts"}],"about":[{"href":"https:\/\/www.europesays.com\/fr\/wp-json\/wp\/v2\/types\/post"}],"author":[{"embeddable":true,"href":"https:\/\/www.europesays.com\/fr\/wp-json\/wp\/v2\/users\/2"}],"replies":[{"embeddable":true,"href":"https:\/\/www.europesays.com\/fr\/wp-json\/wp\/v2\/comments?post=482726"}],"version-history":[{"count":0,"href":"https:\/\/www.europesays.com\/fr\/wp-json\/wp\/v2\/posts\/482726\/revisions"}],"wp:featuredmedia":[{"embeddable":true,"href":"https:\/\/www.europesays.com\/fr\/wp-json\/wp\/v2\/media\/482727"}],"wp:attachment":[{"href":"https:\/\/www.europesays.com\/fr\/wp-json\/wp\/v2\/media?parent=482726"}],"wp:term":[{"taxonomy":"category","embeddable":true,"href":"https:\/\/www.europesays.com\/fr\/wp-json\/wp\/v2\/categories?post=482726"},{"taxonomy":"post_tag","embeddable":true,"href":"https:\/\/www.europesays.com\/fr\/wp-json\/wp\/v2\/tags?post=482726"}],"curies":[{"name":"wp","href":"https:\/\/api.w.org\/{rel}","templated":true}]}}