{"id":482732,"date":"2025-10-22T19:48:20","date_gmt":"2025-10-22T19:48:20","guid":{"rendered":"https:\/\/www.europesays.com\/fr\/482732\/"},"modified":"2025-10-22T19:48:20","modified_gmt":"2025-10-22T19:48:20","slug":"fabio-quartararo-se-livre-en-exclusivite","status":"publish","type":"post","link":"https:\/\/www.europesays.com\/fr\/482732\/","title":{"rendered":"Fabio Quartararo se livre en exclusivit\u00e9"},"content":{"rendered":"<p><a href=\"https:\/\/fr.motorsport.com\/driver\/fabio-quartararo\/109400\/\" target=\"_blank\" rel=\"noopener\">Fabio Quartararo<\/a> arrive \u00e0 pied, marchant sur le sable de Smiths Beach, la plage voisine du circuit de Phillip Island. Il vient de passer une semaine \u00e0 Gold Coast, o\u00f9 il a adopt\u00e9 le rythme de vie local\u00a0:\u00a0se lever t\u00f4t, s&rsquo;entra\u00eener sous le soleil, manger et se promener, et se coucher \u00e0 la tomb\u00e9e de la nuit.<\/p>\n<p>Bien qu&rsquo;il se batte depuis plusieurs ann\u00e9es avec une Yamaha dans laquelle il a de plus en plus de mal \u00e0 avoir confiance, le champion du monde 2021 semble d\u00e9tendu lors de cette interview qu&rsquo;il accorde \u00e0 <strong>Motorsport.com<\/strong>, au bord de la mer de Tasmanie. \u00c0 l&rsquo;heure o\u00f9 il est en train de d\u00e9cider de son avenir au-del\u00e0 de son contrat dont l&rsquo;\u00e9ch\u00e9ance est fix\u00e9e pour 2026, cette tranquillit\u00e9 est probablement le signe le plus inqui\u00e9tant pour le constructeur japonais.<\/p>\n<p><strong>Fabio, tu es arriv\u00e9 en MotoGP de mani\u00e8re assez inattendue. Y a-t-il quelque chose qui te manque du Fabio plus anonyme que tu \u00e9tais avant\u00a0?<\/strong><\/p>\n<p>Je ne pense pas. Mon arriv\u00e9e en MotoGP a \u00e9t\u00e9 un peu improvis\u00e9e. Je l&rsquo;ai fait \u00e0 un moment o\u00f9 Petronas cherchait un pilote, et il y en avait beaucoup mais j&rsquo;ai pu faire les deux meilleures courses de ma vie en Moto2, et c&rsquo;est \u00e7a qui m&rsquo;a permis de faire le grand saut.<\/p>\n<p><strong>Ta vie a bascul\u00e9 gr\u00e2ce \u00e0 cette opportunit\u00e9. Penses-tu parfois \u00e0 ce qui se serait pass\u00e9 si \u00e7a n&rsquo;\u00e9tait pas arriv\u00e9\u00a0?<\/strong><\/p>\n<p>C&rsquo;\u00e9tait ma deuxi\u00e8me ann\u00e9e en Moto2, j&rsquo;\u00e9tais de plus en plus rapide. La saison suivante, j&rsquo;aurais pu \u00eatre plus comp\u00e9titif, mais on ne sait jamais. Quand l&rsquo;occasion de courir en MotoGP se pr\u00e9sente, il faut la saisir. L&rsquo;ann\u00e9e suivante, le moteur Triumph est arriv\u00e9, et je ne m&rsquo;y serais peut-\u00eatre pas adapt\u00e9 aussi rapidement.<\/p>\n<p><strong>Ton cercle d&rsquo;amis proches a-t-il beaucoup chang\u00e9\u00a0?\u00a0As-tu gard\u00e9 tes amis d&rsquo;enfance ou de l&rsquo;\u00e9cole\u00a0?<\/strong><\/p>\n<p>Je n&rsquo;ai pas d&rsquo;amis d&rsquo;\u00e9cole, parce que je n&rsquo;y suis pas beaucoup all\u00e9 et qu&rsquo;\u00e0 14 ans, je suis parti vivre \u00e0 Alicante avec celui qui \u00e9tait alors mon agent. \u00c7a m&rsquo;a fait m\u00fbrir plus vite. Mon meilleur ami a cinq ans de plus que moi, et je suis toujours entour\u00e9 de personnes plus \u00e2g\u00e9es. Depuis que je suis en MotoGP, j&rsquo;ai appris \u00e0 restreindre mon cercle de confiance. Quand on commence \u00e0 obtenir de bons r\u00e9sultats, \u00e0 gagner de l&rsquo;argent, etc., on se fait beaucoup de nouveaux amis. Je sais tr\u00e8s bien qui m&rsquo;aime pour ce que je suis, et non pour ce que j&rsquo;ai.<\/p>\n<p>   <img decoding=\"async\" draggable=\"false\" src=\"https:\/\/www.europesays.com\/fr\/wp-content\/uploads\/2025\/10\/timeline-1-01-00-16-14-3.jpg\" alt=\"Fabio Quartararo en interview avec Motorsport.com\" width=\"1200\" height=\"800\" loading=\"lazy\"\/> <\/p>\n<p class=\"title\">Fabio Quartararo en interview avec Motorsport.com<\/p>\n<p><strong>D&rsquo;apr\u00e8s ce que l&rsquo;on voit sur tes r\u00e9seaux sociaux, on a l&rsquo;impression que tu prends beaucoup soin de tes proches. Tu es encore jeune, tu as 26 ans, mais est-ce que fonder une famille fait partie de tes projets d&rsquo;avenir\u00a0?<\/strong><\/p>\n<p>Je suis tr\u00e8s attach\u00e9 \u00e0 ma famille parce que je la vois peu. Et il est clair que je veux fonder une famille, mais je ne le recherche pas non plus. Quand la bonne personne se pr\u00e9sentera, quand je la trouverai, ce sera le moment de franchir le pas. Et ce n&rsquo;est pas une question d&rsquo;\u00e2ge. Si elle se pr\u00e9sente demain, tant mieux ; sinon, j&rsquo;attendrai le bon moment.<\/p>\n<blockquote>\n<p>En 2022, j&rsquo;\u00e9tais sur le point de quitter Yamaha, mais je venais de remporter le titre en 2021 et j&rsquo;\u00e9tais en t\u00eate du championnat, alors je ne l&rsquo;ai pas fait.<\/p>\n<\/blockquote>\n<p><strong>Yamaha t&rsquo;a donn\u00e9 l&rsquo;opportunit\u00e9 de faire tes d\u00e9buts en MotoGP. Dans quelle mesure cela a-t-il pes\u00e9 dans la derni\u00e8re prolongation de ton contrat\u00a0?<\/strong><\/p>\n<p>En 2022, j&rsquo;\u00e9tais sur le point de quitter Yamaha, mais je venais de remporter le titre en 2021 et j&rsquo;\u00e9tais en t\u00eate du championnat, alors je ne l&rsquo;ai pas fait. Ensuite, la prolongation jusqu&rsquo;en 2026 a \u00e9t\u00e9 due au fait que je me fiais \u00e0 ce que j&rsquo;avais vu de l&rsquo;\u00e9volution de la moto, \u00e0 ce que je pensais qu&rsquo;il allait se passer cette ann\u00e9e.<\/p>\n<p>Et \u00e7a ne s&rsquo;est pas pass\u00e9 comme je l&rsquo;avais pr\u00e9vu, on ne s&rsquo;est pas am\u00e9lior\u00e9s. J&rsquo;esp\u00e8re que la moto de 2026 sera meilleure. Plus qu&rsquo;une question de leur devoir quelque chose, il s&rsquo;agissait d&rsquo;\u00e9valuer le pour et le contre. La chance que j&rsquo;ai donn\u00e9e \u00e0 Yamaha pour ces deux ann\u00e9es \u00e9tait clairement la derni\u00e8re. Je dois dire qu&rsquo;il y avait aussi une part d&rsquo;ego de ma part, car je voulais revenir au sommet avec cette moto.<\/p>\n<p><strong>On a d\u00e9j\u00e0 eu cette conversation auparavant et, malheureusement pour les deux parties, la situation n&rsquo;a pas beaucoup chang\u00e9 depuis un an. Que doit faire Yamaha pour que tu ne partes pas\u00a0?<\/strong><\/p>\n<p>Ils doivent trouver une solution.<\/p>\n<blockquote>\n<p>La chance que j&rsquo;ai donn\u00e9e \u00e0 Yamaha pour ces deux ann\u00e9es \u00e9tait clairement la derni\u00e8re.<\/p>\n<\/blockquote>\n<p><strong>Est-ce qu&rsquo;il reste encore du temps pour \u00e7a\u00a0?<\/strong><\/p>\n<p>Il reste peu de temps, tr\u00e8s peu. J&rsquo;esp\u00e8re que Yamaha r\u00e9ussira en quelques mois ce qu&rsquo;ils n&rsquo;ont pas r\u00e9ussi \u00e0 faire en plusieurs ann\u00e9es. Car moi non plus, je n&rsquo;ai plus beaucoup de temps, c&rsquo;est \u00e9vident. Je n&rsquo;ai plus beaucoup de temps pour r\u00e9aliser mes r\u00eaves.<\/p>\n<p><strong>Le march\u00e9 s&rsquo;ouvre de plus en plus t\u00f4t. Est-ce que \u00e7a bouge d\u00e9j\u00e0\u00a0?<\/strong><\/p>\n<p>Plut\u00f4t que de commencer \u00e0 bouger, je r\u00e9fl\u00e9chis int\u00e9rieurement \u00e0 ce que je voudrais, \u00e0 ce que je serais pr\u00eat \u00e0 faire. Mais il est certainement pr\u00e9matur\u00e9 de parler d\u00e9j\u00e0 de cet avenir. Le fait est qu&rsquo;effectivement, le march\u00e9 commence \u00e0 bouger de plus en plus t\u00f4t et il ne faut pas dormir.<\/p>\n<p>   <img decoding=\"async\" draggable=\"false\" src=\"https:\/\/www.europesays.com\/fr\/wp-content\/uploads\/2025\/10\/1761162499_391_fabio-quartararo-yamaha-factor.jpg\" alt=\"Ses performances en qualifications ne suffisent pas \u00e0 satisfaire Fabio Quartararo.\" width=\"1200\" height=\"800\" loading=\"lazy\"\/> <\/p>\n<p class=\"title\">Ses performances en qualifications ne suffisent pas \u00e0 satisfaire Fabio Quartararo.<\/p>\n<p class=\"photographer\">Photo de: Gold and Goose Photography \/ LAT Images \/ via Getty Images<\/p>\n<p><strong>Certains pilotes, et pas seulement en moto, affirment \u00eatre en paix avec eux-m\u00eames et avec ce qu&rsquo;ils ont d\u00e9j\u00e0 accompli dans le cas o\u00f9 ils devaient prendre leur retraite. C&rsquo;est le cas, par exemple, de <a href=\"https:\/\/fr.motorsport.com\/driver\/marc-marquez\/92646\/\" target=\"_blank\" rel=\"noopener\">Marc M\u00e1rquez<\/a>, qui le disait d\u00e9j\u00e0 avant de remporter son dernier titre, ou de <a href=\"https:\/\/fr.motorsport.com\/driver\/fernando-alonso\/76096\/\" target=\"_blank\" rel=\"noopener\">Fernando Alonso<\/a>. Toi, si tu devais prendre ta retraite maintenant, avec le palmar\u00e8s que tu as aujourd&rsquo;hui, serais-tu satisfait ou bien est-ce qu&rsquo;il te resterait des choses \u00e0 accomplir\u00a0?<\/strong><\/p>\n<p>Il me resterait beaucoup de choses \u00e0 accomplir. Je suis vraiment heureux, car le plus grand r\u00eave de ma vie a toujours \u00e9t\u00e9 d&rsquo;\u00eatre pilote de MotoGP et de remporter le championnat, et j&rsquo;y suis parvenu. Mais je ne suis pas satisfait de ce que j&rsquo;ai accompli compte tenu du potentiel que j&rsquo;ai actuellement.<\/p>\n<p>Je sais que je suis bien meilleur aujourd&rsquo;hui qu&rsquo;en 2021, quand j&rsquo;ai \u00e9t\u00e9 champion. Et apr\u00e8s ces trois ann\u00e9es o\u00f9 j&rsquo;ai travers\u00e9 des moments vraiment difficiles, je sais ce que j&rsquo;ai appris et ce que c&rsquo;est que de se battre tout en ayant une moto qui n&rsquo;est pas \u00e0 la hauteur. Je suis un gagnant et je sais ce qu&rsquo;il me reste \u00e0 accomplir avant de prendre ma retraite et de m&rsquo;estimer satisfait.<\/p>\n<p>\u00a0<\/p>\n<blockquote>\n<p>Je n&rsquo;ai plus beaucoup de temps pour r\u00e9aliser mes r\u00eaves.<\/p>\n<\/blockquote>\n<p><strong>Ce qui est \u00e9vident, c&rsquo;est que chaque fois que tu as eu l&rsquo;occasion de d\u00e9montrer ton talent, tu l&rsquo;as fait. En te mesurant aux autres pilotes Yamaha, as-tu eu le sentiment que tu \u00e9tais un peu seul \u00e0 mener l&rsquo;\u00e9quipe\u00a0?<\/strong><\/p>\n<p>Ce n&rsquo;est pas que je me suis senti seul, mais sur un tour, j&rsquo;ai pu faire beaucoup mieux qu&rsquo;eux. \u00c7a a toujours \u00e9t\u00e9 mon point fort, d\u00e8s ma premi\u00e8re ann\u00e9e en MotoGP. Tr\u00e8s souvent, en qualifications, j&rsquo;ai termin\u00e9 troisi\u00e8me ou cinqui\u00e8me, et je sais exactement o\u00f9 je perds\u00a0:\u00a0\u00e7a peut \u00eatre au niveau du moteur, du grip ou d&rsquo;autres choses qui ne d\u00e9pendent pas directement de moi. En course, j&rsquo;ai toujours donn\u00e9 le maximum. On a vu qu&rsquo;en Indon\u00e9sie, \u00c1lex a r\u00e9ussi \u00e0 \u00eatre deuxi\u00e8me [\u00e0 un moment de la course], mais ce qui compte, c&rsquo;est comment \u00e7a se termine, or on savait d\u00e9j\u00e0 qu&rsquo;avec les pneus que l&rsquo;on a, on ne peut pas pousser davantage.<\/p>\n<p>   <img decoding=\"async\" draggable=\"false\" src=\"https:\/\/www.europesays.com\/fr\/wp-content\/uploads\/2025\/10\/1761162499_819_fabio-quartararo-yamaha-factor.jpg\" alt=\"Fabio Quartararo d\u00e9fend de nouvelles m\u00e9thodes chez Yamaha.\" width=\"1200\" height=\"800\" loading=\"lazy\"\/> <\/p>\n<p class=\"title\">Fabio Quartararo d\u00e9fend de nouvelles m\u00e9thodes chez Yamaha.<\/p>\n<p class=\"photographer\">Photo de: Gold and Goose Photography \/ LAT Images \/ via Getty Images<\/p>\n<p><strong>Comment la gestion au sein de Yamaha, et la communication avec toi en particulier, ont-elles chang\u00e9 avec le remplacement de Lin Jarvis par Paolo Pavesio\u00a0?<\/strong><\/p>\n<p>Je ne parle pas beaucoup avec Paolo. Les personnes qui m&rsquo;int\u00e9ressent sont celles qui sont dans le box. Je parle davantage avec les ing\u00e9nieurs qu&rsquo;avec lui. Lors d&rsquo;une de mes visites au paddock de Formule 1, j&rsquo;ai vu des choses tr\u00e8s int\u00e9ressantes que l&rsquo;on n&rsquo;exploite pas. On a organis\u00e9 une r\u00e9union, chang\u00e9 certains syst\u00e8mes, et je pense que \u00e7a s&rsquo;est plut\u00f4t bien pass\u00e9.<\/p>\n<p><strong>Sans entrer dans les d\u00e9tails, que tu ne pr\u00e9ciseras \u00e9videmment pas, s&rsquo;agissait-il de questions op\u00e9rationnelles ou plut\u00f4t techniques\u00a0?<\/strong><\/p>\n<p>Pas de probl\u00e8me, je peux entrer dans les d\u00e9tails. Il s&rsquo;agissait en r\u00e9alit\u00e9 d&rsquo;augmenter la quantit\u00e9 d&rsquo;informations dont dispose le pilote, qui est beaucoup plus importante en Formule 1. Par exemple, sur les pneus. On savait qu&rsquo;on n&rsquo;avait pas le potentiel de se battre pour la victoire, mais si on peut terminer cinqui\u00e8mes au lieu de huiti\u00e8mes, il faut essayer d&rsquo;en profiter. Et pour \u00e7a, je dois disposer d&rsquo;un maximum d&rsquo;informations sur ce pneu, afin de savoir o\u00f9 je peux pousser, o\u00f9 je dois \u00eatre plus attentif \u00e0 la temp\u00e9rature. C&rsquo;est ce que l&rsquo;on ne faisait pas et on doit encore y travailler.<\/p>\n<p><strong>Tu fais r\u00e9f\u00e9rence \u00e0 la gestion de la course quand elle est en cours\u00a0?<\/strong><\/p>\n<p>Exactement. Avoir un rapport sur le comportement des pneus tendres et des pneus durs, dans quels virages je dois pousser plus ou moins. Ce n&rsquo;est pas quelque chose que je savais, et on s&rsquo;est am\u00e9lior\u00e9s depuis le mois de mai.<\/p>\n<p><strong>Est-ce que tu re\u00e7ois certaines de ces informations pendant la course\u00a0?<\/strong><\/p>\n<p>Je les re\u00e7ois plut\u00f4t avant la course. Par exemple, en Indon\u00e9sie, je savais d\u00e9j\u00e0 que je ne pouvais pas pousser autant qu&rsquo;\u00c1lex [Rins]. Si je l&rsquo;avais fait, on aurait s\u00fbrement \u00e9t\u00e9 deuxi\u00e8me et troisi\u00e8me [ponctuellement], mais ensuite on aurait fini neuvi\u00e8me et dixi\u00e8me. J&rsquo;ai pr\u00e9f\u00e9r\u00e9 rester \u00e0 ma place et terminer plus haut. Dans le pass\u00e9, j&rsquo;aurais probablement fait comme \u00c1lex et j&rsquo;aurais termin\u00e9 aussi loin que lui.<\/p>\n<p><strong>Et cette mani\u00e8re de travailler a-t-elle \u00e9galement \u00e9t\u00e9 appliqu\u00e9e par Yamaha de l&rsquo;autre c\u00f4t\u00e9 du stand\u00a0?<\/strong><\/p>\n<p>J&rsquo;ai donn\u00e9 l&rsquo;id\u00e9e ; ensuite, si les patrons pensent que c&rsquo;est vraiment utile, ils l&rsquo;appliquent aux autres pilotes, ce qui est, je pense, ce qu&rsquo;ils font.<\/p>\n<p><strong>Que penses-tu de ce qu&rsquo;a fait Marc M\u00e1rquez\u00a0?\u00a0Par rapport au fait qu&rsquo;il se soit remis en question, qu&rsquo;il ait renonc\u00e9 \u00e0 la derni\u00e8re ann\u00e9e d&rsquo;un contrat tr\u00e8s lucratif pour rejoindre une \u00e9quipe satellite et sortir comme il l&rsquo;a fait du tunnel dans lequel il \u00e9tait.<\/strong><\/p>\n<p>Je pense que lors de la derni\u00e8re ann\u00e9e de Marc chez Honda, on voyait d\u00e9j\u00e0 que la moto \u00e9tait trop importante et qu&rsquo;il n&rsquo;avait pas envie de se blesser davantage. J&rsquo;ai vu un documentaire qui montrait le Sachsenring, o\u00f9 il avait gagn\u00e9 huit fois de suite et o\u00f9, cette ann\u00e9e-l\u00e0, il n&rsquo;avait m\u00eame pas pu terminer la course \u00e0 cause de ses nombreuses chutes. Pour moi, ce qu&rsquo;il a fait est exemplaire. En deux ans, il est pass\u00e9 du fait de ne rien pouvoir faire \u00e0 cause de la moto, au fait de gagner des courses la saison derni\u00e8re, puis le titre mondial, haut la main, en 2025. En tant que pilote et en tant que personne, ce qu&rsquo;il a accompli est spectaculaire.<\/p>\n<p>   <img decoding=\"async\" draggable=\"false\" src=\"https:\/\/www.europesays.com\/fr\/wp-content\/uploads\/2025\/10\/1761162500_159_fabio-quartararo-yamaha-factor.jpg\" alt=\"Fabio Quartararo demande \u00e0 Liberty Media de penser au bien-\u00eatre des pilotes.\" width=\"1200\" height=\"800\" loading=\"lazy\"\/> <\/p>\n<p class=\"title\">Fabio Quartararo demande \u00e0 Liberty Media de penser au bien-\u00eatre des pilotes.<\/p>\n<p class=\"photographer\">Photo de: Gold and Goose Photography \/ LAT Images \/ via Getty Images<\/p>\n<p><strong>Il y a deux ans, tu n&rsquo;avais certainement pas la situation financi\u00e8re que tu as aujourd&rsquo;hui. L&rsquo;exemple de M\u00e1rquez ne t&rsquo;incite-t-il pas \u00e0 essayer quelque chose de nouveau\u00a0?<\/strong><\/p>\n<p>Les gens ont beaucoup parl\u00e9 de mon dernier contrat, pour 2025 et 2026. Mais les chiffres des deux ann\u00e9es pr\u00e9c\u00e9dentes ne sont pas tr\u00e8s \u00e9loign\u00e9s. Je ne suis pas rest\u00e9 chez Yamaha uniquement pour l&rsquo;argent. Marc a quitt\u00e9 Honda \u00e0 un moment o\u00f9 les autres \u00e9quipes officielles avaient des contrats avec leurs pilotes. Mais bien s\u00fbr, le fait qu&rsquo;il ait obtenu la meilleure moto sans tenir compte de l&rsquo;aspect financier est une source d&rsquo;inspiration.<\/p>\n<p><strong>Qu&rsquo;ont remarqu\u00e9 les pilotes avec l&rsquo;arriv\u00e9e de Liberty\u00a0?<\/strong><\/p>\n<p>Pour l&rsquo;instant, des choses qui nous nuisent. On n&rsquo;a pas remarqu\u00e9 grand-chose de positif. \u00catre en Indon\u00e9sie, \u00e0 l&rsquo;avant de la grille, avec la fermeture \u00e9clair de la combinaison ferm\u00e9e par 50\u00b0C.<\/p>\n<blockquote>\n<p>Avec l&rsquo;arriv\u00e9e de Liberty, pour l&rsquo;instant, on a remarqu\u00e9 des choses qui nous nuisent.<\/p>\n<\/blockquote>\n<p><strong>Vas-tu essayer d&rsquo;obtenir que certaines modifications soient apport\u00e9es \u00e0 ces protocoles\u00a0?<\/strong><\/p>\n<p>Il y a des courses o\u00f9 \u00e7a ne pose aucun probl\u00e8me. \u00catre ici, en Australie, avec une combinaison ferm\u00e9e, \u00e7a n&rsquo;a aucune incidence, on est bien. Mais ce serait bien qu&rsquo;ils r\u00e9fl\u00e9chissent \u00e0 ce que ressent le pilote pendant ces 40 minutes, avec la chaleur d\u00e9gag\u00e9e par la moto. Ils pourraient peut-\u00eatre modifier un peu le programme.<\/p>\n<p>Ce serait bien qu&rsquo;ils pensent aux pilotes. C&rsquo;est comme le nombre de personnes pr\u00e9sentes dans le paddock. On ne voit pas \u00e7a en Formule 1. Je pense que \u00e7a devrait \u00eatre beaucoup plus exclusif. Les pilotes de F2 et de F3 sont s\u00e9par\u00e9s. \u00c7a doit changer un peu.<\/p>\n<p><strong>Il y a un an, tu as d\u00e9cid\u00e9 de changer de mani\u00e8re d&rsquo;\u00eatre repr\u00e9sent\u00e9, tu t&rsquo;es s\u00e9par\u00e9 de ton manager et tu t&rsquo;es associ\u00e9 \u00e0 Thomas Maubant, qui est ton ami et ton assistant sur les courses. N&rsquo;est-ce pas un peu vertigineux d&rsquo;aborder ainsi la p\u00e9riode du march\u00e9 qui s&rsquo;annonce\u00a0?<\/strong><\/p>\n<p>On est des hy\u00e8nes, rien ne nous \u00e9chappe. Quand on a mis \u00e7a en place, je devais n\u00e9gocier les contrats de 2024, alors on a de l&rsquo;exp\u00e9rience. J&rsquo;appr\u00e9cie davantage la confiance que j&rsquo;ai en lui que son exp\u00e9rience. Je sais ce dont il est capable et ce qu&rsquo;il fera. Je n&rsquo;ai donc aucun doute qu&rsquo;il choisira la meilleure option.<\/p>\n<p>Lire aussi :<\/p>\n<p>            Votre avis nous int\u00e9resse !<\/p>\n<p class=\"mt-auto\">Qu&rsquo;aimeriez-vous voir sur Motorsport.com ?<\/p>\n<p>            <a href=\"#\" class=\"ms-link text-link font-bold\">R\u00e9pondez \u00e0 notre enqu\u00eate en 5 minutes.<\/a><\/p>\n<p class=\"mt-1 text-body\">&#8211; L&rsquo;\u00e9quipe Motorsport.com<\/p>\n","protected":false},"excerpt":{"rendered":"Fabio Quartararo arrive \u00e0 pied, marchant sur le sable de Smiths Beach, la plage voisine du circuit de&hellip;\n","protected":false},"author":2,"featured_media":482733,"comment_status":"","ping_status":"","sticky":false,"template":"","format":"standard","meta":{"footnotes":""},"categories":[1413],"tags":[1680,1011,27,1457,1456,1458,60600,60,3796],"class_list":{"0":"post-482732","1":"post","2":"type-post","3":"status-publish","4":"format-standard","5":"has-post-thumbnail","7":"category-moto","8":"tag-fabio-quartararo","9":"tag-fr","10":"tag-france","11":"tag-moto","12":"tag-motocycle","13":"tag-motogp","14":"tag-sa-carriu00e8re-et-yamaha-fabio-quartararo-se-livre-en-exclusivitu00e9","15":"tag-sports","16":"tag-yamaha-factory-racing"},"share_on_mastodon":{"url":"https:\/\/pubeurope.com\/@fr\/115419553846990857","error":""},"_links":{"self":[{"href":"https:\/\/www.europesays.com\/fr\/wp-json\/wp\/v2\/posts\/482732","targetHints":{"allow":["GET"]}}],"collection":[{"href":"https:\/\/www.europesays.com\/fr\/wp-json\/wp\/v2\/posts"}],"about":[{"href":"https:\/\/www.europesays.com\/fr\/wp-json\/wp\/v2\/types\/post"}],"author":[{"embeddable":true,"href":"https:\/\/www.europesays.com\/fr\/wp-json\/wp\/v2\/users\/2"}],"replies":[{"embeddable":true,"href":"https:\/\/www.europesays.com\/fr\/wp-json\/wp\/v2\/comments?post=482732"}],"version-history":[{"count":0,"href":"https:\/\/www.europesays.com\/fr\/wp-json\/wp\/v2\/posts\/482732\/revisions"}],"wp:featuredmedia":[{"embeddable":true,"href":"https:\/\/www.europesays.com\/fr\/wp-json\/wp\/v2\/media\/482733"}],"wp:attachment":[{"href":"https:\/\/www.europesays.com\/fr\/wp-json\/wp\/v2\/media?parent=482732"}],"wp:term":[{"taxonomy":"category","embeddable":true,"href":"https:\/\/www.europesays.com\/fr\/wp-json\/wp\/v2\/categories?post=482732"},{"taxonomy":"post_tag","embeddable":true,"href":"https:\/\/www.europesays.com\/fr\/wp-json\/wp\/v2\/tags?post=482732"}],"curies":[{"name":"wp","href":"https:\/\/api.w.org\/{rel}","templated":true}]}}