{"id":482738,"date":"2025-10-22T19:51:12","date_gmt":"2025-10-22T19:51:12","guid":{"rendered":"https:\/\/www.europesays.com\/fr\/482738\/"},"modified":"2025-10-22T19:51:12","modified_gmt":"2025-10-22T19:51:12","slug":"trois-clubs-interesses-par-un-pret-de-matvey-safonov","status":"publish","type":"post","link":"https:\/\/www.europesays.com\/fr\/482738\/","title":{"rendered":"Trois clubs int\u00e9ress\u00e9s par un pr\u00eat de Matvey Safonov ? &#8211;"},"content":{"rendered":"<p><img width=\"700\" height=\"350\" src=\"https:\/\/www.europesays.com\/fr\/wp-content\/uploads\/2025\/10\/Safonov.jpg\" class=\"attachment-jannah-image-post size-jannah-image-post wp-post-image\" alt=\"Safonov\" is_main_img=\"1\" decoding=\"async\" fetchpriority=\"high\"  \/><br \/>\n Image :<br \/>\nPSG.fr<\/p>\n<p>Doublure de Lucas Chevalier au PSG, Matvey Safonov<br \/>\ns\u2019impatiente et aimerait avoir du temps de jeu. Il ne serait pas<br \/>\ncontre un d\u00e9part cet hiver. Plusieurs clubs aimeraient le r\u00e9cup\u00e9rer<br \/>\nen pr\u00eat.<\/p>\n<p>Arriv\u00e9 lors du mercato estival 2024, <strong><a href=\"https:\/\/canal-supporters.com\/psg-les-mots-de-zabarnyi-sa-situation-la-concurrence-matvey-safonov-se-confie\/\" title=\"\" rel=\"nofollow noopener\" target=\"_blank\">Matvey Safonov<\/a><\/strong> est arriv\u00e9 en doublure de<br \/>\n<strong>Gianluigi Donnarumma<\/strong>. Le portier russe aura<br \/>\nparticip\u00e9 \u00e0 17 matches toutes comp\u00e9titions confondues (dix de<br \/>\n<strong>Ligue 1,<\/strong> cinq de <strong>Coupe de France<\/strong><br \/>\net deux de <strong>Ligue des champions<\/strong>). Cet \u00e9t\u00e9, le<br \/>\n<strong>PSG<\/strong> a d\u00e9cid\u00e9 de remplacer l\u2019international italien<br \/>\npar <strong>Lucas Chevalier<\/strong>. Ce dernier a sign\u00e9 pour \u00eatre<br \/>\nle num\u00e9ro 1. Il a jou\u00e9 tous les matches depuis le d\u00e9but de la<br \/>\nsaison.\u00a0<\/p>\n<p>A voir aussi : <a href=\"https:\/\/canal-supporters.com\/psg-matvey-safonov-je-ne-suis-pas-satisfait-du-manque-de-temps-de-jeu\/\" title=\"\" rel=\"nofollow noopener\" target=\"_blank\">PSG \u2013 Matvey Safonov : \u00ab\u00a0Je ne suis pas satisfait du<br \/>\nmanque de temps de jeu\u00a0\u00bb<\/a><\/p>\n<p><a href=\"https:\/\/x.com\/CanalSupporters\" target=\"_blank\" rel=\"noopener nofollow\" title=\"\">canalsupporters.com<\/a><\/p>\n<p>Deux clubs<br \/>\nportugais et un espagnol<\/p>\n<p>Frustr\u00e9 par sa situation,\u00a0<strong>Matvey<br \/>\nSafonov<\/strong>\u00a0a\u00a0<a href=\"https:\/\/canal-supporters.com\/matvey-safonov-pas-contre-un-depart-du-psg-cet-hiver\/\" rel=\"nofollow noopener\" target=\"_blank\">ouvert<br \/>\nla porte<\/a>\u00a0\u00e0 un d\u00e9part du <strong>PSG<\/strong> lors du<br \/>\nmercato d\u2019hiver, alors qu\u2019il est encore li\u00e9 avec les champions<br \/>\nd\u2019Europe jusqu\u2019en juin 2029. Selon les informations du m\u00e9dia russe<br \/>\n<a href=\"https:\/\/sport24.ru\/football\/news-794530-valensiya-braga-i-sporting-rassmatrivayut-arendu-matveya-safonova-iz-pszh\" target=\"_blank\" rel=\"noopener nofollow\" title=\"\">Sport 24<\/a>, trois<br \/>\nclubs aimeraient s\u2019offrir les services de l\u2019international russe<br \/>\nsous la forme d\u2019un pr\u00eat. Leurs identit\u00e9s ?<br \/>\n<strong>Valence<\/strong>, le <strong>Sporting CP<\/strong> et le<br \/>\n<strong>Sporting Braga<\/strong>, dont <strong>QSI<\/strong> est<br \/>\nactionnaire minoritaire.\u00a0<\/p><\/p>\n","protected":false},"excerpt":{"rendered":"Image : PSG.fr Doublure de Lucas Chevalier au PSG, Matvey Safonov s\u2019impatiente et aimerait avoir du temps de&hellip;\n","protected":false},"author":2,"featured_media":482739,"comment_status":"","ping_status":"","sticky":false,"template":"","format":"standard","meta":{"footnotes":""},"categories":[1410],"tags":[60601,81,787,63,1011,27,13122,1434,1435,626,91,92,93,13123,60602,13918,60,96,2733],"class_list":{"0":"post-482738","1":"post","2":"type-post","3":"status-publish","4":"format-standard","5":"has-post-thumbnail","7":"category-football","8":"tag-braga","9":"tag-canal-supporters","10":"tag-cs","11":"tag-football","12":"tag-fr","13":"tag-france","14":"tag-matvey-safonov","15":"tag-mercato","16":"tag-mercato-psg","17":"tag-paris","18":"tag-paris-saint-germain","19":"tag-paris-sg","20":"tag-psg","21":"tag-safonov","22":"tag-sporting-braga","23":"tag-sporting-cp","24":"tag-sports","25":"tag-une","26":"tag-valence"},"share_on_mastodon":{"url":"https:\/\/pubeurope.com\/@fr\/115419564736399095","error":""},"_links":{"self":[{"href":"https:\/\/www.europesays.com\/fr\/wp-json\/wp\/v2\/posts\/482738","targetHints":{"allow":["GET"]}}],"collection":[{"href":"https:\/\/www.europesays.com\/fr\/wp-json\/wp\/v2\/posts"}],"about":[{"href":"https:\/\/www.europesays.com\/fr\/wp-json\/wp\/v2\/types\/post"}],"author":[{"embeddable":true,"href":"https:\/\/www.europesays.com\/fr\/wp-json\/wp\/v2\/users\/2"}],"replies":[{"embeddable":true,"href":"https:\/\/www.europesays.com\/fr\/wp-json\/wp\/v2\/comments?post=482738"}],"version-history":[{"count":0,"href":"https:\/\/www.europesays.com\/fr\/wp-json\/wp\/v2\/posts\/482738\/revisions"}],"wp:featuredmedia":[{"embeddable":true,"href":"https:\/\/www.europesays.com\/fr\/wp-json\/wp\/v2\/media\/482739"}],"wp:attachment":[{"href":"https:\/\/www.europesays.com\/fr\/wp-json\/wp\/v2\/media?parent=482738"}],"wp:term":[{"taxonomy":"category","embeddable":true,"href":"https:\/\/www.europesays.com\/fr\/wp-json\/wp\/v2\/categories?post=482738"},{"taxonomy":"post_tag","embeddable":true,"href":"https:\/\/www.europesays.com\/fr\/wp-json\/wp\/v2\/tags?post=482738"}],"curies":[{"name":"wp","href":"https:\/\/api.w.org\/{rel}","templated":true}]}}