{"id":482740,"date":"2025-10-22T19:52:11","date_gmt":"2025-10-22T19:52:11","guid":{"rendered":"https:\/\/www.europesays.com\/fr\/482740\/"},"modified":"2025-10-22T19:52:11","modified_gmt":"2025-10-22T19:52:11","slug":"carole-gaessler-est-elle-en-couple","status":"publish","type":"post","link":"https:\/\/www.europesays.com\/fr\/482740\/","title":{"rendered":"Carole Gaessler est-elle en couple ?"},"content":{"rendered":"<p><a href=\"https:\/\/www.closermag.fr\/people\/photos-carole-gaessler-sa-transformation-physique-en-images-3241824\" target=\"_blank\" rel=\"noopener\"><br \/>\nCarole Gaessler<\/a>, figure embl\u00e9matique du journalisme t\u00e9l\u00e9vis\u00e9<br \/>\nfran\u00e7ais, cultive une discr\u00e9tion exemplaire concernant sa <a href=\"https:\/\/www.closermag.fr\/people\/carole-gaessler-de-quoi-est-mort-tragiquement-son-premier-amour-1440739\" target=\"_blank\" rel=\"noopener\"><br \/>\nvie priv\u00e9e<\/a>. Cependant, on sait qu&rsquo;elle partage sa vie avec un<br \/>\ncertain <a href=\"https:\/\/www.closermag.fr\/people\/carole-gaessler-qui-est-son-mari-franck-pour-qui-elle-avait-tout-plaque-pendant-un-temps-1273437\" target=\"_blank\" rel=\"noopener\"><br \/>\nFranck<\/a>. Mais qui est-il ? Et bien c&rsquo;est un chef d\u2019entreprise<br \/>\nbreton \u00e9voluant loin des projecteurs. \u00a0\u00ab\u00a0<strong>Il fait<br \/>\ndes fusions-acquisitions. Il aide des patrons de PME \u00e0 se vendre ou<br \/>\n\u00e0 grandir<\/strong>\u00ab\u00a0, expliquait-elle en 2018 dans les pages<br \/>\nde\u00a0T\u00e9l\u00e9-Loisirs.<\/p>\n<p>S&rsquo;ils sont tr\u00e8s fusionnels, Franck ne regarde cependant pas ce<br \/>\nqui se passe du c\u00f4t\u00e9 de la carri\u00e8re de Carole Gaessler. \u00ab\u00a0Franck<br \/>\nne regarde quasiment jamais ce que je fais. C&rsquo;est un soutien par la<br \/>\ndistance qu&rsquo;il me permet d&rsquo;acqu\u00e9rir.\u00a0<strong>C&rsquo;est une r\u00e8gle<br \/>\ntacite entre nous de ne pas trop parler de travail<\/strong>, sinon<br \/>\non n&rsquo;en finit plus.\u00a0\u00bb ajoutait la jeune femme.<\/p>\n<p>Carole Gaessler mari\u00e9e apr\u00e8s une rencontre hasardeuse<\/p>\n<p>A savoir que les amoureux se sont crois\u00e9s \u00ab\u00a0par hasard\u00a0\u00bb lors de<br \/>\nl\u2019anniversaire d\u2019une amie de la journaliste. Elle y f\u00eatait<br \/>\nl\u2019\u00e9v\u00e9nement avec le fr\u00e8re de Franck, et le coup de foudre a \u00e9t\u00e9<br \/>\nimm\u00e9diat. \u00ab\u00a0Mon amie me l\u2019a pr\u00e9sent\u00e9 et on a parl\u00e9 toute la<br \/>\nnuit. Mais on n\u2019est pas sortis ensemble tout de suite, car j\u2019\u00e9tais<br \/>\navec quelqu\u2019un\u2026\u00a0\u00bb, confiait Carole en 2016 \u00e0 TV Grandes<br \/>\nCha\u00eenes.<\/p>\n<p>Quelques mois plus tard, en novembre, leur idylle d\u00e9butait<br \/>\nofficiellement. En f\u00e9vrier, Franck lui demandait sa main et,<br \/>\nseulement six mois plus tard, le couple se disait oui. Comme le<br \/>\nsouligne Carole : \u00ab\u00a0<strong>Il sait ce qu\u2019il veut<br \/>\n!<\/strong>\u00a0\u00bb Ils ont ensuite eu <a href=\"https:\/\/www.closermag.fr\/people\/carole-gaessler-ses-rares-confidences-sur-ses-enfants-a-l-etranger-1284678\" target=\"_blank\" rel=\"noopener\"><br \/>\ndeux enfants<\/a> : Margaux, n\u00e9e en 1999, et Arthur, n\u00e9 en 2001.<\/p>\n<p>Une passion commune<\/p>\n<p>Amoureux de la vigne, Carole Gaessler et Franck ont saut\u00e9 le pas<br \/>\nen 2018 en devenant propri\u00e9taires d\u2019un domaine dans le Luberon.<br \/>\nLeur but\u202f? Cultiver leurs propres vignes et partager leur passion<br \/>\npour le vin. \u00ab\u00a0Mon \u00e9poux r\u00eavait de faire son propre vin depuis<br \/>\ndes ann\u00e9es. Ensemble, nous voulions un petit coin de terre, un vrai<br \/>\nancrage pour nos deux enfants. Apr\u00e8s plusieurs visites, en 2018,<br \/>\nnous avons eu un <strong>\u00e9norme coup de c\u0153ur pour cette ruine<br \/>\nentour\u00e9e de vignes et d\u2019oliviers\u202f.<\/strong>\u00ab\u00a0, confiait-elle \u00e0<br \/>\nLa Revue du Vin de France en 2020. Depuis, le couple savoure chaque<br \/>\nmoment pass\u00e9 dans ce havre de verdure.<\/p>\n","protected":false},"excerpt":{"rendered":"Carole Gaessler, figure embl\u00e9matique du journalisme t\u00e9l\u00e9vis\u00e9 fran\u00e7ais, cultive une discr\u00e9tion exemplaire concernant sa vie priv\u00e9e. Cependant, on&hellip;\n","protected":false},"author":2,"featured_media":482741,"comment_status":"","ping_status":"","sticky":false,"template":"","format":"standard","meta":{"footnotes":""},"categories":[1359],"tags":[1193,58,59,1011,27,973],"class_list":{"0":"post-482740","1":"post","2":"type-post","3":"status-publish","4":"format-standard","5":"has-post-thumbnail","7":"category-people","8":"tag-couple","9":"tag-divertissement","10":"tag-entertainment","11":"tag-fr","12":"tag-france","13":"tag-people"},"share_on_mastodon":{"url":"https:\/\/pubeurope.com\/@fr\/115419568260445289","error":""},"_links":{"self":[{"href":"https:\/\/www.europesays.com\/fr\/wp-json\/wp\/v2\/posts\/482740","targetHints":{"allow":["GET"]}}],"collection":[{"href":"https:\/\/www.europesays.com\/fr\/wp-json\/wp\/v2\/posts"}],"about":[{"href":"https:\/\/www.europesays.com\/fr\/wp-json\/wp\/v2\/types\/post"}],"author":[{"embeddable":true,"href":"https:\/\/www.europesays.com\/fr\/wp-json\/wp\/v2\/users\/2"}],"replies":[{"embeddable":true,"href":"https:\/\/www.europesays.com\/fr\/wp-json\/wp\/v2\/comments?post=482740"}],"version-history":[{"count":0,"href":"https:\/\/www.europesays.com\/fr\/wp-json\/wp\/v2\/posts\/482740\/revisions"}],"wp:featuredmedia":[{"embeddable":true,"href":"https:\/\/www.europesays.com\/fr\/wp-json\/wp\/v2\/media\/482741"}],"wp:attachment":[{"href":"https:\/\/www.europesays.com\/fr\/wp-json\/wp\/v2\/media?parent=482740"}],"wp:term":[{"taxonomy":"category","embeddable":true,"href":"https:\/\/www.europesays.com\/fr\/wp-json\/wp\/v2\/categories?post=482740"},{"taxonomy":"post_tag","embeddable":true,"href":"https:\/\/www.europesays.com\/fr\/wp-json\/wp\/v2\/tags?post=482740"}],"curies":[{"name":"wp","href":"https:\/\/api.w.org\/{rel}","templated":true}]}}