{"id":482744,"date":"2025-10-22T19:54:11","date_gmt":"2025-10-22T19:54:11","guid":{"rendered":"https:\/\/www.europesays.com\/fr\/482744\/"},"modified":"2025-10-22T19:54:11","modified_gmt":"2025-10-22T19:54:11","slug":"onet-le-chateau-le-festival-du-livre-jeunesse-a-la-rencontre-des-eleves","status":"publish","type":"post","link":"https:\/\/www.europesays.com\/fr\/482744\/","title":{"rendered":"Onet-le-Ch\u00e2teau. Le festival du livre jeunesse \u00e0 la rencontre des \u00e9l\u00e8ves"},"content":{"rendered":"<p>\n                                                                Des auteurs passionn\u00e9s sont venus \u00e0 la rencontre de petits curieux, dans un \u00e9change tr\u00e8s riche qui a combl\u00e9 les jeunes \u00e9l\u00e8ves.\n                            <\/p>\n<p>Dans le cadre du Festival du livre de jeunesse, l\u2019\u00e9cole St Viateur a eu le plaisir d\u2019accueillir, jeudi et vendredi derniers, quatre auteurs et illustrateurs de renom : Annabelle Buxton (illustratrice pour la presse, les revues de bande dessin\u00e9e, la publicit\u00e9, l\u2019\u00e9dition), Anne-Margot Ramstein (illustratrice, auteure fran\u00e7aise de bande dessin\u00e9e et d\u2019albums jeunesse), Sa\u00efd Benjelloun (p\u00e9dagogue, po\u00e8te et calligraphe) et Laurent Moreau (auteur et illustrateur). Tout au long de ces deux journ\u00e9es, les \u00e9l\u00e8ves de maternelle, CP, CE1 et CE2 ont eu la chance de rencontrer ces artistes venus partager leur passion du livre et de l\u2019image. Dans chaque classe, les auteurs se sont pr\u00eat\u00e9s avec enthousiasme au jeu des questions, racontant leur parcours, expliquant comment naissent les histoires et comment se construisent les illustrations, \u00e0 l\u2019encre, aux crayons de couleur, \u00e0 l\u2019aquarelle ou encore gr\u00e2ce \u00e0 des collages. Po\u00e8te et calligraphe, Sa\u00efd Benjelloun, lui, les a invit\u00e9s, \u00e0 travers un atelier d\u2019initiation, \u00e0 d\u00e9couvrir une autre langue et d\u2019autres normes linguistiques, par le biais de la calligraphie arabe. Les enfants, d\u00e9j\u00e0 familiaris\u00e9s avec leurs \u0153uvres gr\u00e2ce au travail pr\u00e9paratoire des enseignantes, attendaient cette rencontre avec impatience. Ils ont d\u00e9couvert les coulisses de la cr\u00e9ation d\u2019un livre, du dessin \u00e0 la couverture, en passant par le r\u00f4le de l\u2019auteur, de l\u2019illustrateur et de l\u2019\u00e9diteur. Chaque intervention s\u2019est conclue par un atelier pratique, au cours duquel les \u00e9l\u00e8ves ont r\u00e9alis\u00e9 leur propre cr\u00e9ation artistique, guid\u00e9s par les auteurs eux-m\u00eames. Un moment riche d\u2019\u00e9changes et d\u2019\u00e9motions, qui a permis \u00e0 chacun de devenir illustrateur le temps d\u2019une matin\u00e9e ou d\u2019un apr\u00e8s-midi. Cette belle rencontre a \u00e9veill\u00e9 la curiosit\u00e9, la cr\u00e9ativit\u00e9 et l\u2019imaginaire des enfants, leur donnant, \u00e0 n\u2019en pas douter, le go\u00fbt de lire, de r\u00eaver et, peut-\u00eatre un jour, d\u2019\u00e9crire ou d\u2019illustrer \u00e0 leur tour.<\/p>\n","protected":false},"excerpt":{"rendered":"Des auteurs passionn\u00e9s sont venus \u00e0 la rencontre de petits curieux, dans un \u00e9change tr\u00e8s riche qui a&hellip;\n","protected":false},"author":2,"featured_media":482745,"comment_status":"","ping_status":"","sticky":false,"template":"","format":"standard","meta":{"footnotes":""},"categories":[1357],"tags":[1379,58,59,1011,27,1380],"class_list":{"0":"post-482744","1":"post","2":"type-post","3":"status-publish","4":"format-standard","5":"has-post-thumbnail","7":"category-livres","8":"tag-books","9":"tag-divertissement","10":"tag-entertainment","11":"tag-fr","12":"tag-france","13":"tag-livres"},"share_on_mastodon":{"url":"https:\/\/pubeurope.com\/@fr\/115419576141317631","error":""},"_links":{"self":[{"href":"https:\/\/www.europesays.com\/fr\/wp-json\/wp\/v2\/posts\/482744","targetHints":{"allow":["GET"]}}],"collection":[{"href":"https:\/\/www.europesays.com\/fr\/wp-json\/wp\/v2\/posts"}],"about":[{"href":"https:\/\/www.europesays.com\/fr\/wp-json\/wp\/v2\/types\/post"}],"author":[{"embeddable":true,"href":"https:\/\/www.europesays.com\/fr\/wp-json\/wp\/v2\/users\/2"}],"replies":[{"embeddable":true,"href":"https:\/\/www.europesays.com\/fr\/wp-json\/wp\/v2\/comments?post=482744"}],"version-history":[{"count":0,"href":"https:\/\/www.europesays.com\/fr\/wp-json\/wp\/v2\/posts\/482744\/revisions"}],"wp:featuredmedia":[{"embeddable":true,"href":"https:\/\/www.europesays.com\/fr\/wp-json\/wp\/v2\/media\/482745"}],"wp:attachment":[{"href":"https:\/\/www.europesays.com\/fr\/wp-json\/wp\/v2\/media?parent=482744"}],"wp:term":[{"taxonomy":"category","embeddable":true,"href":"https:\/\/www.europesays.com\/fr\/wp-json\/wp\/v2\/categories?post=482744"},{"taxonomy":"post_tag","embeddable":true,"href":"https:\/\/www.europesays.com\/fr\/wp-json\/wp\/v2\/tags?post=482744"}],"curies":[{"name":"wp","href":"https:\/\/api.w.org\/{rel}","templated":true}]}}