{"id":482748,"date":"2025-10-22T19:56:15","date_gmt":"2025-10-22T19:56:15","guid":{"rendered":"https:\/\/www.europesays.com\/fr\/482748\/"},"modified":"2025-10-22T19:56:15","modified_gmt":"2025-10-22T19:56:15","slug":"adrian-smith-iron-maiden-raconte-le-retrait-de-nicko-mcbrain-et-larrivee-de-simon-dawson-derriere-les-futs","status":"publish","type":"post","link":"https:\/\/www.europesays.com\/fr\/482748\/","title":{"rendered":"Adrian Smith (Iron Maiden) raconte le retrait de Nicko McBrain et l\u2019arriv\u00e9e de Simon Dawson derri\u00e8re les f\u00fbts"},"content":{"rendered":"<p><strong>Adrian Smith s\u2019est exprim\u00e9 pour la premi\u00e8re fois sur le retrait de la sc\u00e8ne de Nicko McBrain et l\u2019arriv\u00e9e de Simon Dawson derri\u00e8re les f\u00fbts d\u2019<a href=\"https:\/\/www.metalzone.fr\/iron-maiden\/\" rel=\"nofollow noopener\" target=\"_blank\">Iron Maiden<\/a>, soulignant la difficult\u00e9 de la transition et l\u2019attachement du groupe \u00e0 son batteur historique.<\/strong><\/p>\n<p>\u201cCe ne sera plus jamais pareil\u201d : Adrian Smith revient sur le d\u00e9part de McBrain<\/p>\n<p>Dans une <a href=\"https:\/\/www.youtube.com\/watch?v=iP9pn_kGFfY\" target=\"_blank\" rel=\"noopener nofollow\">interview accord\u00e9e \u00e0 Metal Hammer (Allemagne)<\/a>, Adrian Smith revient avec \u00e9motion sur la retraite de Nicko McBrain, annonc\u00e9e fin 2024 \u00e0 la suite de complications li\u00e9es \u00e0 un AVC. Le guitariste parle d\u2019une d\u00e9cision in\u00e9vitable mais douloureuse : \u201cCe ne sera plus jamais pareil. Nicko, c\u2019\u00e9tait un sacr\u00e9 personnage. Apr\u00e8s son AVC, il ne pouvait plus tenir le rythme. Il a essay\u00e9 \u2014 on a tous fait notre possible pour l\u2019aider.\u201d<\/p>\n<p>Smith salue aussi la r\u00e9silience de son compagnon de route : \u201cIl a fait un travail incroyable sur les derni\u00e8res tourn\u00e9es. C\u2019\u00e9tait impressionnant \u2014 un vrai hommage \u00e0 ce qu\u2019il repr\u00e9sente pour Maiden.\u201d M\u00eame loin de la sc\u00e8ne, McBrain reste li\u00e9 au groupe : \u201cIl nous soutient toujours. Je lui parle encore, et il m\u2019a dit \u2018Bonne chance pour la tourn\u00e9e\u2019. Il fait toujours partie de Maiden, d\u2019une certaine mani\u00e8re.\u201d<\/p>\n<p>Simon Dawson valid\u00e9 par le groupe et les fans<\/p>\n<p>Simon Dawson, \u00e9galement membre de <a href=\"https:\/\/www.metalzone.fr\/british-lion\/\" rel=\"nofollow noopener\" target=\"_blank\">British Lion<\/a> avec Steve Harris, a repris le flambeau \u2014 une t\u00e2che d\u00e9licate mais rapidement valid\u00e9e en interne. <a href=\"https:\/\/www.metalzone.fr\/bruce-dickinson\/\" rel=\"nofollow noopener\" target=\"_blank\">Bruce Dickinson<\/a> confiait r\u00e9cemment dans le podcast Talk Is Jericho : \u201cSimon ne cherche pas \u00e0 \u00eatre Nick. Il garde le tempo, c\u2019est exactement ce qu\u2019on attendait.\u201d<\/p>\n<p>Le bassiste Steve Harris, dans Rock Candy, ajoutait : \u201cOn n\u2019a pas eu le luxe de choisir. Mais au final, c\u2019est Nicko qui a tranch\u00e9, et on a tous respect\u00e9 \u00e7a.\u201d McBrain lui-m\u00eame a adoub\u00e9 son rempla\u00e7ant dans une interview \u00e0 Trunk Nation : \u201cIl n\u2019est pas comme moi, et c\u2019est tr\u00e8s bien comme \u00e7a. Il a sa propre patte.\u201d<\/p>\n<p>Maiden regarde vers l\u2019avant<\/p>\n<p>Alors qu\u2019Iron Maiden s\u2019appr\u00eate \u00e0 relancer la tourn\u00e9e Run For Your Lives en 2026 \u2014 avec deux dates fran\u00e7aises pr\u00e9vues \u00e0 Paris (22 juin) et Lyon (28 juin) \u2014 le groupe f\u00eate aussi ses 50 ans avec le livre Iron Maiden: Infinite Dreams \u2013 The Official Visual History. L\u2019ouvrage retrace l\u2019\u00e9volution du groupe, du premier concert de pub en 1975 jusqu\u2019au succ\u00e8s mondial, et souligne un h\u00e9ritage que la formation actuelle perp\u00e9tue avec fid\u00e9lit\u00e9.<\/p>\n<p>Interview d\u2019Adrian Smith pour Metal Hammer :<\/p>\n","protected":false},"excerpt":{"rendered":"Adrian Smith s\u2019est exprim\u00e9 pour la premi\u00e8re fois sur le retrait de la sc\u00e8ne de Nicko McBrain et&hellip;\n","protected":false},"author":2,"featured_media":482749,"comment_status":"","ping_status":"","sticky":false,"template":"","format":"standard","meta":{"footnotes":""},"categories":[1355],"tags":[58,59,1011,27,1361,873],"class_list":{"0":"post-482748","1":"post","2":"type-post","3":"status-publish","4":"format-standard","5":"has-post-thumbnail","7":"category-musique","8":"tag-divertissement","9":"tag-entertainment","10":"tag-fr","11":"tag-france","12":"tag-music","13":"tag-musique"},"share_on_mastodon":{"url":"https:\/\/pubeurope.com\/@fr\/115419583914308704","error":""},"_links":{"self":[{"href":"https:\/\/www.europesays.com\/fr\/wp-json\/wp\/v2\/posts\/482748","targetHints":{"allow":["GET"]}}],"collection":[{"href":"https:\/\/www.europesays.com\/fr\/wp-json\/wp\/v2\/posts"}],"about":[{"href":"https:\/\/www.europesays.com\/fr\/wp-json\/wp\/v2\/types\/post"}],"author":[{"embeddable":true,"href":"https:\/\/www.europesays.com\/fr\/wp-json\/wp\/v2\/users\/2"}],"replies":[{"embeddable":true,"href":"https:\/\/www.europesays.com\/fr\/wp-json\/wp\/v2\/comments?post=482748"}],"version-history":[{"count":0,"href":"https:\/\/www.europesays.com\/fr\/wp-json\/wp\/v2\/posts\/482748\/revisions"}],"wp:featuredmedia":[{"embeddable":true,"href":"https:\/\/www.europesays.com\/fr\/wp-json\/wp\/v2\/media\/482749"}],"wp:attachment":[{"href":"https:\/\/www.europesays.com\/fr\/wp-json\/wp\/v2\/media?parent=482748"}],"wp:term":[{"taxonomy":"category","embeddable":true,"href":"https:\/\/www.europesays.com\/fr\/wp-json\/wp\/v2\/categories?post=482748"},{"taxonomy":"post_tag","embeddable":true,"href":"https:\/\/www.europesays.com\/fr\/wp-json\/wp\/v2\/tags?post=482748"}],"curies":[{"name":"wp","href":"https:\/\/api.w.org\/{rel}","templated":true}]}}