{"id":48276,"date":"2025-04-24T04:29:11","date_gmt":"2025-04-24T04:29:11","guid":{"rendered":"https:\/\/www.europesays.com\/fr\/48276\/"},"modified":"2025-04-24T04:29:11","modified_gmt":"2025-04-24T04:29:11","slug":"il-denonce-un-scandale-il-frole-la-prison-il-raconte","status":"publish","type":"post","link":"https:\/\/www.europesays.com\/fr\/48276\/","title":{"rendered":"il d\u00e9nonce un scandale, il fr\u00f4le la prison, il raconte"},"content":{"rendered":"<p>Le Dr\u00a0<strong>Eithan Haim<\/strong>, jeune chirurgien texan, a d\u00e9couvert que le\u00a0Texas Children\u2019s Hospital\u00a0poursuivait clandestinement des pratiques de \u00ab soins d\u2019affirmation de genre \u00bb sur des\u00a0<strong>mineurs<\/strong>, malgr\u00e9 l\u2019annonce officielle de l\u2019arr\u00eat de ces proc\u00e9dures. Choqu\u00e9, il a choisi d\u2019alerter l\u2019opinion\u2026 et a pay\u00e9 le prix fort.<\/p>\n<p><strong>3 inculpations<\/strong>,\u00a0<strong>148 actes de proc\u00e9dure<\/strong>,\u00a0<strong>des centaines de milliers de dollars de frais de justice<\/strong> \u2014 avant un classement sans suite, avec pr\u00e9judice. Dans une interview saisissante men\u00e9e par <strong>Jan Jekielek<\/strong>\u00a0pour\u00a0American Thought Leaders, le Dr Haim raconte les dessous de cette affaire explosive :<\/p>\n<ul>\n<li>Pressions politiques<\/li>\n<li>R\u00e9pression institutionnelle<\/li>\n<li>Suspicion de fraude syst\u00e9mique<\/li>\n<li>Et le courage d\u2019un m\u00e9decin d\u00e9cid\u00e9 \u00e0 dire\u00a0<strong>non<\/strong>\u00a0\u00e0 la d\u00e9rive id\u00e9ologique du syst\u00e8me de sant\u00e9 am\u00e9ricain.<\/li>\n<\/ul>\n<p>\u00ab Ils m\u2019ont pris pour une cible. Ils ne pensaient pas que je tiendrais. \u00bb<\/p>\n<p>Un t\u00e9moignage rare, implacable, \u00e0 voir absolument si vous croyez encore que la m\u00e9decine doit servir la v\u00e9rit\u00e9, et non une id\u00e9ologie.<\/p><\/p>\n","protected":false},"excerpt":{"rendered":"Le Dr\u00a0Eithan Haim, jeune chirurgien texan, a d\u00e9couvert que le\u00a0Texas Children\u2019s Hospital\u00a0poursuivait clandestinement des pratiques de \u00ab soins&hellip;\n","protected":false},"author":2,"featured_media":48277,"comment_status":"","ping_status":"","sticky":false,"template":"","format":"standard","meta":{"footnotes":""},"categories":[1589],"tags":[11,13967,13968,73,1866,12,11278,1864,1865,1863,308],"class_list":{"0":"post-48276","1":"post","2":"type-post","3":"status-publish","4":"format-standard","5":"has-post-thumbnail","7":"category-etats-unis","8":"tag-actualites","9":"tag-chirurgien","10":"tag-eithan-haim","11":"tag-etats-unis","12":"tag-etats-unis-damerique","13":"tag-news","14":"tag-trans","15":"tag-united-states","16":"tag-united-states-of-america","17":"tag-us","18":"tag-usa"},"share_on_mastodon":{"url":"https:\/\/pubeurope.com\/@fr\/114391060581897426","error":""},"_links":{"self":[{"href":"https:\/\/www.europesays.com\/fr\/wp-json\/wp\/v2\/posts\/48276","targetHints":{"allow":["GET"]}}],"collection":[{"href":"https:\/\/www.europesays.com\/fr\/wp-json\/wp\/v2\/posts"}],"about":[{"href":"https:\/\/www.europesays.com\/fr\/wp-json\/wp\/v2\/types\/post"}],"author":[{"embeddable":true,"href":"https:\/\/www.europesays.com\/fr\/wp-json\/wp\/v2\/users\/2"}],"replies":[{"embeddable":true,"href":"https:\/\/www.europesays.com\/fr\/wp-json\/wp\/v2\/comments?post=48276"}],"version-history":[{"count":0,"href":"https:\/\/www.europesays.com\/fr\/wp-json\/wp\/v2\/posts\/48276\/revisions"}],"wp:featuredmedia":[{"embeddable":true,"href":"https:\/\/www.europesays.com\/fr\/wp-json\/wp\/v2\/media\/48277"}],"wp:attachment":[{"href":"https:\/\/www.europesays.com\/fr\/wp-json\/wp\/v2\/media?parent=48276"}],"wp:term":[{"taxonomy":"category","embeddable":true,"href":"https:\/\/www.europesays.com\/fr\/wp-json\/wp\/v2\/categories?post=48276"},{"taxonomy":"post_tag","embeddable":true,"href":"https:\/\/www.europesays.com\/fr\/wp-json\/wp\/v2\/tags?post=48276"}],"curies":[{"name":"wp","href":"https:\/\/api.w.org\/{rel}","templated":true}]}}