{"id":482760,"date":"2025-10-22T20:05:34","date_gmt":"2025-10-22T20:05:34","guid":{"rendered":"https:\/\/www.europesays.com\/fr\/482760\/"},"modified":"2025-10-22T20:05:34","modified_gmt":"2025-10-22T20:05:34","slug":"freinages-fantomes-signalez-vous","status":"publish","type":"post","link":"https:\/\/www.europesays.com\/fr\/482760\/","title":{"rendered":"Freinages fant\u00f4mes : Signalez-vous !"},"content":{"rendered":"<p itemprop=\"description\">Des centaines d&rsquo;automobilistes vivent l&rsquo;enfer. Leur voiture freine brutalement sans raison, parfois avec des cons\u00e9quences tragiques. <\/p>\n<p>Le gouvernement va alors d\u00e9ployer un formulaire pour recenser les victimes de freinages intempestifs apr\u00e8s des dizaines de signalements officiels. L\u00a0\u00bbenqu\u00eate ouverte en ao\u00fbt pointe le freinage automatique d&rsquo;urgence obligatoire depuis 2022. Plusieurs marques sont concern\u00e9es mais rejettent toute responsabilit\u00e9.<\/p>\n<p>\t\t\tLe drame qui a tout d\u00e9clench\u00e9 <\/p>\n<p>Avril 2025, autoroute A40 reliant Lyon \u00e0 la Haute-Savoie. Joanna Peyrache roule tranquillement \u00e0 plus de 110 km\/h au volant de sa <a href=\"https:\/\/www.autoplus.fr\/marque\/208\" rel=\"nofollow noopener\" target=\"_blank\">Peugeot 208 <\/a>quand l&rsquo;impensable survient. Sans aucun obstacle visible, sans qu&rsquo;elle touche la p\u00e9dale de frein, <strong>sa voiture s&rsquo;immobilise brutalement<\/strong>. Passage de 130 km\/h \u00e0 l&rsquo;arr\u00eat complet en quelques secondes. Le v\u00e9hicule qui la suit n&rsquo;a aucune chance d&rsquo;\u00e9viter la collision. Le choc propulse la 208 contre l&rsquo;arri\u00e8re d&rsquo;un poids lourd. <strong>Bilan, une amie perd la vie dans cet accident inexplicable<\/strong>.<\/p>\n<p>Lorsque Joanna r\u00e9clame une expertise technique pour comprendre ce qui s&rsquo;est pass\u00e9, son assureur refuse. Refus \u00e9galement du constructeur qui balaie ses interrogations d&rsquo;un revers de main. <strong>R\u00e9volt\u00e9e, la conductrice lance un appel \u00e0 t\u00e9moignages sur Facebook d\u00e9but ao\u00fbt<\/strong>. Environ 600 personnes la contactent pour d\u00e9crire exactement le m\u00eame sc\u00e9nario. Des freinages brusques, injustifi\u00e9s, parfois en pleine autoroute avec la circulation qui arrive \u00e0 vive allure.<\/p>\n<p><a href=\"https:\/\/www.facebook.com\/groups\/1272739627583971\/\" rel=\"nofollow noopener\" target=\"_blank\">Son groupe Facebook<\/a> devient rapidement le point de ralliement de toutes les victimes. Les t\u00e9moignages se ressemblent de mani\u00e8re troublante. Les v\u00e9hicules concern\u00e9s sont r\u00e9cents et commercialis\u00e9s entre 2017 et 2025. Ces v\u00e9hicules ont un autre d\u00e9nominateur commun car <strong>ils embarquent toutes le freinage automatique d&rsquo;urgence, devenu obligatoire sur les v\u00e9hicules neufs europ\u00e9ens depuis juillet 2024, mais d\u00e9j\u00e0 g\u00e9n\u00e9ralis\u00e9 depuis 2022<\/strong>.<\/p>\n<p>Le 7 ao\u00fbt, le Service de surveillance du march\u00e9 des v\u00e9hicules et des moteurs (SSMVM) prend contact avec Joanna. Exactement une semaine plus tard, le 14 ao\u00fbt, le minist\u00e8re des Transports ouvre officiellement une enqu\u00eate. Une p\u00e9tition lanc\u00e9e le 6 ao\u00fbt sur le site de l&rsquo;Assembl\u00e9e nationale r\u00e9clame \u00ab\u00a0une enqu\u00eate et une r\u00e9forme sur les syst\u00e8mes de freinage d&rsquo;urgence automatique\u00a0\u00bb. Elle d\u00e9passe rapidement les 300 signatures.<\/p>\n<p>    Une enqu\u00eate qui patine face au mur des constructeurs <\/p>\n<p><strong>Le minist\u00e8re a re\u00e7u plusieurs dizaines de signalements depuis l&rsquo;\u00e9t\u00e9<\/strong>. Un chiffre largement sous-\u00e9valu\u00e9 selon les autorit\u00e9s elles-m\u00eames, conscientes que la majorit\u00e9 des victimes ne connaissent pas les canaux administratifs pour remonter ces incidents. D&rsquo;o\u00f9 la d\u00e9cision annonc\u00e9e par <a href=\"https:\/\/www.rtl.fr\/actu\/economie-consommation\/info-rtl-freinages-fantomes-le-ministere-du-transport-appelle-les-automobilistes-victimes-a-se-signaler-7900555601\" target=\"_blank\" rel=\"nofollow noopener\">RTL<\/a> : <strong>un questionnaire national sera mis en ligne dans les tout prochains jours sur le site du minist\u00e8re des Transports<\/strong>. Ce formulaire vise \u00e0 recenser exhaustivement toutes les personnes confront\u00e9es \u00e0 ces freinages fant\u00f4mes. Son objectif est d\u2019obtenir une vision claire du nombre de v\u00e9hicules impliqu\u00e9s et des circonstances pr\u00e9cises de d\u00e9clenchement. Car pour l&rsquo;instant, l&rsquo;enqu\u00eate avance \u00e0 t\u00e2tons. Le SSMVM r\u00e9alise des tests sur des v\u00e9hicules, auditionne constructeurs, fournisseurs et experts ind\u00e9pendants. <strong>Mais aucune preuve tangible d&rsquo;un d\u00e9faut sp\u00e9cifique chez un fabricant particulier n&rsquo;a encore \u00e9merg\u00e9.<\/strong><\/p>\n<p>Les marques point\u00e9es du doigt par les automobilistes <strong>rejettent cat\u00e9goriquement toute responsabilit\u00e9<\/strong>. Me Thomas Tapieroa, avocat sp\u00e9cialis\u00e9, voit d\u00e9filer les dossiers : \u00ab\u00a0Depuis cet \u00e9t\u00e9, une dizaine de personnes ont pris contact. Il pourrait y avoir plusieurs centaines de personnes concern\u00e9es par ce ph\u00e9nom\u00e8ne. Les cas sont extr\u00eamement vari\u00e9s, allant de la simple frayeur \u00e0 des accidents mortels\u00a0\u00bb. L&rsquo;avocat n&rsquo;h\u00e9site pas \u00e0 \u00e9voquer la possibilit\u00e9 d&rsquo;un nouveau scandale comparable \u00e0 celui des airbags <a href=\"https:\/\/www.autoplus.fr\/actualite\/airbags-takata-quels-modeles-sont-concernes-par-un-rappel-en-octobre-2025-1400262.html\" rel=\"nofollow noopener\" target=\"_blank\">Takata<\/a> qui avait provoqu\u00e9 des dizaines de morts et des rappels en masse. Les experts estiment que le freinage automatique d&rsquo;urgence des v\u00e9hicules concern\u00e9s serait victime de dysfonctionnements r\u00e9p\u00e9t\u00e9s. Ce syst\u00e8me repose sur un arsenal de capteurs, cam\u00e9ras et radars cens\u00e9s d\u00e9tecter les obstacles et d\u00e9clencher un freinage d&rsquo;urgence en cas de collision imminente. <strong>Une technologie destin\u00e9e \u00e0 sauver des vies, mais qui paradoxalement en met d&rsquo;autres en danger quand elle d\u00e9raille.<\/strong><\/p>\n<p>Plusieurs hypoth\u00e8ses circulent pour expliquer ces bugs. D&rsquo;abord les conditions m\u00e9t\u00e9orologiques. Une pluie battante pourrait perturber les capteurs et les amener \u00e0 interpr\u00e9ter les gouttes d&rsquo;eau comme des obstacles. Certains <a href=\"https:\/\/www.autoplus.fr\/actualite\/et-si-la-voiture-autonome-sauvait-des-vies-1403414.html\" rel=\"nofollow noopener\" target=\"_blank\">capteurs<\/a> interpr\u00e8tent \u00e0 tort des reflets, des marquages au sol ou des portiques autoroutiers comme des dangers imminents. Ces \u00ab\u00a0faux positifs\u00a0\u00bb d\u00e9clenchent alors des freinages intempestifs. Ces capteurs ultra-sensibles doivent \u00eatre parfaitement ajust\u00e9s, car m\u00eame un l\u00e9ger d\u00e9calage peut provoquer des cons\u00e9quences dramatiques. Apr\u00e8s un choc ou un simple changement de pare-brise, un recalibrage complet s&rsquo;impose. Sauf que cette op\u00e9ration technique n&rsquo;est pas syst\u00e9matiquement r\u00e9alis\u00e9e par les garages, y compris chez certains concessionnaires officiels.<\/p>\n","protected":false},"excerpt":{"rendered":"Des centaines d&rsquo;automobilistes vivent l&rsquo;enfer. Leur voiture freine brutalement sans raison, parfois avec des cons\u00e9quences tragiques. Le gouvernement&hellip;\n","protected":false},"author":2,"featured_media":482761,"comment_status":"","ping_status":"","sticky":false,"template":"","format":"standard","meta":{"footnotes":""},"categories":[6],"tags":[35,33,34,1011,27,1638],"class_list":{"0":"post-482760","1":"post","2":"type-post","3":"status-publish","4":"format-standard","5":"has-post-thumbnail","7":"category-economie","8":"tag-business","9":"tag-economie","10":"tag-economy","11":"tag-fr","12":"tag-france","13":"tag-has_diapo"},"share_on_mastodon":{"url":"https:\/\/pubeurope.com\/@fr\/115419619193478801","error":""},"_links":{"self":[{"href":"https:\/\/www.europesays.com\/fr\/wp-json\/wp\/v2\/posts\/482760","targetHints":{"allow":["GET"]}}],"collection":[{"href":"https:\/\/www.europesays.com\/fr\/wp-json\/wp\/v2\/posts"}],"about":[{"href":"https:\/\/www.europesays.com\/fr\/wp-json\/wp\/v2\/types\/post"}],"author":[{"embeddable":true,"href":"https:\/\/www.europesays.com\/fr\/wp-json\/wp\/v2\/users\/2"}],"replies":[{"embeddable":true,"href":"https:\/\/www.europesays.com\/fr\/wp-json\/wp\/v2\/comments?post=482760"}],"version-history":[{"count":0,"href":"https:\/\/www.europesays.com\/fr\/wp-json\/wp\/v2\/posts\/482760\/revisions"}],"wp:featuredmedia":[{"embeddable":true,"href":"https:\/\/www.europesays.com\/fr\/wp-json\/wp\/v2\/media\/482761"}],"wp:attachment":[{"href":"https:\/\/www.europesays.com\/fr\/wp-json\/wp\/v2\/media?parent=482760"}],"wp:term":[{"taxonomy":"category","embeddable":true,"href":"https:\/\/www.europesays.com\/fr\/wp-json\/wp\/v2\/categories?post=482760"},{"taxonomy":"post_tag","embeddable":true,"href":"https:\/\/www.europesays.com\/fr\/wp-json\/wp\/v2\/tags?post=482760"}],"curies":[{"name":"wp","href":"https:\/\/api.w.org\/{rel}","templated":true}]}}