{"id":482772,"date":"2025-10-22T20:12:45","date_gmt":"2025-10-22T20:12:45","guid":{"rendered":"https:\/\/www.europesays.com\/fr\/482772\/"},"modified":"2025-10-22T20:12:45","modified_gmt":"2025-10-22T20:12:45","slug":"la-foire-dautomne-annulee-les-parcs-et-cimetieres-fermes","status":"publish","type":"post","link":"https:\/\/www.europesays.com\/fr\/482772\/","title":{"rendered":"la foire d\u2019automne annul\u00e9e, les parcs et cimeti\u00e8res ferm\u00e9s"},"content":{"rendered":"<p>Premier s\u00e9rieux coup de vent de cet automne, la <a href=\"https:\/\/www.estrepublicain.fr\/environnement\/2025\/10\/22\/tempete-benjamin-une-bombe-meteorologique-va-frapper-la-france-jeudi\" target=\"_blank\" rel=\"noopener\">temp\u00eate Benjamin<\/a> ne va pas \u00e9pargner Nancy ce jeudi 23 octobre.<\/p>\n<p>Dans un communiqu\u00e9 dat\u00e9 de ce mercredi 22 octobre, la Ville de Nancy, dirig\u00e9e par <a href=\"https:\/\/www.estrepublicain.fr\/p\/mathieu-klein\" target=\"_blank\" rel=\"noopener\">Mathieu Klein<\/a>, annonce l\u2019annulation du lancement de la Foire d\u2019automne qui se d\u00e9roule traditionnellement \u00e0 cette p\u00e9riode de l\u2019ann\u00e9e dans l\u2019enceinte du parc de la P\u00e9pini\u00e8re.<\/p>\n<p>L\u2019inauguration de la foire est report\u00e9e \u00ab \u00e0 une date ult\u00e9rieure \u00bb, pr\u00e9cise la municipalit\u00e9.<\/p>\n<p>Ce contenu est bloqu\u00e9 car vous n&rsquo;avez pas accept\u00e9 les cookies et autres traceurs.<\/p>\n<p>En cliquant sur \u00ab J\u2019accepte \u00bb, les cookies et autres traceurs seront d\u00e9pos\u00e9s et vous pourrez visualiser les contenus  (<a href=\"\" class=\"consentModule_policy\" target=\"_blank\" title=\"Consulter la politique de protection des donn\u00e9es du fournisseur\">plus d&rsquo;informations<\/a>).<\/p>\n<p>En cliquant sur \u00ab J\u2019accepte tous les cookies \u00bb, vous autorisez des d\u00e9p\u00f4ts de cookies et autres traceurs pour le stockage de vos donn\u00e9es sur nos sites et applications \u00e0 des fins de personnalisation et de ciblage publicitaire.<\/p>\n<p class=\"consentModule_secondaryText\">Vous gardez la possibilit\u00e9 de retirer votre consentement \u00e0 tout moment en consultant notre <a href=\"https:\/\/www.estrepublicain.fr\/protection-des-donnees\" target=\"_blank\" title=\"Consulter notre politique de protection des donn\u00e9es\" rel=\"noopener\">politique de protection des donn\u00e9es<\/a>. <br \/>&#13;<br \/>\n            <a href=\"https:\/\/www.estrepublicain.fr\/culture-loisirs\/2025\/10\/22\/javascript:Didomi.notice.show()\" class=\"consentModule_cmp\" target=\"_blank\" rel=\"noopener\">G\u00e9rer mes choix<\/a>&#13;\n        <\/p>\n<p>&#13;<br \/>\n                        J&rsquo;accepte&#13;<br \/>\n            J&rsquo;accepte tous les cookies&#13;\n        <\/p>\n<p>  Contr\u00f4le avant r\u00e9ouverture<\/p>\n<p>Ces mauvaises conditions m\u00e9t\u00e9o attendues ont d\u2019autres cons\u00e9quences : les parcs et jardins de Nancy ainsi que les cimeti\u00e8res n\u2019ouvriront pas ce jeudi.<\/p>\n<p>\u00ab Ces sites rouvriront progressivement vendredi matin, apr\u00e8s le contr\u00f4le des arbres et des b\u00e2tis par les \u00e9quipes de la Ville de Nancy, afin de s\u2019assurer que les conditions d\u2019accueil du grand public sont optimales et s\u00e9curis\u00e9es \u00bb, indiquent les services de la commune nanc\u00e9ienne.<\/p>\n<p>Les commerces et autres services \u00e0 la population demeurent, eux, ouverts. Aucun changement n\u2019est annonc\u00e9 de ce c\u00f4t\u00e9-l\u00e0.<\/p>\n","protected":false},"excerpt":{"rendered":"Premier s\u00e9rieux coup de vent de cet automne, la temp\u00eate Benjamin ne va pas \u00e9pargner Nancy ce jeudi&hellip;\n","protected":false},"author":2,"featured_media":482773,"comment_status":"","ping_status":"","sticky":false,"template":"","format":"standard","meta":{"footnotes":""},"categories":[9635],"tags":[1111,11,1687,1704,436,1777,674,3326,1011,27,775,8423,1702,1703,12,3456,25,104],"class_list":{"0":"post-482772","1":"post","2":"type-post","3":"status-publish","4":"format-standard","5":"has-post-thumbnail","7":"category-nancy","8":"tag-actu","9":"tag-actualites","10":"tag-culture-loisirs","11":"tag-edition-nancy-et-agglomeration","12":"tag-environnement","13":"tag-eu","14":"tag-europe","15":"tag-fete-locale","16":"tag-fr","17":"tag-france","18":"tag-grand-est","19":"tag-meteorologie-climat","20":"tag-nancy","21":"tag-nancy-ville-54b","22":"tag-news","23":"tag-region-lorraine","24":"tag-republique-francaise","25":"tag-societe"},"share_on_mastodon":{"url":"https:\/\/pubeurope.com\/@fr\/115419646834155303","error":""},"_links":{"self":[{"href":"https:\/\/www.europesays.com\/fr\/wp-json\/wp\/v2\/posts\/482772","targetHints":{"allow":["GET"]}}],"collection":[{"href":"https:\/\/www.europesays.com\/fr\/wp-json\/wp\/v2\/posts"}],"about":[{"href":"https:\/\/www.europesays.com\/fr\/wp-json\/wp\/v2\/types\/post"}],"author":[{"embeddable":true,"href":"https:\/\/www.europesays.com\/fr\/wp-json\/wp\/v2\/users\/2"}],"replies":[{"embeddable":true,"href":"https:\/\/www.europesays.com\/fr\/wp-json\/wp\/v2\/comments?post=482772"}],"version-history":[{"count":0,"href":"https:\/\/www.europesays.com\/fr\/wp-json\/wp\/v2\/posts\/482772\/revisions"}],"wp:featuredmedia":[{"embeddable":true,"href":"https:\/\/www.europesays.com\/fr\/wp-json\/wp\/v2\/media\/482773"}],"wp:attachment":[{"href":"https:\/\/www.europesays.com\/fr\/wp-json\/wp\/v2\/media?parent=482772"}],"wp:term":[{"taxonomy":"category","embeddable":true,"href":"https:\/\/www.europesays.com\/fr\/wp-json\/wp\/v2\/categories?post=482772"},{"taxonomy":"post_tag","embeddable":true,"href":"https:\/\/www.europesays.com\/fr\/wp-json\/wp\/v2\/tags?post=482772"}],"curies":[{"name":"wp","href":"https:\/\/api.w.org\/{rel}","templated":true}]}}