{"id":482777,"date":"2025-10-22T20:15:49","date_gmt":"2025-10-22T20:15:49","guid":{"rendered":"https:\/\/www.europesays.com\/fr\/482777\/"},"modified":"2025-10-22T20:15:49","modified_gmt":"2025-10-22T20:15:49","slug":"un-enfant-de-7-ans-perd-la-vie-dans-un-terrible-accident-sur-la-route-du-mont-faron-2","status":"publish","type":"post","link":"https:\/\/www.europesays.com\/fr\/482777\/","title":{"rendered":"Un enfant de 7 ans perd la vie dans un terrible accident sur la route du mont Faron"},"content":{"rendered":"<p class=\"mb-4 text-lg md:leading-8 break-words\"><strong>drame &#8211; Un choc frontal entre deux voitures a co\u00fbt\u00e9 la vie \u00e0 un enfant de 7 ans dimanche soir \u00e0 Toulon, sur la route du mont Faron<\/strong><\/p>\n<p class=\"mb-4 text-lg md:leading-8 break-words\">Un drame s\u2019est produit dimanche soir sur la route d\u00e9partementale 46, au nord du mont Faron, \u00e0 <a href=\"https:\/\/www.20minutes.fr\/dossier\/toulon?at_medium=RSS%20feed&amp;at_campaign=ynews&amp;utm_source=yahoo&amp;utm_medium=rss&amp;utm_campaign=news_feed&amp;utm_content=in_article_link\" rel=\"nofollow noopener\" target=\"_blank\" data-ylk=\"slk:Toulon;elm:context_link;itc:0;sec:content-canvas\" class=\"link \">Toulon<\/a> (<a href=\"https:\/\/www.20minutes.fr\/societe\/var\/?at_medium=RSS%20feed&amp;at_campaign=ynews&amp;utm_source=yahoo&amp;utm_medium=rss&amp;utm_campaign=news_feed&amp;utm_content=in_article_link\" rel=\"nofollow noopener\" target=\"_blank\" data-ylk=\"slk:Var;elm:context_link;itc:0;sec:content-canvas\" class=\"link \">Var<\/a>). D\u2019apr\u00e8s les informations recueillies par <a href=\"https:\/\/www.nicematin.com\/faits-divers\/un-enfant-de-7-ans-tue-dans-un-choc-frontal-entre-deux-voitures-a-toulon-une-enquete-est-ouverte-10653293?at_medium=RSS%20feed&amp;at_campaign=ynews&amp;utm_source=yahoo&amp;utm_medium=rss&amp;utm_campaign=news_feed&amp;utm_content=in_article_link\" rel=\"nofollow noopener\" target=\"_blank\" data-ylk=\"slk:Var-Matin;elm:context_link;itc:0;sec:content-canvas\" class=\"link \">Var-Matin<\/a>, un enfant de 7 ans a perdu la vie apr\u00e8s un violent choc frontal entre deux v\u00e9hicules, survenu vers 22h30. Les secours, rapidement d\u00e9p\u00each\u00e9s sur place, ont mobilis\u00e9 d\u2019importants moyens\u00a0: sapeurs-pompiers, Samu, police nationale et municipale.<\/p>\n<p class=\"mb-4 text-lg md:leading-8 break-words\">L\u2019un des v\u00e9hicules impliqu\u00e9s \u00e9tait conduit par une m\u00e8re accompagn\u00e9e de ses trois enfants, dont la jeune victime. L\u2019autre voiture transportait \u00e9galement plusieurs passagers. Au total, sept bless\u00e9s ont \u00e9t\u00e9 pris en charge et hospitalis\u00e9s dans la nuit, tandis qu\u2019une enqu\u00eate de police a \u00e9t\u00e9 ouverte pour comprendre les circonstances exactes de cette collision.<\/p>\n<p>Enqu\u00eate en cours pour d\u00e9terminer les causes du drame<\/p>\n<p class=\"mb-4 text-lg md:leading-8 break-words\">Les premi\u00e8res constatations ont \u00e9t\u00e9 r\u00e9alis\u00e9es sur les lieux par les enqu\u00eateurs, qui cherchent \u00e0 \u00e9tablir les responsabilit\u00e9s de chaque conducteur. Des auditions ont eu lieu d\u00e8s la nuit de l\u2019accident pour pr\u00e9ciser les circonstances du choc.<\/p>\n<p class=\"mb-4 text-lg md:leading-8 break-words\">Ce nouveau drame endeuille la r\u00e9gion toulonnaise, r\u00e9guli\u00e8rement confront\u00e9e \u00e0 des accidents sur cet axe sinueux du mont Faron, <a href=\"https:\/\/www.20minutes.fr\/societe\/4178195-20251009-var-pourquoi-route-faron-va-fermer-plusieurs-jours-octobre?at_medium=RSS%20feed&amp;at_campaign=ynews&amp;utm_source=yahoo&amp;utm_medium=rss&amp;utm_campaign=news_feed&amp;utm_content=in_article_link\" rel=\"nofollow noopener\" target=\"_blank\" data-ylk=\"slk:r\u00e9cemment ferm\u00e9 plusieurs jours pour travaux;elm:context_link;itc:0;sec:content-canvas\" class=\"link \">r\u00e9cemment ferm\u00e9 plusieurs jours pour travaux<\/a>.<\/p>\n<p class=\"mb-4 text-lg md:leading-8 break-words\"><a href=\"https:\/\/www.20minutes.fr\/faits_divers\/4180865-20251022-toulon-enfant-7-ans-perd-vie-terrible-accident-route-mont-faron?at_medium=RSS%20feed&amp;at_campaign=ynews&amp;utm_source=yahoo&amp;utm_medium=rss&amp;utm_campaign=news_feed&amp;utm_content=read_more_link&quot;\" rel=\"nofollow noopener\" target=\"_blank\" data-ylk=\"slk:Lire la suite sur 20minutes;elm:context_link;itc:0;sec:content-canvas\" class=\"link \">Lire la suite sur 20minutes<\/a><\/p>\n<p>\u00c0 lire aussi :<br \/><a href=\"https:\/\/www.20minutes.fr\/faits_divers\/4178214-20251009-lot-trois-pietons-dont-enfant-trois-ans-fauches-accident-route?at_medium=RSS%20feed&amp;at_campaign=ynews&amp;utm_source=yahoo&amp;utm_medium=rss&amp;utm_campaign=news_feed&amp;utm_content=related_content_link\" rel=\"nofollow noopener\" target=\"_blank\" data-ylk=\"slk:Lot\u00a0: Trois pi\u00e9tons, dont un enfant de trois ans, fauch\u00e9s dans un accident de la route;elm:context_link;itc:0;sec:content-canvas\" class=\"link \">Lot\u00a0: Trois pi\u00e9tons, dont un enfant de trois ans, fauch\u00e9s dans un accident de la route<\/a><br \/><a href=\"https:\/\/www.20minutes.fr\/faits_divers\/4173319-20250916-vosges-fillette-deux-ans-meurt-accident-route?at_medium=RSS%20feed&amp;at_campaign=ynews&amp;utm_source=yahoo&amp;utm_medium=rss&amp;utm_campaign=news_feed&amp;utm_content=related_content_link\" rel=\"nofollow noopener\" target=\"_blank\" data-ylk=\"slk:Vosges\u00a0: Une fillette de deux ans meurt dans un accident de la route;elm:context_link;itc:0;sec:content-canvas\" class=\"link \">Vosges\u00a0: Une fillette de deux ans meurt dans un accident de la route<\/a><\/p>\n","protected":false},"excerpt":{"rendered":"drame &#8211; Un choc frontal entre deux voitures a co\u00fbt\u00e9 la vie \u00e0 un enfant de 7 ans&hellip;\n","protected":false},"author":2,"featured_media":482778,"comment_status":"","ping_status":"","sticky":false,"template":"","format":"standard","meta":{"footnotes":""},"categories":[9619],"tags":[4376,1111,11,1764,847,28946,1777,674,1011,27,57541,12,882,25,60603,2310],"class_list":{"0":"post-482777","1":"post","2":"type-post","3":"status-publish","4":"format-standard","5":"has-post-thumbnail","7":"category-toulon","8":"tag-accident-de-la-route","9":"tag-actu","10":"tag-actualites","11":"tag-ans","12":"tag-enfant","13":"tag-enquete-de-police","14":"tag-eu","15":"tag-europe","16":"tag-fr","17":"tag-france","18":"tag-mont-faron","19":"tag-news","20":"tag-provence-alpes-cote-dazur","21":"tag-republique-francaise","22":"tag-route-departementale","23":"tag-toulon"},"share_on_mastodon":{"url":"https:\/\/pubeurope.com\/@fr\/115419662452589312","error":""},"_links":{"self":[{"href":"https:\/\/www.europesays.com\/fr\/wp-json\/wp\/v2\/posts\/482777","targetHints":{"allow":["GET"]}}],"collection":[{"href":"https:\/\/www.europesays.com\/fr\/wp-json\/wp\/v2\/posts"}],"about":[{"href":"https:\/\/www.europesays.com\/fr\/wp-json\/wp\/v2\/types\/post"}],"author":[{"embeddable":true,"href":"https:\/\/www.europesays.com\/fr\/wp-json\/wp\/v2\/users\/2"}],"replies":[{"embeddable":true,"href":"https:\/\/www.europesays.com\/fr\/wp-json\/wp\/v2\/comments?post=482777"}],"version-history":[{"count":0,"href":"https:\/\/www.europesays.com\/fr\/wp-json\/wp\/v2\/posts\/482777\/revisions"}],"wp:featuredmedia":[{"embeddable":true,"href":"https:\/\/www.europesays.com\/fr\/wp-json\/wp\/v2\/media\/482778"}],"wp:attachment":[{"href":"https:\/\/www.europesays.com\/fr\/wp-json\/wp\/v2\/media?parent=482777"}],"wp:term":[{"taxonomy":"category","embeddable":true,"href":"https:\/\/www.europesays.com\/fr\/wp-json\/wp\/v2\/categories?post=482777"},{"taxonomy":"post_tag","embeddable":true,"href":"https:\/\/www.europesays.com\/fr\/wp-json\/wp\/v2\/tags?post=482777"}],"curies":[{"name":"wp","href":"https:\/\/api.w.org\/{rel}","templated":true}]}}