{"id":482785,"date":"2025-10-22T20:27:15","date_gmt":"2025-10-22T20:27:15","guid":{"rendered":"https:\/\/www.europesays.com\/fr\/482785\/"},"modified":"2025-10-22T20:27:15","modified_gmt":"2025-10-22T20:27:15","slug":"controle-pour-un-feu-rouge-brule-il-avait-trois-fois-la-limite-maximale-dalcool-dans-le-sang","status":"publish","type":"post","link":"https:\/\/www.europesays.com\/fr\/482785\/","title":{"rendered":"contr\u00f4l\u00e9 pour un feu rouge br\u00fbl\u00e9, il avait trois fois la limite maximale d\u2019alcool dans le sang"},"content":{"rendered":"<p>            Par<br \/>\n        <strong><br \/>\n            <a href=\"https:\/\/actu.fr\/auteur\/aurelien-delavaud\" title=\"Consulter tous les articles de Aur\u00e9lien Delavaud\" target=\"_blank\" rel=\"noopener\">Aur\u00e9lien Delavaud<\/a><br \/>\n        <\/strong><\/p>\n<p>        Publi\u00e9 le<\/p>\n<p>            22 oct. 2025 \u00e0 19h04        <\/p>\n<p>M\u00eame sans allumer ses phares en pleine nuit, il y a mieux pour passer inaper\u00e7u. Le mardi 21\u00a0octobre 2025, il est pr\u00e8s de 22\u2009h\u200930 lorsqu\u2019un \u00e9quipage de <b>police<\/b> patrouille dans le centre-ville d\u2019<a href=\"https:\/\/actu.fr\/normandie\/elbeuf_76231\" target=\"_blank\" rel=\"noopener\">Elbeuf (Seine-Maritime)<\/a>.<\/p>\n<p class=\" wall-content\">Dans la rue des Martyrs, ils voient alors une camionnette, un Citro\u00ebn Jumpy, arriver <b>tous feux \u00e9teints<\/b> et <b>franchir un feu rouge<\/b> sous leurs yeux.<\/p>\n<p>1,52\u00a0g d\u2019alcool dans le sang<\/p>\n<p class=\" wall-content\">Imm\u00e9diatement, les policiers allument gyrophare et sir\u00e8ne et se lancent \u00e0 la poursuite du v\u00e9hicule. Le conducteur obtemp\u00e8re et s\u2019arr\u00eate quelques m\u00e8tres plus loin, dans la rue de la R\u00e9publique.<\/p>\n<p class=\" wall-content\">Apr\u00e8s l\u2019infraction constat\u00e9e par les policiers, un autre probl\u00e8me se pose pour l\u2019homme au volant\u2009: il n\u2019a pas de pi\u00e8ce d\u2019identit\u00e9 sur lui et pr\u00e9sente une carte bancaire \u00e0 la place.<\/p>\n<p class=\" wall-content\">Une fois les v\u00e9rifications effectu\u00e9es, il appara\u00eet qu\u2019il a bien le <b>permis de conduire<\/b> et que son assurance est en r\u00e8gle. Par contre, il explique lui-m\u00eame qu\u2019il a <b>consomm\u00e9 du whisky<\/b> et de la bi\u00e8re, plus t\u00f4t dans la soir\u00e9e.<\/p>\n<p>Vid\u00e9os : en ce moment sur Actu<\/p>\n<p class=\" wall-content\">Sans surprise, son <b>d\u00e9pistage \u00e0 l\u2019alcool<\/b> ressort positif\u2009: il affiche un taux de 1,52\u00a0g d\u2019alcool dans le sang, soit <b>trois fois plus que la limite<\/b> maximale autoris\u00e9e (0,5\u00a0g).<\/p>\n<p class=\" wall-content\">L\u2019homme de 37\u00a0ans, originaire d\u2019Oissel, a \u00e9t\u00e9 plac\u00e9 en garde \u00e0 vue. Son v\u00e9hicule a \u00e9t\u00e9 immobilis\u00e9.<\/p>\n<p class=\" wall-content\">Personnalisez votre actualit\u00e9 en ajoutant vos villes et m\u00e9dias en favori avec <a href=\"https:\/\/moncompte.actu.fr\" title=\"D\u00e9couvez Mon Actu\" rel=\"nofollow noopener\" data-trk=\"{&quot;cta&quot;:{&quot;action&quot;:&quot;https:\\\/\\\/moncompte.actu.fr&quot;,&quot;category&quot;:&quot;mon compte&quot;,&quot;from&quot;:&quot;article footer&quot;,&quot;name&quot;:&quot;Mon actu&quot;,&quot;type&quot;:&quot;cta&quot;}}\" target=\"_blank\">Mon Actu<\/a>.<\/p>\n","protected":false},"excerpt":{"rendered":"Par Aur\u00e9lien Delavaud Publi\u00e9 le 22 oct. 2025 \u00e0 19h04 M\u00eame sans allumer ses phares en pleine nuit,&hellip;\n","protected":false},"author":2,"featured_media":482786,"comment_status":"","ping_status":"","sticky":false,"template":"","format":"standard","meta":{"footnotes":""},"categories":[9587],"tags":[1111,11,5702,1777,674,118,1011,27,12,5161,1072,25,9590],"class_list":{"0":"post-482785","1":"post","2":"type-post","3":"status-publish","4":"format-standard","5":"has-post-thumbnail","7":"category-rouen","8":"tag-actu","9":"tag-actualites","10":"tag-alcool","11":"tag-eu","12":"tag-europe","13":"tag-faits-divers","14":"tag-fr","15":"tag-france","16":"tag-news","17":"tag-normandie","18":"tag-police","19":"tag-republique-francaise","20":"tag-rouen"},"share_on_mastodon":{"url":"https:\/\/pubeurope.com\/@fr\/115419705723321119","error":""},"_links":{"self":[{"href":"https:\/\/www.europesays.com\/fr\/wp-json\/wp\/v2\/posts\/482785","targetHints":{"allow":["GET"]}}],"collection":[{"href":"https:\/\/www.europesays.com\/fr\/wp-json\/wp\/v2\/posts"}],"about":[{"href":"https:\/\/www.europesays.com\/fr\/wp-json\/wp\/v2\/types\/post"}],"author":[{"embeddable":true,"href":"https:\/\/www.europesays.com\/fr\/wp-json\/wp\/v2\/users\/2"}],"replies":[{"embeddable":true,"href":"https:\/\/www.europesays.com\/fr\/wp-json\/wp\/v2\/comments?post=482785"}],"version-history":[{"count":0,"href":"https:\/\/www.europesays.com\/fr\/wp-json\/wp\/v2\/posts\/482785\/revisions"}],"wp:featuredmedia":[{"embeddable":true,"href":"https:\/\/www.europesays.com\/fr\/wp-json\/wp\/v2\/media\/482786"}],"wp:attachment":[{"href":"https:\/\/www.europesays.com\/fr\/wp-json\/wp\/v2\/media?parent=482785"}],"wp:term":[{"taxonomy":"category","embeddable":true,"href":"https:\/\/www.europesays.com\/fr\/wp-json\/wp\/v2\/categories?post=482785"},{"taxonomy":"post_tag","embeddable":true,"href":"https:\/\/www.europesays.com\/fr\/wp-json\/wp\/v2\/tags?post=482785"}],"curies":[{"name":"wp","href":"https:\/\/api.w.org\/{rel}","templated":true}]}}