{"id":482787,"date":"2025-10-22T20:28:32","date_gmt":"2025-10-22T20:28:32","guid":{"rendered":"https:\/\/www.europesays.com\/fr\/482787\/"},"modified":"2025-10-22T20:28:32","modified_gmt":"2025-10-22T20:28:32","slug":"que-faire-pour-halloween-avec-nos-momes","status":"publish","type":"post","link":"https:\/\/www.europesays.com\/fr\/482787\/","title":{"rendered":"que faire pour Halloween avec nos m\u00f4mes\u00a0?"},"content":{"rendered":"<p>Halloween, OK, c\u2019est une f\u00eate am\u00e9ricaine. Mais c\u2019est une f\u00eate que nos enfants adorent. Et \u00e7a tombe bien puisque plusieurs lieux is\u00e9rois organisent des fiestas et des ateliers sur ce th\u00e8me. En voici quelques-uns, et pour certains \u00e9v\u00e9nements, il faut penser \u00e0 r\u00e9server.<\/p>\n<p>La magie des Automates passe au orange<\/p>\n<p>C\u2019est le mois Halloween \u00e0 Lans-en-Vercors, \u00e0 La Magie des Automates (785 chemin des fusill\u00e9s). Donc, outre l\u2019exposition habituelle qui est d\u00e9j\u00e0 trop fun, les citrouilles et fant\u00f4mes sont arriv\u00e9s sur les lieux (et ce, jusqu\u2019au dimanche 2\u00a0novembre inclus). Le site sera ouvert tous les jours de 10\u00a0h\u00a030 \u00e0 18\u00a0h\u00a030, y&#8230;<\/p>\n","protected":false},"excerpt":{"rendered":"Halloween, OK, c\u2019est une f\u00eate am\u00e9ricaine. Mais c\u2019est une f\u00eate que nos enfants adorent. Et \u00e7a tombe bien&hellip;\n","protected":false},"author":2,"featured_media":482788,"comment_status":"","ping_status":"","sticky":false,"template":"","format":"standard","meta":{"footnotes":""},"categories":[9566],"tags":[1111,11,2430,1687,112,113,111,114,1777,674,3326,12127,1011,27,2731,2732,108,109,25266,3294,1985,12,2661,25,16668,3140,1986],"class_list":{"0":"post-482787","1":"post","2":"type-post","3":"status-publish","4":"format-standard","5":"has-post-thumbnail","7":"category-grenoble","8":"tag-actu","9":"tag-actualites","10":"tag-auvergne-rhone-alpes","11":"tag-culture-loisirs","12":"tag-edition-grenoble-agglomeration","13":"tag-edition-gresivaudan-oisans","14":"tag-edition-vienne-roussillon","15":"tag-edition-voiron-saint-marcellin","16":"tag-eu","17":"tag-europe","18":"tag-fete-locale","19":"tag-fontanil-cornillon","20":"tag-fr","21":"tag-france","22":"tag-grenoble","23":"tag-grenoble-bassin","24":"tag-isere","25":"tag-la-cote-saint-andre","26":"tag-la-mure","27":"tag-le-pont-de-claix","28":"tag-metropole-de-grenoble","29":"tag-news","30":"tag-patrimoine-culturel","31":"tag-republique-francaise","32":"tag-sassenage","33":"tag-spectacle","34":"tag-vif"},"share_on_mastodon":{"url":"https:\/\/pubeurope.com\/@fr\/115419709643604633","error":""},"_links":{"self":[{"href":"https:\/\/www.europesays.com\/fr\/wp-json\/wp\/v2\/posts\/482787","targetHints":{"allow":["GET"]}}],"collection":[{"href":"https:\/\/www.europesays.com\/fr\/wp-json\/wp\/v2\/posts"}],"about":[{"href":"https:\/\/www.europesays.com\/fr\/wp-json\/wp\/v2\/types\/post"}],"author":[{"embeddable":true,"href":"https:\/\/www.europesays.com\/fr\/wp-json\/wp\/v2\/users\/2"}],"replies":[{"embeddable":true,"href":"https:\/\/www.europesays.com\/fr\/wp-json\/wp\/v2\/comments?post=482787"}],"version-history":[{"count":0,"href":"https:\/\/www.europesays.com\/fr\/wp-json\/wp\/v2\/posts\/482787\/revisions"}],"wp:featuredmedia":[{"embeddable":true,"href":"https:\/\/www.europesays.com\/fr\/wp-json\/wp\/v2\/media\/482788"}],"wp:attachment":[{"href":"https:\/\/www.europesays.com\/fr\/wp-json\/wp\/v2\/media?parent=482787"}],"wp:term":[{"taxonomy":"category","embeddable":true,"href":"https:\/\/www.europesays.com\/fr\/wp-json\/wp\/v2\/categories?post=482787"},{"taxonomy":"post_tag","embeddable":true,"href":"https:\/\/www.europesays.com\/fr\/wp-json\/wp\/v2\/tags?post=482787"}],"curies":[{"name":"wp","href":"https:\/\/api.w.org\/{rel}","templated":true}]}}