{"id":482791,"date":"2025-10-22T20:30:36","date_gmt":"2025-10-22T20:30:36","guid":{"rendered":"https:\/\/www.europesays.com\/fr\/482791\/"},"modified":"2025-10-22T20:30:36","modified_gmt":"2025-10-22T20:30:36","slug":"pres-de-rennes-lart-du-bois-au-chevet-des-menuiseries-du-patrimoine-ancien","status":"publish","type":"post","link":"https:\/\/www.europesays.com\/fr\/482791\/","title":{"rendered":"Pr\u00e8s de Rennes, l\u2019Art du bois au chevet des menuiseries du patrimoine ancien"},"content":{"rendered":"<p><strong>\u00ab\u00a0Notre entreprise, cr\u00e9\u00e9e par un menuisier, s\u2019est install\u00e9e en 1969 dans la zone d\u2019activit\u00e9 de Chavagne (Ille-et-Vilaine), alors naissante\u00a0\u00bb,<\/strong> explique Nicolas Chanclou, troisi\u00e8me dirigeant de l\u2019Art du bois <strong>\u00ab\u00a0depuis une dizaine d\u2019ann\u00e9es\u00a0\u00bb<\/strong>.<\/p>\n<p>Sp\u00e9cialis\u00e9e dans la menuiserie traditionnelle, la soci\u00e9t\u00e9 est labellis\u00e9e Qualibat et Entreprise du patrimoine vivant, avec une expertise <strong>\u00ab\u00a0sur &#8230;<\/strong><\/p>\n<p>\u00a0<\/p>\n","protected":false},"excerpt":{"rendered":"\u00ab\u00a0Notre entreprise, cr\u00e9\u00e9e par un menuisier, s\u2019est install\u00e9e en 1969 dans la zone d\u2019activit\u00e9 de Chavagne (Ille-et-Vilaine), alors&hellip;\n","protected":false},"author":2,"featured_media":482792,"comment_status":"","ping_status":"","sticky":false,"template":"","format":"standard","meta":{"footnotes":""},"categories":[2821],"tags":[1111,11,4255,3734,4154,829,36280,1777,674,1011,27,60604,12,2551,3762,584,25],"class_list":{"0":"post-482791","1":"post","2":"type-post","3":"status-publish","4":"format-standard","5":"has-post-thumbnail","7":"category-rennes","8":"tag-actu","9":"tag-actualites","10":"tag-ancien","11":"tag-art","12":"tag-bois","13":"tag-bretagne","14":"tag-chevet","15":"tag-eu","16":"tag-europe","17":"tag-fr","18":"tag-france","19":"tag-menuiseries","20":"tag-news","21":"tag-patrimoine","22":"tag-pres","23":"tag-rennes","24":"tag-republique-francaise"},"share_on_mastodon":{"url":"https:\/\/pubeurope.com\/@fr\/115419717573232442","error":""},"_links":{"self":[{"href":"https:\/\/www.europesays.com\/fr\/wp-json\/wp\/v2\/posts\/482791","targetHints":{"allow":["GET"]}}],"collection":[{"href":"https:\/\/www.europesays.com\/fr\/wp-json\/wp\/v2\/posts"}],"about":[{"href":"https:\/\/www.europesays.com\/fr\/wp-json\/wp\/v2\/types\/post"}],"author":[{"embeddable":true,"href":"https:\/\/www.europesays.com\/fr\/wp-json\/wp\/v2\/users\/2"}],"replies":[{"embeddable":true,"href":"https:\/\/www.europesays.com\/fr\/wp-json\/wp\/v2\/comments?post=482791"}],"version-history":[{"count":0,"href":"https:\/\/www.europesays.com\/fr\/wp-json\/wp\/v2\/posts\/482791\/revisions"}],"wp:featuredmedia":[{"embeddable":true,"href":"https:\/\/www.europesays.com\/fr\/wp-json\/wp\/v2\/media\/482792"}],"wp:attachment":[{"href":"https:\/\/www.europesays.com\/fr\/wp-json\/wp\/v2\/media?parent=482791"}],"wp:term":[{"taxonomy":"category","embeddable":true,"href":"https:\/\/www.europesays.com\/fr\/wp-json\/wp\/v2\/categories?post=482791"},{"taxonomy":"post_tag","embeddable":true,"href":"https:\/\/www.europesays.com\/fr\/wp-json\/wp\/v2\/tags?post=482791"}],"curies":[{"name":"wp","href":"https:\/\/api.w.org\/{rel}","templated":true}]}}