{"id":482797,"date":"2025-10-22T20:33:12","date_gmt":"2025-10-22T20:33:12","guid":{"rendered":"https:\/\/www.europesays.com\/fr\/482797\/"},"modified":"2025-10-22T20:33:12","modified_gmt":"2025-10-22T20:33:12","slug":"le-team-strasbourg-en-sixieme-vitesse","status":"publish","type":"post","link":"https:\/\/www.europesays.com\/fr\/482797\/","title":{"rendered":"le Team Strasbourg en sixi\u00e8me\u00a0vitesse"},"content":{"rendered":"<p>Quatre jours apr\u00e8s sa superbe victoire \u00e0 Aix-en-Provence (13-17), Strasbourg s\u2019est adjug\u00e9 le choc des extr\u00eames, sans survoler outre mesure son sujet. Si Taverny a eu le m\u00e9rite de ne jamais l\u00e2cher, les hommes d\u2019Olivier Chandieu ont \u00e9volu\u00e9 par \u00e0-coups, r\u00e9acc\u00e9l\u00e9rant \u00e0 chaque fois que la situation l\u2019imposait. Le choc \u00e0 Marseille le 1er \u00a0novembre r\u00e9clamera \u00e9videmment plus de consistance.<\/p>\n<p>Premier but d\u00e8s la dixi\u00e8me seconde<\/p>\n<p>D\u00e8s la dixi\u00e8me seconde, Gardasevic, le meilleur buteur du championnat, d\u00e9flore la marque sur penalty (1-0). Du bout des doigts, Dzhura, l\u2019un des principaux atouts franciliens, \u00e9galise (1-1). Si&#8230;<\/p>\n","protected":false},"excerpt":{"rendered":"Quatre jours apr\u00e8s sa superbe victoire \u00e0 Aix-en-Provence (13-17), Strasbourg s\u2019est adjug\u00e9 le choc des extr\u00eames, sans survoler&hellip;\n","protected":false},"author":2,"featured_media":482798,"comment_status":"","ping_status":"","sticky":false,"template":"","format":"standard","meta":{"footnotes":""},"categories":[2820],"tags":[1111,11,2880,1777,674,1011,27,775,12,25,517,640,2879,43653,7488],"class_list":{"0":"post-482797","1":"post","2":"type-post","3":"status-publish","4":"format-standard","5":"has-post-thumbnail","7":"category-strasbourg","8":"tag-actu","9":"tag-actualites","10":"tag-edition-strasbourg","11":"tag-eu","12":"tag-europe","13":"tag-fr","14":"tag-france","15":"tag-grand-est","16":"tag-news","17":"tag-republique-francaise","18":"tag-sport","19":"tag-strasbourg","20":"tag-strasbourg-ville","21":"tag-team-strasbourg","22":"tag-water-polo"},"share_on_mastodon":{"url":"https:\/\/pubeurope.com\/@fr\/115419729340698316","error":""},"_links":{"self":[{"href":"https:\/\/www.europesays.com\/fr\/wp-json\/wp\/v2\/posts\/482797","targetHints":{"allow":["GET"]}}],"collection":[{"href":"https:\/\/www.europesays.com\/fr\/wp-json\/wp\/v2\/posts"}],"about":[{"href":"https:\/\/www.europesays.com\/fr\/wp-json\/wp\/v2\/types\/post"}],"author":[{"embeddable":true,"href":"https:\/\/www.europesays.com\/fr\/wp-json\/wp\/v2\/users\/2"}],"replies":[{"embeddable":true,"href":"https:\/\/www.europesays.com\/fr\/wp-json\/wp\/v2\/comments?post=482797"}],"version-history":[{"count":0,"href":"https:\/\/www.europesays.com\/fr\/wp-json\/wp\/v2\/posts\/482797\/revisions"}],"wp:featuredmedia":[{"embeddable":true,"href":"https:\/\/www.europesays.com\/fr\/wp-json\/wp\/v2\/media\/482798"}],"wp:attachment":[{"href":"https:\/\/www.europesays.com\/fr\/wp-json\/wp\/v2\/media?parent=482797"}],"wp:term":[{"taxonomy":"category","embeddable":true,"href":"https:\/\/www.europesays.com\/fr\/wp-json\/wp\/v2\/categories?post=482797"},{"taxonomy":"post_tag","embeddable":true,"href":"https:\/\/www.europesays.com\/fr\/wp-json\/wp\/v2\/tags?post=482797"}],"curies":[{"name":"wp","href":"https:\/\/api.w.org\/{rel}","templated":true}]}}