{"id":482803,"date":"2025-10-22T20:36:40","date_gmt":"2025-10-22T20:36:40","guid":{"rendered":"https:\/\/www.europesays.com\/fr\/482803\/"},"modified":"2025-10-22T20:36:40","modified_gmt":"2025-10-22T20:36:40","slug":"au-nord-de-nantes-a-startups-et-innovation-30-000-e-de-prix-ont-ete-decernes","status":"publish","type":"post","link":"https:\/\/www.europesays.com\/fr\/482803\/","title":{"rendered":"Au nord de Nantes, \u00e0 Startups et innovation, 30\u00a0000\u00a0\u20ac de prix ont \u00e9t\u00e9 d\u00e9cern\u00e9s"},"content":{"rendered":"<p>Apr\u00e8s le succ\u00e8s des quatre\u00a0derni\u00e8res \u00e9ditions, Startups et innovation day \u00e9tait accueilli jeudi 16\u00a0octobre 2025 \u00e0 l\u2019IUT de Nantes Carquefou, organisateur de l\u2019\u00e9v\u00e8nement.<\/p>\n<p>Plus de 350 participants<\/p>\n<p>L\u2019occasion de belles rencontres avec des entreprises qui innovent\u00a0: 60\u00a0startups, plus de 350\u00a0participants, de nombreux \u00e9tudiants, des professionnels et des d\u00e9cideurs parmi les plus importants de la r\u00e9gion.<\/p>\n<p>\u00c0 l\u2019initiative d\u2019Airbus, EDF, de &#8230;<\/p>\n<p>\u00a0<\/p>\n","protected":false},"excerpt":{"rendered":"Apr\u00e8s le succ\u00e8s des quatre\u00a0derni\u00e8res \u00e9ditions, Startups et innovation day \u00e9tait accueilli jeudi 16\u00a0octobre 2025 \u00e0 l\u2019IUT de&hellip;\n","protected":false},"author":2,"featured_media":482804,"comment_status":"","ping_status":"","sticky":false,"template":"","format":"standard","meta":{"footnotes":""},"categories":[2818],"tags":[6541,11045,1111,11,35227,2883,1777,674,1011,27,5701,766,12,1308,2636,2141,25,15274],"class_list":{"0":"post-482803","1":"post","2":"type-post","3":"status-publish","4":"format-standard","5":"has-post-thumbnail","7":"category-nantes","8":"tag-6541","9":"tag-11045","10":"tag-actu","11":"tag-actualites","12":"tag-decernes","13":"tag-ete","14":"tag-eu","15":"tag-europe","16":"tag-fr","17":"tag-france","18":"tag-innovation","19":"tag-nantes","20":"tag-news","21":"tag-nord","22":"tag-pays-de-la-loire","23":"tag-prix","24":"tag-republique-francaise","25":"tag-startups"},"share_on_mastodon":{"url":"https:\/\/pubeurope.com\/@fr\/115419741147441138","error":""},"_links":{"self":[{"href":"https:\/\/www.europesays.com\/fr\/wp-json\/wp\/v2\/posts\/482803","targetHints":{"allow":["GET"]}}],"collection":[{"href":"https:\/\/www.europesays.com\/fr\/wp-json\/wp\/v2\/posts"}],"about":[{"href":"https:\/\/www.europesays.com\/fr\/wp-json\/wp\/v2\/types\/post"}],"author":[{"embeddable":true,"href":"https:\/\/www.europesays.com\/fr\/wp-json\/wp\/v2\/users\/2"}],"replies":[{"embeddable":true,"href":"https:\/\/www.europesays.com\/fr\/wp-json\/wp\/v2\/comments?post=482803"}],"version-history":[{"count":0,"href":"https:\/\/www.europesays.com\/fr\/wp-json\/wp\/v2\/posts\/482803\/revisions"}],"wp:featuredmedia":[{"embeddable":true,"href":"https:\/\/www.europesays.com\/fr\/wp-json\/wp\/v2\/media\/482804"}],"wp:attachment":[{"href":"https:\/\/www.europesays.com\/fr\/wp-json\/wp\/v2\/media?parent=482803"}],"wp:term":[{"taxonomy":"category","embeddable":true,"href":"https:\/\/www.europesays.com\/fr\/wp-json\/wp\/v2\/categories?post=482803"},{"taxonomy":"post_tag","embeddable":true,"href":"https:\/\/www.europesays.com\/fr\/wp-json\/wp\/v2\/tags?post=482803"}],"curies":[{"name":"wp","href":"https:\/\/api.w.org\/{rel}","templated":true}]}}