{"id":482809,"date":"2025-10-22T20:41:15","date_gmt":"2025-10-22T20:41:15","guid":{"rendered":"https:\/\/www.europesays.com\/fr\/482809\/"},"modified":"2025-10-22T20:41:15","modified_gmt":"2025-10-22T20:41:15","slug":"a-bordeaux-des-riverains-reclament-le-demenagement-dun-lieu-daccueil-des-consommateurs-de-drogue","status":"publish","type":"post","link":"https:\/\/www.europesays.com\/fr\/482809\/","title":{"rendered":"\u00e0 Bordeaux, des riverains r\u00e9clament le d\u00e9m\u00e9nagement d\u2019un lieu d\u2019accueil des consommateurs de drogue"},"content":{"rendered":"<p>\n    Install\u00e9 depuis 2012 dans le centre-ville, un Centre d\u2019accueil et d\u2019accompagnement \u00e0 la r\u00e9duction des risques pour usagers de drogues (Caarud) irrite certains riverains et commer\u00e7ants, qui viennent d\u2019adresser une p\u00e9tition aux autorit\u00e9s. Les responsables du lieu reconnaissent les nuisances, mais d\u00e9fendent leur service qu\u2019ils jugent d\u2019utilit\u00e9 publique.<\/p>\n<p class=\"fig-paragraph\">Un vent de col\u00e8re souffle dans le c\u0153ur historique de\u00a0<a href=\"http:\/\/www.lefigaro.fr\/bordeaux\/bordeaux-une-octogenaire-se-fait-violemment-arracher-son-collier-d-une-valeur-de-15-000-euros-20251022\" data-fig-type=\"NewsFlash\" data-gtm-custom-categorie=\"navigation\" data-gtm-custom-action=\"crossclick\" data-gtm-custom-label=\"Contextuel\" data-gtm-event=\"customEventSPE\" data-fig-domain=\"LEFIGARO\" target=\"_blank\" rel=\"noopener\">Bordeaux<\/a>. Ce mercredi, des riverains et commer\u00e7ants de la rue Saint-James\u00a0<a href=\"https:\/\/www.change.org\/p\/d%C3%A9m%C3%A9nagement-du-caarud-la-case-sis-au-36-38-rue-saint-james?recruiter=1335250406&amp;recruited_by_id=035f0450-eb4a-11ee-a9db-d7f2653fe1ac&amp;utm_source=share_petition&amp;utm_campaign=starter_onboarding_share_personal&amp;utm_medium=whatsapp\" target=\"_blank\" rel=\"sponsored noopener\" data-gtm-custom-categorie=\"navigation\" data-gtm-custom-action=\"crossclick\" data-gtm-custom-label=\"Contextuel\" data-gtm-event=\"customEventSPE\">ont lanc\u00e9 une p\u00e9tition<\/a>\u00a0pour r\u00e9clamer le d\u00e9m\u00e9nagement du Centre d\u2019accueil et d\u2019accompagnement \u00e0 la r\u00e9duction des risques pour usagers de drogues (Caarud), install\u00e9 depuis plusieurs ann\u00e9es au pied de la porte de\u00a0<a href=\"https:\/\/www.lefigaro.fr\/bordeaux\/la-grosse-cloche-cet-embleme-qui-surplombe-le-blason-de-bordeaux-20240616?msockid=258c4318a154643d05395665a0ed65f9\" target=\"_blank\" data-fig-type=\"NewsFlash\" rel=\"sponsored noopener\" data-gtm-custom-categorie=\"navigation\" data-gtm-custom-action=\"crossclick\" data-gtm-custom-label=\"Contextuel\" data-gtm-event=\"customEventSPE\" data-fig-domain=\"LEFIGARO\">la Grosse cloche<\/a>. Pour les habitants du collectif Saint-\u00c9loi, \u00able quartier est devenu un enfer \u00e0 ciel ouvert\u00bb. Contact\u00e9 par Le Figaro, l\u2019un des membres nous d\u00e9crit \u00abdes vols, des deals, des agressions, et de la consommation de drogues 24h\/24, avec tr\u00e8s souvent des seringues et des pipes \u00e0 crack retrouv\u00e9es au sol dans les rues adjacentes\u00bb. Pour certains, la situation serait m\u00eame devenue \u00abintenable\u00bb. \u00abLa sant\u00e9 publique ne doit pas se faire au d\u00e9triment de la tranquillit\u00e9 publique\u00bb, nous confie l\u2019un des riverains.<\/p>\n<p class=\"fig-paragraph\">Le Caarud, g\u00e9r\u00e9 par l\u2019association La Case sous l\u2019autorit\u00e9 de l\u2019Agence r\u00e9gionale de sant\u00e9 (ARS), s\u2019inscrit dans le dispositif national de r\u00e9duction des risques li\u00e9s \u00e0 l\u2019usage de drogues. Ces centres visent notamment \u00e0 accompagner les usagers, pr\u00e9venir les overdoses et limiter la propagation de maladies infectieuses comme le VIH ou l\u2019h\u00e9patite C.<\/p>\n<p>                                    <a class=\"fig-a11y-skip a11y-hidden\" href=\"#fig-a11y-skip-main-inarticle\"><br \/>\n        Passer la publicit\u00e9<br \/>\n    <\/a><\/p>\n<p class=\"fig-paragraph\">Dans ce contexte, les p\u00e9titionnaires d\u00e9noncent cependant la proximit\u00e9 du centre avec le coll\u00e8ge du Mirail, le lyc\u00e9e Montaigne, trois cr\u00e8ches, le gymnase Alice Millat et le Palais des Sports. Ils estiment que ce site, \u00aben plein c\u0153ur d\u2019un secteur familial\u00bb, n\u2019est pas adapt\u00e9 \u00e0 la mission du Caarud. Les signataires demandent donc le d\u00e9placement du centre vers un site \u00abplus adapt\u00e9\u00bb, \u00e9loign\u00e9 des \u00e9coles et des lieux touristiques, ainsi que la mise en place d\u2019un cadre l\u00e9gal clair pour encadrer l\u2019implantation future de ce type de structures. Leur p\u00e9tition, adress\u00e9e au ministre de l\u2019Int\u00e9rieur, Laurent Nunez, \u00e0 la ministre de la Sant\u00e9, St\u00e9phanie Rist, au pr\u00e9fet de r\u00e9gion, \u00c9tienne Guyot, et \u00e0 l\u2019ARS Nouvelle-Aquitaine, sera \u00e9galement transmise aux \u00e9lus locaux et aux candidats des prochaines \u00e9lections municipales dans le port de la Lune.<\/p>\n<p>\u00abC\u2019est un public \u00e9lectrique\u00bb<\/p>\n<p class=\"fig-paragraph\">Olivier Capdeboscq, directeur adjoint de La Case, d\u00e9fend pour sa part l\u2019utilit\u00e9 de ce centre et son implantation autour de la place de la ferme de Richemont, un quartier connu pour la pr\u00e9sence de marginaux. \u00abIl y a toujours eu ces personnes qui consomment de la drogue dans ces quartiers. Ils ont besoin d\u2019un centre de soins comme les n\u00f4tres. On s\u2019installe l\u00e0 o\u00f9 le public est pr\u00e9sent\u00bb, explique-t-il, avant de se d\u00e9fendre\u00a0: \u00abLa rue Saint-James est une rue commer\u00e7ante o\u00f9 il n\u2019y a absolument aucune nuisance, on demande \u00e0 nos usagers de ne pas se poser dans la rue, ni sur la place Fernand Lafargue\u00bb. \u00abMaintenant, poursuit-il, sur les ruelles adjacentes, il y a de plus en plus de personnes qui font des va-et-vient permanents pour \u00eatre soign\u00e9s. Nous comprenons la col\u00e8re et les nuisances pour les riverains. Il peut y avoir des cris, car c\u2019est un public \u00e9lectrique, et nous intervenons r\u00e9guli\u00e8rement\u00bb. Selon Olivier Capdeboscq, ces personnes exigent une vraie prise en charge. \u00abCe type de service est un d\u00e9but de solution. On ne les fera pas dispara\u00eetre juste parce qu\u2019ils nous d\u00e9rangent. Si on d\u00e9m\u00e9nage ailleurs, ils resteront.\u00bb<\/p>\n<p class=\"fig-paragraph\">Les signataires de la p\u00e9tition, qui pr\u00e9sente le centre comme \u00able point n\u00e9vralgique des toxicomanes\u00bb, esp\u00e8rent toutefois une r\u00e9ponse rapide des autorit\u00e9s. L\u2019un des habitants du collectif Saint-\u00c9loi avait d\u2019ailleurs d\u00e9j\u00e0 alert\u00e9 la mairie sur les nuisances, au d\u00e9but du mois d\u2019octobre. Dans un courrier que Le Figaro a pu consulter, Thomas Etcheverry, adjoint au maire \u00e0 la s\u00e9curit\u00e9 et la tranquillit\u00e9 publique, lui avait r\u00e9pondu qu\u2019il \u00abcomprenait que la situation puisse \u00eatre tr\u00e8s d\u00e9rangeante\u00bb, en rappelant qu\u2019il \u00aborientait ses \u00e9quipes de m\u00e9diation sociale afin qu\u2019elles puissent sensibiliser les groupes, leur rappeler leurs obligations, les r\u00e8gles de civisme et de respect du voisinage.\u00bb<\/p>\n<p class=\"fig-paragraph\">En novembre 2024, le projet d\u2019installation d\u2019un nouveau Caarud dans le secteur des Bassins \u00e0 flot\u00a0<a href=\"https:\/\/www.lefigaro.fr\/bordeaux\/a-bordeaux-polemique-autour-de-l-installation-d-un-lieu-accueil-pour-les-consommateurs-de-drogue-20241121?msockid=258c4318a154643d05395665a0ed65f9\" target=\"_blank\" data-fig-type=\"NewsFlash\" rel=\"sponsored noopener\" data-gtm-custom-categorie=\"navigation\" data-gtm-custom-action=\"crossclick\" data-gtm-custom-label=\"Contextuel\" data-gtm-event=\"customEventSPE\" data-fig-domain=\"LEFIGARO\">avait aussi suscit\u00e9 la col\u00e8re des habitants du quartier<\/a>. Face \u00e0 la pol\u00e9mique,\u00a0<a href=\"https:\/\/www.lefigaro.fr\/bordeaux\/bordeaux-face-a-la-polemique-l-ars-suspend-l-installation-d-un-lieu-de-prevention-pour-les-drogues-20241127?msockid=258c4318a154643d05395665a0ed65f9\" target=\"_blank\" data-fig-type=\"NewsFlash\" rel=\"sponsored noopener\" data-gtm-custom-categorie=\"navigation\" data-gtm-custom-action=\"crossclick\" data-gtm-custom-label=\"Contextuel\" data-gtm-event=\"customEventSPE\" data-fig-domain=\"LEFIGARO\">l\u2019ARS avait suspendu l\u2019implantation du lieu<\/a>.<\/p>\n","protected":false},"excerpt":{"rendered":"Install\u00e9 depuis 2012 dans le centre-ville, un Centre d\u2019accueil et d\u2019accompagnement \u00e0 la r\u00e9duction des risques pour usagers&hellip;\n","protected":false},"author":2,"featured_media":482810,"comment_status":"","ping_status":"","sticky":false,"template":"","format":"standard","meta":{"footnotes":""},"categories":[2817],"tags":[1111,11,1997,15463,1052,1777,674,1011,27,12,2219,25],"class_list":{"0":"post-482809","1":"post","2":"type-post","3":"status-publish","4":"format-standard","5":"has-post-thumbnail","7":"category-bordeaux","8":"tag-actu","9":"tag-actualites","10":"tag-bordeaux","11":"tag-crack","12":"tag-drogue","13":"tag-eu","14":"tag-europe","15":"tag-fr","16":"tag-france","17":"tag-news","18":"tag-nouvelle-aquitaine","19":"tag-republique-francaise"},"share_on_mastodon":{"url":"https:\/\/pubeurope.com\/@fr\/115419760919274354","error":""},"_links":{"self":[{"href":"https:\/\/www.europesays.com\/fr\/wp-json\/wp\/v2\/posts\/482809","targetHints":{"allow":["GET"]}}],"collection":[{"href":"https:\/\/www.europesays.com\/fr\/wp-json\/wp\/v2\/posts"}],"about":[{"href":"https:\/\/www.europesays.com\/fr\/wp-json\/wp\/v2\/types\/post"}],"author":[{"embeddable":true,"href":"https:\/\/www.europesays.com\/fr\/wp-json\/wp\/v2\/users\/2"}],"replies":[{"embeddable":true,"href":"https:\/\/www.europesays.com\/fr\/wp-json\/wp\/v2\/comments?post=482809"}],"version-history":[{"count":0,"href":"https:\/\/www.europesays.com\/fr\/wp-json\/wp\/v2\/posts\/482809\/revisions"}],"wp:featuredmedia":[{"embeddable":true,"href":"https:\/\/www.europesays.com\/fr\/wp-json\/wp\/v2\/media\/482810"}],"wp:attachment":[{"href":"https:\/\/www.europesays.com\/fr\/wp-json\/wp\/v2\/media?parent=482809"}],"wp:term":[{"taxonomy":"category","embeddable":true,"href":"https:\/\/www.europesays.com\/fr\/wp-json\/wp\/v2\/categories?post=482809"},{"taxonomy":"post_tag","embeddable":true,"href":"https:\/\/www.europesays.com\/fr\/wp-json\/wp\/v2\/tags?post=482809"}],"curies":[{"name":"wp","href":"https:\/\/api.w.org\/{rel}","templated":true}]}}