{"id":482820,"date":"2025-10-22T20:49:18","date_gmt":"2025-10-22T20:49:18","guid":{"rendered":"https:\/\/www.europesays.com\/fr\/482820\/"},"modified":"2025-10-22T20:49:18","modified_gmt":"2025-10-22T20:49:18","slug":"la-jeune-femme-a-porte-plainte","status":"publish","type":"post","link":"https:\/\/www.europesays.com\/fr\/482820\/","title":{"rendered":"la jeune femme a port\u00e9 plainte"},"content":{"rendered":"<p class=\"authors latino-300b text-grey-600\">\n<p>  Par\u00a0<br \/>\nLe Nouvel Obs avec AFP<\/p>\n<p class=\"d-flex flex-column flex-lg-row column-gap-4 flex-wrap-wrap latino-300r text-grey-600 pe-8  border-end-lg\">\n<p>    Publi\u00e9 le\u00a022 octobre 2025 \u00e0 22h02\n  <\/p>\n<p>              Lecture\u00a0:\u00a01\u00a0min.<\/p>\n<p>      <img fetchpriority=\"high\" decoding=\"async\" class=\"mx-auto\" src=\"data:image\/svg+xml,%3Csvg%20xmlns%3D%27http%3A%2F%2Fwww.w3.org%2F2000%2Fsvg%27%20fill%3D%22%23e4e4e4%22%20viewBox%3D%270%200%20510%20340%27%20width%3D%22510%22%20height%3D%22340%22%3E%3Cpath%20d%3D%27M0%200h510v340H0z%27%2F%3E%3C%2Fsvg%3E\"  loading=\"eager\" width=\"510\" height=\"340\" data-oncrawl-image-size=\"510x340\" alt=\"Capture d\u2019\u00e9cran de la vid\u00e9o film\u00e9e lors d\u2019une intervention polici\u00e8re pendant la mobilisation du 18\u00a0septembre, \u00e0 Marseille.\"\/>      <\/p>\n<p class=\"latino-100m text-grey-600\">\n            Capture d\u2019\u00e9cran de la vid\u00e9o film\u00e9e lors d\u2019une intervention polici\u00e8re pendant la mobilisation du 18\u00a0septembre, \u00e0 Marseille.\u00a0VIKEN KANTARCI \/ AFP        <\/p>\n<p>        Lire\u00a0plus\u00a0tard      <\/p>\n<p><a aria-label=\"Nous suivre sur Google News\" href=\"https:\/\/news.google.com\/publications\/CAAqBwgKMJe4nQkw3dFs?hl=fr&amp;gl=FR&amp;ceid=FR%3Afr\" target=\"_blank\" data-piano=\"Page_Article,Sous_date_publi,Nous_suivre_sur_google_news,1er_clic,action\" class=\"btn btn--small btn--tertiary btn--icon-only\" rel=\"noopener\"><\/p>\n<p>      Google Actualit\u00e9s<br \/>\n  <\/a><\/p>\n<p>  Partager<\/p>\n<p>        Facebook<\/p>\n<p>        Bluesky<\/p>\n<p>        E-mail<\/p>\n<p>        Copier le lien<\/p>\n<p>      Envoyer<\/p>\n<p>      S\u2019abonner    <\/p>\n<p class=\"node__paragraphe antonia-750r text-grey-800 pb-24 pb-md-32\">\nLa <a href=\"https:\/\/www.nouvelobs.com\/justice\/20250919.OBS107866\/video-d-une-femme-violentee-par-la-police-a-marseille-le-parquet-ouvre-une-enquete.html\" target=\"_blank\" rel=\"noopener\">jeune femme violent\u00e9e \u00e0 Marseille<\/a> lors d\u2019une intervention polici\u00e8re en marge de la <a href=\"https:\/\/www.nouvelobs.com\/social\/20250918.OBS107807\/mobilisation-du-18-septembre-les-organisations-syndicales-ont-une-fenetre-de-tir-pour-obtenir-des-resultats.html\" target=\"_blank\" rel=\"noopener\">mobilisation du 18\u00a0septembre<\/a>, dont la vid\u00e9o film\u00e9e par l\u2019AFPTV a \u00e9t\u00e9 largement relay\u00e9e sur les r\u00e9seaux sociaux, a port\u00e9 plainte mercredi, a indiqu\u00e9 son avocat \u00e0 l\u2019AFP.<\/p>\n<p class=\"node__paragraphe antonia-750r text-grey-800 pb-24 pb-md-32\">\nL\u2019\u00e9tudiante d\u2019une vingtaine d\u2019ann\u00e9es a d\u00e9pos\u00e9 une plainte contre X, \u00ab\u00a0pour violences en r\u00e9union\u00a0\u00bb et visant \u00ab\u00a0des personnes qui ont la qualit\u00e9 de d\u00e9positaires de l\u2019autorit\u00e9 publique\u00a0\u00bb, a d\u00e9clar\u00e9 \u00e0 l\u2019AFP son avocat, Thomas Hugues.<\/p>\n<p class=\"node__paragraphe antonia-750r text-grey-800 pb-24 pb-md-32\">\nLe parquet de Marseille avait annonc\u00e9, au lendemain des faits, avoir ouvert une enqu\u00eate pour \u00ab\u00a0violences ayant entra\u00een\u00e9 une incapacit\u00e9 totale de travail inf\u00e9rieure \u00e0 8 jours, commis par une personne d\u00e9positaire de l\u2019autorit\u00e9 publique et en r\u00e9union\u00a0\u00bb.<\/p>\n<p class=\"latino-500b text-grey-600 pb-16\">A lire aussi<\/p>\n<p><a href=\"https:\/\/www.nouvelobs.com\/social\/20250917.OBS107752\/18-septembre-les-grenades-de-desencerclement-et-lacrymogenes-representent-un-danger-pour-les-manifestants.html\" data-article-key=\"20250917.OBS107752\" class=\"link--box flex-grow-1\" data-piano=\"Page_Article,Lire_aussi,,Lien1,navigation\" target=\"_blank\" rel=\"noopener\"><\/p>\n<p>                <img decoding=\"async\" src=\"data:image\/svg+xml,%3Csvg%20xmlns%3D%27http%3A%2F%2Fwww.w3.org%2F2000%2Fsvg%27%20fill%3D%22%23e4e4e4%22%20viewBox%3D%270%200%20120%2080%27%20width%3D%22120%22%20height%3D%2280%22%3E%3Cpath%20d%3D%27M0%200h120v80H0z%27%2F%3E%3C%2Fsvg%3E\"  width=\"120\" height=\"80\" loading=\"lazy\" alt=\"Des manifestants d\u00e9filent dans les rues de Paris, le 10\u00a0septembre dernier.\"\/><\/p>\n<p class=\"latino-300r latino-lg-600m text-grey-800\">\n                      <strong class=\"latino-300b latino-lg-600m text-grey-500\">Interview\u00a0<\/strong><br \/>\n                    18 septembre\u00a0: \u00ab\u00a0Les grenades de d\u00e9sencerclement et lacrymog\u00e8nes repr\u00e9sentent un danger pour les manifestants\u00a0\u00bb        <\/p>\n<p><\/a><\/p>\n<p class=\"node__paragraphe antonia-750r text-grey-800 pb-24 pb-md-32\">\nUne autre enqu\u00eate, interne \u00e0 la police, a \u00e9t\u00e9 d\u00e9clench\u00e9e \u00ab\u00a0pour d\u00e9terminer les circonstances de cette intervention\u00a0\u00bb, avait annonc\u00e9 \u00e0 l\u2019AFP la direction interd\u00e9partementale de la police nationale (DIPN).<\/p>\n<p>\u00ab\u00a0Asperg\u00e9e de gaz lacrymog\u00e8ne\u00a0\u00bb puis pouss\u00e9e \u00e0 terre<\/p>\n<p class=\"node__paragraphe antonia-750r text-grey-800 pb-24 pb-md-32\">\nDiffus\u00e9es par de nombreux m\u00e9dias fran\u00e7ais, ainsi que par des responsables politiques de gauche, ces images ont \u00e9t\u00e9 vues plusieurs dizaines de millions de fois sur les r\u00e9seaux sociaux, selon un comptage effectu\u00e9 par l\u2019AFP le lendemain de leur diffusion.<\/p>\n<p class=\"node__paragraphe antonia-750r text-grey-800 pb-24 pb-md-32\">\nLa sc\u00e8ne avait \u00e9t\u00e9 film\u00e9e vers 7\u00a0heures du matin dans le quartier de la Joliette, o\u00f9 des petits groupes de manifestants qui r\u00e9pondaient notamment \u00e0 un appel \u00e0 bloquer le si\u00e8ge de <a href=\"https:\/\/www.nouvelobs.com\/politique\/20241029.OBS95635\/cma-cgm-revelations-sur-le-lobbying-de-l-armateur-pour-preserver-sa-niche-fiscale.html\" target=\"_blank\" rel=\"noopener\">l\u2019armateur CMA-CGM, propri\u00e9t\u00e9 du milliardaire Rodolphe Saad\u00e9<\/a>, avaient \u00e9t\u00e9 dispers\u00e9s par les forces de l\u2019ordre.<\/p>\n<p class=\"node__paragraphe antonia-750r text-grey-800 pb-24 pb-md-32\">\nLa jeune femme \u00ab\u00a0s\u2019est retrouv\u00e9e isol\u00e9e du groupe de manifestants pacifiques et s\u2019est retrouv\u00e9e asperg\u00e9e de gaz lacrymog\u00e8ne [\u2026]. Elle en avait dans les yeux, \u00e7a l\u2019a \u00e9blouie, \u00e7a l\u2019a d\u00e9stabilis\u00e9e. Et ensuite, elle a \u00e9t\u00e9 violent\u00e9e\u00a0\u00bb, raconte Thomas Hugues.<\/p>\n<p class=\"latino-500b text-grey-600 pb-16\">A lire aussi<\/p>\n<p><a href=\"https:\/\/www.nouvelobs.com\/social\/20250917.OBS107773\/greve-du-18-septembre-quel-dispositif-policier-ce-que-revele-la-note-de-retailleau-aux-prefets.html\" data-article-key=\"20250917.OBS107773\" class=\"link--box flex-grow-1\" data-piano=\"Page_Article,Lire_aussi,,Lien2,navigation\" target=\"_blank\" rel=\"noopener\"><\/p>\n<p>                <img decoding=\"async\" src=\"data:image\/svg+xml,%3Csvg%20xmlns%3D%27http%3A%2F%2Fwww.w3.org%2F2000%2Fsvg%27%20fill%3D%22%23e4e4e4%22%20viewBox%3D%270%200%20120%2080%27%20width%3D%22120%22%20height%3D%2280%22%3E%3Cpath%20d%3D%27M0%200h120v80H0z%27%2F%3E%3C%2Fsvg%3E\"  width=\"120\" height=\"80\" loading=\"lazy\" alt=\"Le ministre de l\u2019Int\u00e9rieur Bruno Retailleau lors d\u2019un d\u00e9placement \u00e0 Rennes, en november 2024.\"\/><\/p>\n<p class=\"latino-300r latino-lg-600m text-grey-800\">\n                      <strong class=\"latino-300b latino-lg-600m text-grey-500\">D\u00e9cryptage\u00a0<\/strong><br \/>\n                    Gr\u00e8ve du 18\u00a0septembre\u00a0: quel dispositif policier\u00a0? Ce que r\u00e9v\u00e8le la note de Retailleau aux pr\u00e9fets        <\/p>\n<p><\/a><\/p>\n<p class=\"node__paragraphe antonia-750r text-grey-800 pb-24 pb-md-32\">\nLa vid\u00e9o montre un policier donner un coup de pied dans les fesses de la manifestante d\u00e9j\u00e0 au sol et lui lancer \u00ab\u00a0casse-toi\u00a0\u00bb. Bien que celle-ci r\u00e9ponde, visiblement secou\u00e9e, \u00ab\u00a0oui oui, je me casse\u00a0\u00bb, un autre la pousse et elle retombe au sol, avant de partir, l\u2019air apeur\u00e9, en disant \u00ab\u00a0pardon, pardon\u00a0\u00bb.<\/p>\n<p class=\"node__paragraphe antonia-750r text-grey-800 pb-24 pb-md-32\">\nJeudi 18\u00a0septembre, des centaines de milliers de personnes \u00e9taient descendues dans les rues de France \u00e0 l\u2019appel des syndicats, lors d\u2019une journ\u00e9e de gr\u00e8ves et de manifestations destin\u00e9e \u00e0 peser sur les choix budg\u00e9taires du gouvernement.<\/p>\n<p class=\"authors latino-600m text-grey-800\">\n<p>  Par\u00a0<br \/>\nLe Nouvel Obs avec AFP<\/p>\n","protected":false},"excerpt":{"rendered":"Par\u00a0 Le Nouvel Obs avec AFP Publi\u00e9 le\u00a022 octobre 2025 \u00e0 22h02 Lecture\u00a0:\u00a01\u00a0min. Capture d\u2019\u00e9cran de la vid\u00e9o&hellip;\n","protected":false},"author":2,"featured_media":482821,"comment_status":"","ping_status":"","sticky":false,"template":"","format":"standard","meta":{"footnotes":""},"categories":[2814],"tags":[17,1111,11,33,1777,674,1294,1011,27,3913,303,60607,884,12,6890,5396,882,25,53679],"class_list":{"0":"post-482820","1":"post","2":"type-post","3":"status-publish","4":"format-standard","5":"has-post-thumbnail","7":"category-marseille","8":"tag-17","9":"tag-actu","10":"tag-actualites","11":"tag-economie","12":"tag-eu","13":"tag-europe","14":"tag-femme","15":"tag-fr","16":"tag-france","17":"tag-jeune","18":"tag-justice","19":"tag-manifestante","20":"tag-marseille","21":"tag-news","22":"tag-policiers","23":"tag-porte","24":"tag-provence-alpes-cote-dazur","25":"tag-republique-francaise","26":"tag-violentee"},"share_on_mastodon":{"url":"https:\/\/pubeurope.com\/@fr\/115419792235040183","error":""},"_links":{"self":[{"href":"https:\/\/www.europesays.com\/fr\/wp-json\/wp\/v2\/posts\/482820","targetHints":{"allow":["GET"]}}],"collection":[{"href":"https:\/\/www.europesays.com\/fr\/wp-json\/wp\/v2\/posts"}],"about":[{"href":"https:\/\/www.europesays.com\/fr\/wp-json\/wp\/v2\/types\/post"}],"author":[{"embeddable":true,"href":"https:\/\/www.europesays.com\/fr\/wp-json\/wp\/v2\/users\/2"}],"replies":[{"embeddable":true,"href":"https:\/\/www.europesays.com\/fr\/wp-json\/wp\/v2\/comments?post=482820"}],"version-history":[{"count":0,"href":"https:\/\/www.europesays.com\/fr\/wp-json\/wp\/v2\/posts\/482820\/revisions"}],"wp:featuredmedia":[{"embeddable":true,"href":"https:\/\/www.europesays.com\/fr\/wp-json\/wp\/v2\/media\/482821"}],"wp:attachment":[{"href":"https:\/\/www.europesays.com\/fr\/wp-json\/wp\/v2\/media?parent=482820"}],"wp:term":[{"taxonomy":"category","embeddable":true,"href":"https:\/\/www.europesays.com\/fr\/wp-json\/wp\/v2\/categories?post=482820"},{"taxonomy":"post_tag","embeddable":true,"href":"https:\/\/www.europesays.com\/fr\/wp-json\/wp\/v2\/tags?post=482820"}],"curies":[{"name":"wp","href":"https:\/\/api.w.org\/{rel}","templated":true}]}}