{"id":482822,"date":"2025-10-22T20:50:37","date_gmt":"2025-10-22T20:50:37","guid":{"rendered":"https:\/\/www.europesays.com\/fr\/482822\/"},"modified":"2025-10-22T20:50:37","modified_gmt":"2025-10-22T20:50:37","slug":"la-mairie-saisit-le-procureur-de-la-republique","status":"publish","type":"post","link":"https:\/\/www.europesays.com\/fr\/482822\/","title":{"rendered":"la mairie saisit le procureur de la R\u00e9publique"},"content":{"rendered":"<p itemprop=\"description\"><strong>Qui a install\u00e9 la b\u00e2che \u00e0 l&rsquo;effigie de <a href=\"https:\/\/www.lyonmag.com\/profil-personnalite-lyonnaise\/8\/jean-michel-aulas\" target=\"_blank\" rel=\"noopener nofollow\">Jean-Michel Aulas<\/a> et <a href=\"https:\/\/www.lyonmag.com\/profil-personnalite-lyonnaise\/437\/bernard-lacombe\" target=\"_blank\" rel=\"noopener nofollow\">Bernard Lacombe<\/a> ce lundi sur la fa\u00e7ade de 6e Sens Immobilier \u00e0 Lyon ?<\/strong><\/p>\n<p>L&rsquo;entourage du candidat \u00e0 la mairie jure ne pas \u00eatre m\u00eal\u00e9 \u00e0 cette op\u00e9ration, d&rsquo;autant que le message \u00ab\u00a0A Lyon, seul (sic) la pelouse de Gerland est verte&#8230; Et on marche dessus !\u00a0\u00bb fait pol\u00e9mique.<\/p>\n<p>La Ville de Lyon annonce ce mercredi avoir proc\u00e9d\u00e9 \u00e0 un signalement aupr\u00e8s du procureur de la R\u00e9publique au titre de l&rsquo;article 40 du code de proc\u00e9dure p\u00e9nale. Le groupe les \u00c9cologistes avait d\u00e9j\u00e0 annonc\u00e9 avoir saisi la commission des comptes de campagne \u00e0 ce sujet.<\/p>\n<p>Dans un communiqu\u00e9, la municipalit\u00e9 \u00e9cologiste \u00ab\u00a0rappelle que la communication dans l&rsquo;espace public doit respecter les lois et r\u00e8glements en vigueur et notamment ceux \u00e9dict\u00e9s en p\u00e9riode pr\u00e9-\u00e9lectorale\u00a0\u00bb. Une mani\u00e8re de laisser entendre que c&rsquo;est bien Jean-Michel Aulas qui a commandit\u00e9 l&rsquo;installation de la b\u00e2che.<\/p>\n<p>La Ville estime qu&rsquo;en plus, l&rsquo;installation \u00ab\u00a0constitue une infraction\u00a0\u00bb au r\u00e8glement local de publicit\u00e9 de la M\u00e9tropole de Lyon.<\/p>\n<blockquote class=\"twitter-tweet\"><p>&#13;<\/p>\n<p dir=\"ltr\" lang=\"fr\">\u00ab\u00a0Marcher sur l&rsquo;adversaire\u00a0\u00bb, vraiment ?<br \/>Enfreindre bis repetita les r\u00e8gles \u00e9lectorales pour vaincre, vraiment ?<\/p>\n<p>Cette b\u00e2che install\u00e9e sur un immeuble en travaux quai Claude Bernard est une pollution visuelle et un objet contraire aux r\u00e8gles \u00e9lectorales, elle doit \u00eatre supprim\u00e9e. <a href=\"https:\/\/t.co\/J7fjOGW5Lm\" rel=\"nofollow\">pic.twitter.com\/J7fjOGW5Lm<\/a><\/p>\n<p>&#13;<br \/>\n\u2014 Valentin Lungenstrass (@vlungenstrass) <a href=\"https:\/\/twitter.com\/vlungenstrass\/status\/1980227269143728298?ref_src=twsrc%5Etfw\" rel=\"nofollow noopener\" target=\"_blank\">October 20, 2025<\/a><\/p><\/blockquote>\n<p>\t\t  <script async src=\"https:\/\/platform.twitter.com\/widgets.js\" charset=\"utf-8\"><\/script><\/p>\n","protected":false},"excerpt":{"rendered":"Qui a install\u00e9 la b\u00e2che \u00e0 l&rsquo;effigie de Jean-Michel Aulas et Bernard Lacombe ce lundi sur la fa\u00e7ade&hellip;\n","protected":false},"author":2,"featured_media":482823,"comment_status":"","ping_status":"","sticky":false,"template":"","format":"standard","meta":{"footnotes":""},"categories":[1889],"tags":[1111,11,2813,2190,2430,1109,251,1112,2811,1777,674,118,1011,27,1922,1110,1114,2428,2810,12,241,316,25,2812,517,800],"class_list":{"0":"post-482822","1":"post","2":"type-post","3":"status-publish","4":"format-standard","5":"has-post-thumbnail","7":"category-lyon","8":"tag-actu","9":"tag-actualites","10":"tag-article","11":"tag-asvel","12":"tag-auvergne-rhone-alpes","13":"tag-breves","14":"tag-culture","15":"tag-depeches","16":"tag-economique","17":"tag-eu","18":"tag-europe","19":"tag-faits-divers","20":"tag-fr","21":"tag-france","22":"tag-info","23":"tag-informations","24":"tag-infos","25":"tag-lyon","26":"tag-lyonmag","27":"tag-news","28":"tag-ol","29":"tag-politique","30":"tag-republique-francaise","31":"tag-sociale","32":"tag-sport","33":"tag-transports"},"share_on_mastodon":{"url":"https:\/\/pubeurope.com\/@fr\/115419796155142420","error":""},"_links":{"self":[{"href":"https:\/\/www.europesays.com\/fr\/wp-json\/wp\/v2\/posts\/482822","targetHints":{"allow":["GET"]}}],"collection":[{"href":"https:\/\/www.europesays.com\/fr\/wp-json\/wp\/v2\/posts"}],"about":[{"href":"https:\/\/www.europesays.com\/fr\/wp-json\/wp\/v2\/types\/post"}],"author":[{"embeddable":true,"href":"https:\/\/www.europesays.com\/fr\/wp-json\/wp\/v2\/users\/2"}],"replies":[{"embeddable":true,"href":"https:\/\/www.europesays.com\/fr\/wp-json\/wp\/v2\/comments?post=482822"}],"version-history":[{"count":0,"href":"https:\/\/www.europesays.com\/fr\/wp-json\/wp\/v2\/posts\/482822\/revisions"}],"wp:featuredmedia":[{"embeddable":true,"href":"https:\/\/www.europesays.com\/fr\/wp-json\/wp\/v2\/media\/482823"}],"wp:attachment":[{"href":"https:\/\/www.europesays.com\/fr\/wp-json\/wp\/v2\/media?parent=482822"}],"wp:term":[{"taxonomy":"category","embeddable":true,"href":"https:\/\/www.europesays.com\/fr\/wp-json\/wp\/v2\/categories?post=482822"},{"taxonomy":"post_tag","embeddable":true,"href":"https:\/\/www.europesays.com\/fr\/wp-json\/wp\/v2\/tags?post=482822"}],"curies":[{"name":"wp","href":"https:\/\/api.w.org\/{rel}","templated":true}]}}