{"id":482824,"date":"2025-10-22T20:52:16","date_gmt":"2025-10-22T20:52:16","guid":{"rendered":"https:\/\/www.europesays.com\/fr\/482824\/"},"modified":"2025-10-22T20:52:16","modified_gmt":"2025-10-22T20:52:16","slug":"cinq-blesses-dont-deux-graves-dans-une-rixe-entre-detenus-a-la-maison-darret-de-villefranche-sur-saone","status":"publish","type":"post","link":"https:\/\/www.europesays.com\/fr\/482824\/","title":{"rendered":"cinq bless\u00e9s dont deux graves dans une rixe entre d\u00e9tenus \u00e0 la maison d\u2019arr\u00eat de Villefranche-sur-Sa\u00f4ne"},"content":{"rendered":"<p>\n    Touch\u00e9s au thorax, deux d\u00e9tenus \u00e2g\u00e9s de 19 et 29 ans ont \u00e9t\u00e9 hospitalis\u00e9s \u00e0 Lyon en \u00aburgence absolue\u00bb, selon les pompiers.<\/p>\n<p class=\"fig-paragraph\">Une rixe \u00ab\u00e0 l&rsquo;<a href=\"http:\/\/www.lefigaro.fr\/faits-divers\/une-femme-de-24-ans-tuee-a-l-arme-blanche-a-grenoble-sa-voisine-placee-en-garde-a-vue-20251019\" data-fig-type=\"NewsFlash\" data-gtm-custom-categorie=\"navigation\" data-gtm-custom-action=\"crossclick\" data-gtm-custom-label=\"Contextuel\" data-gtm-event=\"customEventSPE\" data-fig-domain=\"LEFIGARO\" rel=\"nofollow noopener\" target=\"_blank\">arme blanche<\/a> \u00bb entre d\u00e9tenus, mercredi apr\u00e8s-midi \u00e0 la maison d&rsquo;arr\u00eat de\u00a0<a href=\"http:\/\/www.lefigaro.fr\/lyon\/surpopulation-carcerale-agressions-les-agents-penitentiaires-bloquent-la-prison-de-villefranche-sur-saone-20250722\" data-fig-type=\"NewsFlash\" data-gtm-custom-categorie=\"navigation\" data-gtm-custom-action=\"crossclick\" data-gtm-custom-label=\"Contextuel\" data-gtm-event=\"customEventSPE\" data-fig-domain=\"LEFIGARO\" rel=\"nofollow noopener\" target=\"_blank\">Villefranche-sur-Sa\u00f4ne<\/a>, au nord de Lyon, a fait cinq bless\u00e9s dont deux graves, a appris l\u2019AFP de source p\u00e9nitentiaire.<\/p>\n<p class=\"fig-paragraph\">Les pompiers ont \u00e9t\u00e9 alert\u00e9s peu apr\u00e8s 16h30 \u00e0 la suite de cette bagarre qui a \u00e9clat\u00e9 dans une cour de promenade pour une raison ind\u00e9termin\u00e9e, a pr\u00e9cis\u00e9 cette source \u00e0 l&rsquo;AFP, confirmant une information du quotidien r\u00e9gional Le Progr\u00e8s.<\/p>\n<p>                                    <a class=\"fig-a11y-skip a11y-hidden\" href=\"#fig-a11y-skip-main-inarticle\"><br \/>\n        Passer la publicit\u00e9<br \/>\n    <\/a><\/p>\n<p>Une enqu\u00eate judiciaire et une administrative ont \u00e9t\u00e9 ouvertes<\/p>\n<p class=\"fig-paragraph\">Deux des d\u00e9tenus, \u00e2g\u00e9s de 19 et 29 ans et touch\u00e9s au thorax, ont \u00e9t\u00e9 hospitalis\u00e9s \u00e0 Lyon en \u00aburgence absolue\u00bb, selon les pompiers. Mais selon la source p\u00e9nitentiaire, ils devaient toutefois regagner leur cellule dans la soir\u00e9e tout comme les autres bless\u00e9s, l\u00e9g\u00e8rement touch\u00e9s et hospitalis\u00e9s \u00e0 Villefranche-sur-Sa\u00f4ne. L&rsquo;\u00e2ge de ces derniers n&rsquo;a pas \u00e9t\u00e9 communiqu\u00e9.<\/p>\n<p class=\"fig-paragraph\">Une enqu\u00eate judiciaire et une administrative ont \u00e9t\u00e9 ouvertes pour \u00e9claircir notamment les circonstances de cette rixe. Ouverte en novembre 1990, la maison d&rsquo;arr\u00eat de Villefranche-sur-Sa\u00f4ne a une capacit\u00e9 de 636 places. Elle re\u00e7oit les pr\u00e9venus (d\u00e9tenus en attente de jugement) ainsi que les condamn\u00e9s dont le reliquat de peine n&rsquo;exc\u00e8de pas, en principe, un an lors de leur condamnation d\u00e9finitive, selon son site internet.<\/p>\n","protected":false},"excerpt":{"rendered":"Touch\u00e9s au thorax, deux d\u00e9tenus \u00e2g\u00e9s de 19 et 29 ans ont \u00e9t\u00e9 hospitalis\u00e9s \u00e0 Lyon en \u00aburgence&hellip;\n","protected":false},"author":2,"featured_media":482825,"comment_status":"","ping_status":"","sticky":false,"template":"","format":"standard","meta":{"footnotes":""},"categories":[1889],"tags":[1111,11,2430,3916,1777,674,1011,27,2428,12,25,5510],"class_list":{"0":"post-482824","1":"post","2":"type-post","3":"status-publish","4":"format-standard","5":"has-post-thumbnail","7":"category-lyon","8":"tag-actu","9":"tag-actualites","10":"tag-auvergne-rhone-alpes","11":"tag-blesse","12":"tag-eu","13":"tag-europe","14":"tag-fr","15":"tag-france","16":"tag-lyon","17":"tag-news","18":"tag-republique-francaise","19":"tag-rixe"},"share_on_mastodon":{"url":"https:\/\/pubeurope.com\/@fr\/115419804005971248","error":""},"_links":{"self":[{"href":"https:\/\/www.europesays.com\/fr\/wp-json\/wp\/v2\/posts\/482824","targetHints":{"allow":["GET"]}}],"collection":[{"href":"https:\/\/www.europesays.com\/fr\/wp-json\/wp\/v2\/posts"}],"about":[{"href":"https:\/\/www.europesays.com\/fr\/wp-json\/wp\/v2\/types\/post"}],"author":[{"embeddable":true,"href":"https:\/\/www.europesays.com\/fr\/wp-json\/wp\/v2\/users\/2"}],"replies":[{"embeddable":true,"href":"https:\/\/www.europesays.com\/fr\/wp-json\/wp\/v2\/comments?post=482824"}],"version-history":[{"count":0,"href":"https:\/\/www.europesays.com\/fr\/wp-json\/wp\/v2\/posts\/482824\/revisions"}],"wp:featuredmedia":[{"embeddable":true,"href":"https:\/\/www.europesays.com\/fr\/wp-json\/wp\/v2\/media\/482825"}],"wp:attachment":[{"href":"https:\/\/www.europesays.com\/fr\/wp-json\/wp\/v2\/media?parent=482824"}],"wp:term":[{"taxonomy":"category","embeddable":true,"href":"https:\/\/www.europesays.com\/fr\/wp-json\/wp\/v2\/categories?post=482824"},{"taxonomy":"post_tag","embeddable":true,"href":"https:\/\/www.europesays.com\/fr\/wp-json\/wp\/v2\/tags?post=482824"}],"curies":[{"name":"wp","href":"https:\/\/api.w.org\/{rel}","templated":true}]}}