{"id":482826,"date":"2025-10-22T20:54:16","date_gmt":"2025-10-22T20:54:16","guid":{"rendered":"https:\/\/www.europesays.com\/fr\/482826\/"},"modified":"2025-10-22T20:54:16","modified_gmt":"2025-10-22T20:54:16","slug":"quelles-sont-les-zones-les-plus-exposees-face-aux-vents-a-paris-et-en-ile-de-france","status":"publish","type":"post","link":"https:\/\/www.europesays.com\/fr\/482826\/","title":{"rendered":"quelles sont les zones les plus expos\u00e9es face aux vents \u00e0 Paris et en \u00cele-de-France ?"},"content":{"rendered":"<p>\n    La France est travers\u00e9e d\u00e8s ce mercredi soir par la temp\u00eate Benjamin, qui va g\u00e9n\u00e9rer de tr\u00e8s fortes vagues sur le littoral de l\u2019Atlantique et de la Manche et provoquer de puissantes rafales dans le reste du pays, dont en \u00cele-de-France.<\/p>\n<p class=\"fig-paragraph\">Les premiers effets\u00a0<a href=\"http:\/\/www.lefigaro.fr\/meteo\/tempete-benjamin-18-departements-en-vigilance-orange-ce-jeudi-20251022\" target=\"_blank\" data-fig-type=\"NewsFlash\" rel=\"noopener\" data-gtm-custom-categorie=\"navigation\" data-gtm-custom-action=\"crossclick\" data-gtm-custom-label=\"Contextuel\" data-gtm-event=\"customEventSPE\" data-fig-domain=\"LEFIGARO\">de la temp\u00eate Benjamin<\/a>\u00a0sont d\u00e9j\u00e0 arriv\u00e9s aux abords du territoire fran\u00e7ais ce mercredi soir. Le ph\u00e9nom\u00e8ne m\u00e9t\u00e9orologique occasionnera de \u00abfortes rafales\u00bb de vent sur une \u00abbonne partie du territoire\u00bb jeudi, avec de grosses vagues sur le littoral atlantique et les c\u00f4tes de la Manche, selon\u00a0<a href=\"https:\/\/actualite.lachainemeteo.com\/actualite-meteo\/2025-10-22\/tempete-benjamin-en-ile-de-france-chronologie-rafales-zones-les-plus-exposees-82408\" target=\"_blank\" rel=\"sponsored noopener\" data-gtm-custom-categorie=\"navigation\" data-gtm-custom-action=\"crossclick\" data-gtm-custom-label=\"Contextuel\" data-gtm-event=\"customEventSPE\">La Cha\u00eene M\u00e9t\u00e9o<\/a>* qui a plac\u00e9 14 d\u00e9partements au total en alerte orange.<\/p>\n<p class=\"fig-paragraph\">Selon La Cha\u00eene M\u00e9t\u00e9o, il s\u2019agit d\u2019un \u00e9pisode venteux d\u2019ampleur nationale, \u00abpeu fr\u00e9quent pour une fin de mois d\u2019octobre\u00bb, qui comporte un risque de submersion sur plusieurs littoraux. La d\u00e9pression Benjamin va provoquer \u00abde tr\u00e8s fortes vagues sur nos c\u00f4tes de l\u2019Atlantique et de la Manche\u00bb, pr\u00e9cise la cha\u00eene m\u00e9t\u00e9orologique. Les littoraux aquitains et normands, notamment la Seine-Maritime, figurent parmi les zones les plus expos\u00e9es, avec un risque de submersion marine accru.<\/p>\n<p>Un vent fort jusqu\u2019\u00e0 l\u2019int\u00e9rieur des terres<\/p>\n<p>    Des vents attendus \u00e0 plus de 90km\/h vont toucher l\u2019\u00cele-de-France jeudi 23 octobre.<br \/>\n                La Cha\u00eene M\u00e9t\u00e9o<\/p>\n<p>                                    <a class=\"fig-a11y-skip a11y-hidden\" href=\"#fig-a11y-skip-main-inarticle\"><br \/>\n        Passer la publicit\u00e9<br \/>\n    <\/a><\/p>\n<p class=\"fig-paragraph\">En \u00cele-de-France, en revanche, le ph\u00e9nom\u00e8ne sera plus limit\u00e9\u00a0: pas de \u00abvraie temp\u00eate locale\u00bb, mais \u00abun temps tr\u00e8s agit\u00e9\u00bb, \u00e9crit la cha\u00eene m\u00e9t\u00e9orologique. Selon La Cha\u00eene M\u00e9t\u00e9o, la r\u00e9gion conna\u00eetra une alternance de passages pluvieux, de ciel changeant et de vent parfois violent au gr\u00e9 des averses. Apr\u00e8s les pluies de la nuit, la matin\u00e9e de jeudi s\u2019annonce d\u00e9j\u00e0 vent\u00e9e sous un ciel couvert. Le ph\u00e9nom\u00e8ne restera toutefois d\u2019intensit\u00e9 mod\u00e9r\u00e9e pour la saison, qualifi\u00e9 de \u00abcoup de vent classique\u00bb, m\u00eame si le site sp\u00e9cialis\u00e9 appelle toutefois \u00e0 \u00abs\u2019en m\u00e9fier\u00bb.<\/p>\n<p class=\"fig-paragraph\">C\u2019est dans l\u2019apr\u00e8s-midi que les conditions seront les plus agit\u00e9es. Au passage d\u2019averses parfois orageuses, des bourrasques soudaines pourront atteindre 80 \u00e0 90 km\/h, voire 100 km\/h sur les secteurs les plus expos\u00e9s, notamment sur les hauteurs ou en zone d\u00e9gag\u00e9e. Ce caract\u00e8re \u00aben dents de scie\u00bb sera fait d\u2019alternance entre p\u00e9riodes calmes et rafales brutales. Le vent devrait ensuite faiblir progressivement en soir\u00e9e, accompagn\u00e9 d\u2019un net rafra\u00eechissement et d\u2019une att\u00e9nuation des averses apr\u00e8s 20 heures.<\/p>\n<p class=\"fig-paragraph\">*La Cha\u00eene M\u00e9t\u00e9o appartient au groupe Figaro.<\/p>\n","protected":false},"excerpt":{"rendered":"La France est travers\u00e9e d\u00e8s ce mercredi soir par la temp\u00eate Benjamin, qui va g\u00e9n\u00e9rer de tr\u00e8s fortes&hellip;\n","protected":false},"author":2,"featured_media":482827,"comment_status":"","ping_status":"","sticky":false,"template":"","format":"standard","meta":{"footnotes":""},"categories":[1592],"tags":[1111,11,1777,674,1011,27,662,12,626,25,7747],"class_list":{"0":"post-482826","1":"post","2":"type-post","3":"status-publish","4":"format-standard","5":"has-post-thumbnail","7":"category-ile-de-france","8":"tag-actu","9":"tag-actualites","10":"tag-eu","11":"tag-europe","12":"tag-fr","13":"tag-france","14":"tag-ile-de-france","15":"tag-news","16":"tag-paris","17":"tag-republique-francaise","18":"tag-tempete"},"share_on_mastodon":{"url":"https:\/\/pubeurope.com\/@fr\/115419811882173320","error":""},"_links":{"self":[{"href":"https:\/\/www.europesays.com\/fr\/wp-json\/wp\/v2\/posts\/482826","targetHints":{"allow":["GET"]}}],"collection":[{"href":"https:\/\/www.europesays.com\/fr\/wp-json\/wp\/v2\/posts"}],"about":[{"href":"https:\/\/www.europesays.com\/fr\/wp-json\/wp\/v2\/types\/post"}],"author":[{"embeddable":true,"href":"https:\/\/www.europesays.com\/fr\/wp-json\/wp\/v2\/users\/2"}],"replies":[{"embeddable":true,"href":"https:\/\/www.europesays.com\/fr\/wp-json\/wp\/v2\/comments?post=482826"}],"version-history":[{"count":0,"href":"https:\/\/www.europesays.com\/fr\/wp-json\/wp\/v2\/posts\/482826\/revisions"}],"wp:featuredmedia":[{"embeddable":true,"href":"https:\/\/www.europesays.com\/fr\/wp-json\/wp\/v2\/media\/482827"}],"wp:attachment":[{"href":"https:\/\/www.europesays.com\/fr\/wp-json\/wp\/v2\/media?parent=482826"}],"wp:term":[{"taxonomy":"category","embeddable":true,"href":"https:\/\/www.europesays.com\/fr\/wp-json\/wp\/v2\/categories?post=482826"},{"taxonomy":"post_tag","embeddable":true,"href":"https:\/\/www.europesays.com\/fr\/wp-json\/wp\/v2\/tags?post=482826"}],"curies":[{"name":"wp","href":"https:\/\/api.w.org\/{rel}","templated":true}]}}