{"id":482834,"date":"2025-10-22T20:59:17","date_gmt":"2025-10-22T20:59:17","guid":{"rendered":"https:\/\/www.europesays.com\/fr\/482834\/"},"modified":"2025-10-22T20:59:17","modified_gmt":"2025-10-22T20:59:17","slug":"diplomatie-une-ressortissante-iranienne-liberee-en-france-une-etape-vers-un-echange-avec-les-otages-francais","status":"publish","type":"post","link":"https:\/\/www.europesays.com\/fr\/482834\/","title":{"rendered":"Diplomatie. Une ressortissante iranienne lib\u00e9r\u00e9e en France, une \u00e9tape vers un \u00e9change avec les otages fran\u00e7ais\u00a0?"},"content":{"rendered":"<p>Les autorit\u00e9s iraniennes ont annonc\u00e9 ce mercredi \u00ab la lib\u00e9ration conditionnelle \u00bb d&rsquo;une ressortissante iranienne, Mahdieh Esfandiari, arr\u00eat\u00e9e en France en f\u00e9vrier pour avoir fait l&rsquo;apologie du terrorisme sur les r\u00e9seaux sociaux. Le parquet de Paris a confirm\u00e9 la remise en libert\u00e9 sous contr\u00f4le judiciaire de Mahdieh Esfandiari, ordonn\u00e9e par le tribunal correctionnel de Paris, contre l\u2019avis du minist\u00e8re public. Le contr\u00f4le judiciaire l\u2019oblige notamment \u00e0 pointer au commissariat et lui interdit de quitter le territoire jusqu\u2019au proc\u00e8s au fond, pr\u00e9vu du 13 au 16 janvier 2026.<\/p>\n<p>Mahdieh Esfandiari fait partie d&rsquo;un \u00e9change discut\u00e9 entre la France et l&rsquo;Iran pour obtenir la lib\u00e9ration de <a href=\"https:\/\/www.ledauphine.com\/p\/cecile-kohler\" target=\"_blank\" rel=\"noopener\">C\u00e9cile Kohler<\/a> et Jacques Paris, deux Fran\u00e7ais d\u00e9tenus en Iran depuis mai 2022 et que Paris consid\u00e8re comme des \u00ab otages d&rsquo;Etat \u00bb.<\/p>\n<p>Le minist\u00e8re iranien des Affaires \u00e9trang\u00e8res s&rsquo;est \u00ab f\u00e9licit\u00e9 de la d\u00e9cision du juge fran\u00e7ais d&rsquo;une mise en libert\u00e9 sous contr\u00f4le judiciaire pour Mme Esfandiari \u00bb. L&rsquo;Iran \u00ab poursuivra ses efforts \u00bb jusqu&rsquo;\u00e0 ce qu&rsquo;elle \u00ab puisse rentrer au pays \u00bb, ajoute le texte. Mahdieh Esfandiari, traductrice et dipl\u00f4m\u00e9e de l&rsquo;Universit\u00e9 de Lyon, vivait en France depuis 2018. T\u00e9h\u00e9ran estime qu&rsquo;elle est injustement d\u00e9tenue.<\/p>\n<p>Un \u00e9change dans sa \u00ab phase finale \u00bb\u00a0?<\/p>\n<p>Son avocat, Me Nabil Boudi, a confirm\u00e9 avoir obtenu mercredi aupr\u00e8s du tribunal correctionnel de Paris le placement sous contr\u00f4le judiciaire de sa cliente. Ce qui lui interdit de quitter le territoire fran\u00e7ais. \u00ab Le procureur s&rsquo;est rigoureusement oppos\u00e9 \u00bb \u00e0 cette lib\u00e9ration, \u00e9voquant \u00ab le risque de fuite, mais il n&rsquo;a pas \u00e9t\u00e9 suivi \u00bb, a-t-il pr\u00e9cis\u00e9. \u00ab Le tribunal a suivi notre d\u00e9monstration et consid\u00e9r\u00e9 que la d\u00e9tention provisoire avait \u00e9t\u00e9 bien trop longue au regard des faits reproch\u00e9s \u00bb, a ajout\u00e9 l&rsquo;avocat.<\/p>\n<p>Mahdieh Esfandiari ne s&rsquo;est pas exprim\u00e9e sur le fond des faits qui lui sont reproch\u00e9s, et \u00ab attend avec impatience \u00bb d&rsquo;\u00eatre jug\u00e9e pour pouvoir s&rsquo;expliquer. \u00ab Nous sommes satisfaits, elle va enfin pouvoir pr\u00e9parer sa d\u00e9fense \u00bb, a-t-il poursuivi.<\/p>\n<p>Les Fran\u00e7ais C\u00e9cile Kohler et Jacques Paris ont \u00e9t\u00e9 inculp\u00e9s en Iran notamment pour espionnage au profit des services de renseignement fran\u00e7ais et isra\u00e9lien, des accusations r\u00e9fut\u00e9es par leurs proches. Le couple a \u00e9t\u00e9 <a href=\"https:\/\/www.ledauphine.com\/defense-guerre-conflit\/2025\/10\/16\/la-france-denonce-la-condamnation-arbitraire-des-deux-francais-detenus-en-iran\" target=\"_blank\" rel=\"noopener\">condamn\u00e9 \u00e0 de lourdes peines<\/a> cumul\u00e9es de respectivement 20 et 17 ans de prison, selon un communiqu\u00e9 la semaine derni\u00e8re de la justice iranienne qui ne mentionnait pas leur identit\u00e9.<\/p>\n<p>Le chef de la diplomatie iranienne, Abbas Araghchi, avait d\u00e9clar\u00e9 le mois dernier qu&rsquo;un accord visant \u00e0 \u00e9changer des prisonniers fran\u00e7ais en Iran contre une Iranienne d\u00e9tenue en France approchait de sa \u00ab phase finale \u00bb. Lundi, T\u00e9h\u00e9ran a affirm\u00e9 que les deux pays avaient \u00ab la volont\u00e9 \u00bb de r\u00e9soudre cette affaire.<\/p>\n","protected":false},"excerpt":{"rendered":"Les autorit\u00e9s iraniennes ont annonc\u00e9 ce mercredi \u00ab la lib\u00e9ration conditionnelle \u00bb d&rsquo;une ressortissante iranienne, Mahdieh Esfandiari, arr\u00eat\u00e9e&hellip;\n","protected":false},"author":2,"featured_media":482835,"comment_status":"","ping_status":"","sticky":false,"template":"","format":"standard","meta":{"footnotes":""},"categories":[1888],"tags":[11,3206,1777,674,274,107,1011,27,329,12,626,25],"class_list":{"0":"post-482834","1":"post","2":"type-post","3":"status-publish","4":"format-standard","5":"has-post-thumbnail","7":"category-paris","8":"tag-actualites","9":"tag-defense-guerre-conflit","10":"tag-eu","11":"tag-europe","12":"tag-faits-divers-justice","13":"tag-fil-info","14":"tag-fr","15":"tag-france","16":"tag-france-monde","17":"tag-news","18":"tag-paris","19":"tag-republique-francaise"},"share_on_mastodon":{"url":"https:\/\/pubeurope.com\/@fr\/115419831968143610","error":""},"_links":{"self":[{"href":"https:\/\/www.europesays.com\/fr\/wp-json\/wp\/v2\/posts\/482834","targetHints":{"allow":["GET"]}}],"collection":[{"href":"https:\/\/www.europesays.com\/fr\/wp-json\/wp\/v2\/posts"}],"about":[{"href":"https:\/\/www.europesays.com\/fr\/wp-json\/wp\/v2\/types\/post"}],"author":[{"embeddable":true,"href":"https:\/\/www.europesays.com\/fr\/wp-json\/wp\/v2\/users\/2"}],"replies":[{"embeddable":true,"href":"https:\/\/www.europesays.com\/fr\/wp-json\/wp\/v2\/comments?post=482834"}],"version-history":[{"count":0,"href":"https:\/\/www.europesays.com\/fr\/wp-json\/wp\/v2\/posts\/482834\/revisions"}],"wp:featuredmedia":[{"embeddable":true,"href":"https:\/\/www.europesays.com\/fr\/wp-json\/wp\/v2\/media\/482835"}],"wp:attachment":[{"href":"https:\/\/www.europesays.com\/fr\/wp-json\/wp\/v2\/media?parent=482834"}],"wp:term":[{"taxonomy":"category","embeddable":true,"href":"https:\/\/www.europesays.com\/fr\/wp-json\/wp\/v2\/categories?post=482834"},{"taxonomy":"post_tag","embeddable":true,"href":"https:\/\/www.europesays.com\/fr\/wp-json\/wp\/v2\/tags?post=482834"}],"curies":[{"name":"wp","href":"https:\/\/api.w.org\/{rel}","templated":true}]}}