{"id":482842,"date":"2025-10-22T21:03:19","date_gmt":"2025-10-22T21:03:19","guid":{"rendered":"https:\/\/www.europesays.com\/fr\/482842\/"},"modified":"2025-10-22T21:03:19","modified_gmt":"2025-10-22T21:03:19","slug":"charles-iii-et-camilla-au-vatican-une-visite-historique","status":"publish","type":"post","link":"https:\/\/www.europesays.com\/fr\/482842\/","title":{"rendered":"Charles III et Camilla au Vatican : une visite historique"},"content":{"rendered":"<p style=\"text-align:justify;\">C\u2019est une visite hors du commun, de celles qui marquent l\u2019Histoire. Mardi en fin d\u2019apr\u00e8s-midi, <a target=\"_blank\" href=\"https:\/\/www.pointdevue.fr\/grand-angle\/biographies\/charles-iii\" rel=\"nofollow noopener\">Charles III<\/a> et la <a target=\"_blank\" href=\"https:\/\/www.pointdevue.fr\/grand-angle\/biographies\/reine-camilla\" rel=\"nofollow noopener\">reine Camilla<\/a> ont atterri en Italie, d\u00e9but d\u2019\u00e9tape d\u2019un voyage qui les m\u00e8nera d\u00e8s le lendemain au Vatican pour une visite officielle de deux jours. Le couple royal est \u00e9videment familier des lieux et des audiences papales. <strong>Mais cette fois est diff\u00e9rente.<\/strong><\/p>\n<p><img decoding=\"async\" src=\"https:\/\/www.europesays.com\/fr\/wp-content\/uploads\/2025\/10\/ABACA_BRPAPhotos20251022_445Ps1liHbiyi.jpg\" alt=\"Sur le tarmac, Charles III est accueilli par Mgr Javier Domingo Fern\u00e1ndez Gonzalez, chef du bureau du protocole de la Cit\u00e9 du Vatican, et Mgr Francesco Canalini, nonce apostolique \u00e0 la retraite et ancien diplomate papal.\"\/><strong>Sur le tarmac, Charles III est accueilli par Mgr Javier Domingo Fern\u00e1ndez Gonzalez, chef du bureau du protocole de la Cit\u00e9 du Vatican, et Mgr Francesco Canalini, nonce apostolique \u00e0 la retraite et ancien diplomate papal.<\/strong> \u00a9 Arthur Edwards\/The Sun\/PA Wire<\/p>\n<p style=\"text-align:justify;\">Au Saint-Si\u00e8ge, <a target=\"_blank\" href=\"https:\/\/www.pointdevue.fr\/royal\/espagne\/la-reine-letizia-rencontre-leon-xiv-a-rome\" rel=\"nofollow noopener\">L\u00e9on XIV<\/a> et Charles III c\u00e9l\u00e9breront l\u2019ann\u00e9e jubilaire\u00a0&#8211; ou Ann\u00e9e Sainte &#8211; de l\u2019\u00c9glise catholique. Elle a lieu tous les 25 ans et attire des millions de p\u00e8lerins au Vatican. Dans\u00a0la prestigieuse chapelle Sixtine, sous les fresques de Michel-Ange, <strong>ils prieront ensemble lors d\u2019un service religieux \u0153cum\u00e9nique<\/strong>. Un \u00e9v\u00e9nement.<\/p>\n<p style=\"text-align:justify;\">Ce qui rend l\u2019occasion historique, c\u2019est que Charles III,\u00a0<a target=\"_blank\" href=\"https:\/\/www.pointdevue.fr\/royal\/royaume-uni\/en-defendant-toutes-les-religions-charles-iii-bouscule-la-tradition-du-couronnement\" rel=\"nofollow noopener\">gouverneur supr\u00eame de l\u2019\u00c9glise d\u2019Angleterre<\/a>, deviendra ainsi <strong>le premier monarque britannique \u00e0 prier lors d&rsquo;un office public avec le pape<\/strong>, chef de l&rsquo;\u00c9glise catholique, depuis la R\u00e9forme. Ce <strong>moment de pri\u00e8re partag\u00e9<\/strong> est donc un symbole important du dialogue entre les deux confessions chr\u00e9tiennes autrefois ennemies. Une premi\u00e8re depuis cinq si\u00e8cles, avant la rupture d\u2019Henri VIII avec Rome.<\/p>\n<p style=\"text-align:justify;\">Le palais de Buckingham a fait savoir que le roi \u00e9tait \u00ab\u00a0<strong>fier que sa visite officielle au Vatican symbolise le cheminement vers l&rsquo;unit\u00e9 entrepris par les anglicans et les catholiques<\/strong> dans un monde troubl\u00e9\u00a0\u00bb. \u00ab\u00a0Sa Majest\u00e9 se r\u00e9jouit vivement de rencontrer le pape L\u00e9on et de c\u00e9l\u00e9brer ensemble l&rsquo;importance historique de cette visite, qui marque un tournant dans les relations entre l&rsquo;\u00c9glise d&rsquo;Angleterre et l&rsquo;\u00c9glise catholique, ainsi qu&rsquo;entre le Royaume-Uni et le Saint-Si\u00e8ge\u00a0\u00bb.\u00a0<\/p>\n<p><img decoding=\"async\" src=\"https:\/\/www.europesays.com\/fr\/wp-content\/uploads\/2025\/10\/ABACA_BRPAPhotos20251022_377OJOP5d9lIz.jpg\" alt=\"Pour cette visite historique, le roi a \u00e9t\u00e9 notamment accueilli par Christopher Trott, ambassadeur britannique aupr\u00e8s du Saint-Si\u00e8ge.\"\/><strong>Pour cette visite historique, le roi a \u00e9t\u00e9 notamment accueilli par Christopher Trott, ambassadeur britannique aupr\u00e8s du Saint-Si\u00e8ge.<\/strong> \u00a9 Arthur Edwards\/The Sun\/PA Wire<\/p>\n<p style=\"text-align:justify;\">Ce recueillement en commun est vu comme un \u00ab\u00a0<strong>rempart contre ceux qui encouragent les conflits<\/strong>, les divisions et la tyrannie\u00a0\u00bb et la preuve d\u2019un \u00ab\u00a0travail commun en harmonie pour prot\u00e9ger la nature, la cr\u00e9ation de Dieu\u00a0\u00bb.<\/p>\n<p style=\"text-align:justify;\">\u00c0 son arriv\u00e9e \u00e0 l\u2019a\u00e9roport militaire de Ciampino 31st Wing \u00e0 Rome, le couple royal a \u00e9t\u00e9 accueilli par des repr\u00e9sentants du Saint-Si\u00e8ge, le gouvernement de l&rsquo;\u00c9glise catholique romaine au Vatican. Jeudi 23 octobre,<strong> le roi et la reine rencontreront pour la premi\u00e8re fois le pape L\u00e9on XIV depuis son \u00e9lection<\/strong>. Une visite d&rsquo;\u00c9tat \u00e9tait pr\u00e9vue au Saint-Si\u00e8ge en avril, mais <a target=\"_blank\" href=\"https:\/\/www.pointdevue.fr\/royal\/royaume-uni\/inquiet-pour-la-sante-du-pape-francois-charles-iii-lui-a-ecrit-une-lettre\" rel=\"nofollow noopener\">les probl\u00e8mes de sant\u00e9 du pape Fran\u00e7ois<\/a> l\u2019avaient report\u00e9. <a target=\"_blank\" href=\"https:\/\/www.pointdevue.fr\/royal\/royaume-uni\/le-dernier-cadeau-du-pape-francois-a-charles-iii-et-camilla\" rel=\"nofollow noopener\">Les souverains avaient pu le rencontrer en priv\u00e9<\/a>, avant que celui-ci ne d\u00e9c\u00e8de moins d\u2019un mois plus tard.<\/p>\n<p><img decoding=\"async\" src=\"https:\/\/www.europesays.com\/fr\/wp-content\/uploads\/2025\/10\/SIPA_sipausa31652254_0000097DdqhUksqX.jpg\" alt=\"Le mercredi 9 avril 2025, soit douze jours avant son d\u00e9c\u00e8s, le roi Charles III et la reine Camilla rencontraient le pape Fran\u00e7ois \u00e0 Rome, lors d'une rencontre priv\u00e9e.\"\/><strong>Le mercredi 9 avril 2025, soit douze jours avant son d\u00e9c\u00e8s, le roi Charles III et la reine Camilla rencontraient le pape Fran\u00e7ois \u00e0 Rome, lors d&rsquo;une rencontre priv\u00e9e.<\/strong> \u00a9 UPI\/Newscom\/SIPAUn programme charg\u00e9<\/p>\n<p style=\"text-align:justify;\">Jeudi, la messe qui se d\u00e9roulera dans la chapelle Sixtine sera ax\u00e9e sur l\u2019environnement et la nature, plus exactement, \u00ab\u00a0la sauvegarde de la Cr\u00e9ation\u00a0\u00bb, deux th\u00e8mes <a target=\"_blank\" href=\"https:\/\/www.pointdevue.fr\/royal\/royaume-uni\/avec-charles-iii-les-plantes-envahissent-les-palais\" rel=\"nofollow noopener\">particuli\u00e8rement chers \u00e0 Charles III<\/a>. Une autre messe se tiendra \u00e0 la <strong>basilique Saint-Paul-hors-les-murs de Rome, lieu historique li\u00e9 \u00e0 la monarchie britannique<\/strong>. Le roi y sera fait \u00ab\u00a0confr\u00e8re royal\u00a0\u00bb de l\u2019abbaye b\u00e9n\u00e9dictine attenante, en reconnaissance d\u2019une \u00ab\u00a0communion spirituelle\u00a0\u00bb entre les deux \u00c9glises.\u00a0<\/p>\n<p style=\"text-align:justify;\">Parmi les autres visites du programme, Sa Majest\u00e9 assistera \u00e0 une r\u00e9ception au Pontifical Beda College, un s\u00e9minaire qui forme des pr\u00eatres de tout le Commonwealth. Il rencontrera aussi <strong>des s\u0153urs catholiques de l&rsquo;Union internationale des sup\u00e9rieures g\u00e9n\u00e9rales,<\/strong> qui \u0153uvrent \u00e0 travers le monde au niveau local pour lutter contre la violence envers les femmes et les filles.<\/p>\n<p><img decoding=\"async\" src=\"https:\/\/www.europesays.com\/fr\/wp-content\/uploads\/2025\/10\/SIPA_ap22991833_000003rjVbjWu57o.jpg\" alt=\"Le couple royal a \u00e9t\u00e9 officiellement accueilli par des repr\u00e9sentants du Saint-Si\u00e8ge, le gouvernement de l'\u00c9glise catholique romaine au Vatican, \u00e0 sa descente de l'avion \u00e0 la base militaire de l'a\u00e9roport Ciampino 31st Wing \u00e0 Rome, le 22 octobre.\"\/><strong>Le couple royal a \u00e9t\u00e9 officiellement accueilli par des repr\u00e9sentants du Saint-Si\u00e8ge, le gouvernement de l&rsquo;\u00c9glise catholique romaine au Vatican, \u00e0 sa descente de l&rsquo;avion \u00e0 la base militaire de l&rsquo;a\u00e9roport Ciampino 31st Wing \u00e0 Rome, le 22 octobre.<\/strong> \u00a9 AP Photo\/Alessandra Tarantino\/ Sipa<\/p>\n<p style=\"text-align:justify;\">En pleine temp\u00eate familiale, face aux multiples rebondissements impliquant son fr\u00e8re <a target=\"_blank\" href=\"https:\/\/www.pointdevue.fr\/grand-angle\/biographies\/prince-andrew\" rel=\"nofollow noopener\">Andrew<\/a>, <a target=\"_blank\" href=\"https:\/\/www.pointdevue.fr\/royal\/royaume-uni\/la-fin-des-york\" rel=\"nofollow noopener\">sa d\u00e9cision de renoncer \u00e0 ses titres royaux<\/a> et la sortie des m\u00e9moires posthumes de\u00a0<a target=\"_blank\" href=\"https:\/\/www.pointdevue.fr\/royal\/royaume-uni\/le-prince-andrew-a-virginia-giuffre-mes-filles-sont-justes-un-peu-plus-jeunes-que-vous\" rel=\"nofollow noopener\"> Virginia Giuffre<\/a>, accusatrice du p\u00e9docriminel <a target=\"_blank\" href=\"https:\/\/www.pointdevue.fr\/royal\/royaume-uni\/nous-jouerons-encore-bientot-un-mail-dandrew-a-epstein-refait-surface\" rel=\"nofollow noopener\">Jeffrey Epstein<\/a>, le souverain trouvera peut-\u00eatre en ces lieux saints et aupr\u00e8s du pape L\u00e9on XIV, un peu de paix et de tranquillit\u00e9. Un peu de silence pour le moins.<\/p>\n<p><strong>Lire aussi &gt;&gt; <\/strong><a target=\"_blank\" href=\"https:\/\/www.pointdevue.fr\/royal\/royaume-uni\/ce-quelisabeth-ii-savait-et-a-garde-secret-de-laffaire-andrew\" rel=\"nofollow noopener\">Ce qu\u2019\u00c9lisabeth II savait (et a gard\u00e9 secret) de l\u2019affaire Andrew<\/a><\/p>\n","protected":false},"excerpt":{"rendered":"C\u2019est une visite hors du commun, de celles qui marquent l\u2019Histoire. Mardi en fin d\u2019apr\u00e8s-midi, Charles III et&hellip;\n","protected":false},"author":2,"featured_media":482843,"comment_status":"","ping_status":"","sticky":false,"template":"","format":"standard","meta":{"footnotes":""},"categories":[1588],"tags":[11,1777,674,12,473,1853,1851,1850,1852],"class_list":{"0":"post-482842","1":"post","2":"type-post","3":"status-publish","4":"format-standard","5":"has-post-thumbnail","7":"category-royaume-uni","8":"tag-actualites","9":"tag-eu","10":"tag-europe","11":"tag-news","12":"tag-royaume-uni","13":"tag-royaume-uni-de-grande-bretagne-et-dirlande-du-nord","14":"tag-uk","15":"tag-united-kingdom","16":"tag-united-kingdom-of-great-britain-and-northern-ireland"},"share_on_mastodon":{"url":"https:\/\/pubeurope.com\/@fr\/115419848415309802","error":""},"_links":{"self":[{"href":"https:\/\/www.europesays.com\/fr\/wp-json\/wp\/v2\/posts\/482842","targetHints":{"allow":["GET"]}}],"collection":[{"href":"https:\/\/www.europesays.com\/fr\/wp-json\/wp\/v2\/posts"}],"about":[{"href":"https:\/\/www.europesays.com\/fr\/wp-json\/wp\/v2\/types\/post"}],"author":[{"embeddable":true,"href":"https:\/\/www.europesays.com\/fr\/wp-json\/wp\/v2\/users\/2"}],"replies":[{"embeddable":true,"href":"https:\/\/www.europesays.com\/fr\/wp-json\/wp\/v2\/comments?post=482842"}],"version-history":[{"count":0,"href":"https:\/\/www.europesays.com\/fr\/wp-json\/wp\/v2\/posts\/482842\/revisions"}],"wp:featuredmedia":[{"embeddable":true,"href":"https:\/\/www.europesays.com\/fr\/wp-json\/wp\/v2\/media\/482843"}],"wp:attachment":[{"href":"https:\/\/www.europesays.com\/fr\/wp-json\/wp\/v2\/media?parent=482842"}],"wp:term":[{"taxonomy":"category","embeddable":true,"href":"https:\/\/www.europesays.com\/fr\/wp-json\/wp\/v2\/categories?post=482842"},{"taxonomy":"post_tag","embeddable":true,"href":"https:\/\/www.europesays.com\/fr\/wp-json\/wp\/v2\/tags?post=482842"}],"curies":[{"name":"wp","href":"https:\/\/api.w.org\/{rel}","templated":true}]}}