{"id":482859,"date":"2025-10-22T21:13:15","date_gmt":"2025-10-22T21:13:15","guid":{"rendered":"https:\/\/www.europesays.com\/fr\/482859\/"},"modified":"2025-10-22T21:13:15","modified_gmt":"2025-10-22T21:13:15","slug":"le-n1-mondial-fait-parler-de-lui-avant-paris","status":"publish","type":"post","link":"https:\/\/www.europesays.com\/fr\/482859\/","title":{"rendered":"le n\u00b01 mondial fait parler de lui avant Paris"},"content":{"rendered":"<p>                <img decoding=\"async\" src=\"https:\/\/www.europesays.com\/fr\/wp-content\/uploads\/2025\/10\/8BeJ.jpg\" fetchpriority=\"high\" alt=\"Alcaraz, plus blond que jamais : le n\u00b01 mondial fait parler de lui avant Paris\"\/><\/p>\n<p>Il avait surpris tout le monde apr\u00e8s sa victoire \u00e0 l\u2019US Open. D\u00e9sormais, Carlos Alcaraz confirme : le blond est bien son nouveau signe distinctif. \u00c0 l\u2019approche du Masters 1000 de Paris, le prodige espagnol attire tous les regards.<\/p>\n<p>Apr\u00e8s sa victoire \u00e0 l\u2019US Open, Carlos Alcaraz avait d\u00e9cid\u00e9 de se teindre les cheveux en blond. Une coupe qui avait \u00e9videmment fait parler d\u2019elle.<\/p>\n<p>Un peu plus d\u2019un mois apr\u00e8s ce changement capillaire, le n\u00b01 mondial a d\u00e9cid\u00e9 de passer de nouveau chez son coiffeur attitr\u00e9.<\/p>\n<p>Ainsi, pour aborder le Masters 1000 de Paris la semaine prochaine mais aussi le Masters et la phase finale de la Coupe Davis, Alcaraz sera de nouveau compl\u00e8tement blond. Le natif d\u2019El Palmar, vainqueur de six Grands Chelems, semble avoir d\u00e9finitivement adopt\u00e9 ce nouveau look.<\/p>\n","protected":false},"excerpt":{"rendered":"Il avait surpris tout le monde apr\u00e8s sa victoire \u00e0 l\u2019US Open. D\u00e9sormais, Carlos Alcaraz confirme : le&hellip;\n","protected":false},"author":2,"featured_media":482860,"comment_status":"","ping_status":"","sticky":false,"template":"","format":"standard","meta":{"footnotes":""},"categories":[1415],"tags":[1011,27,60,1467],"class_list":{"0":"post-482859","1":"post","2":"type-post","3":"status-publish","4":"format-standard","5":"has-post-thumbnail","7":"category-tennis","8":"tag-fr","9":"tag-france","10":"tag-sports","11":"tag-tennis"},"share_on_mastodon":{"url":"https:\/\/pubeurope.com\/@fr\/115419887624226217","error":""},"_links":{"self":[{"href":"https:\/\/www.europesays.com\/fr\/wp-json\/wp\/v2\/posts\/482859","targetHints":{"allow":["GET"]}}],"collection":[{"href":"https:\/\/www.europesays.com\/fr\/wp-json\/wp\/v2\/posts"}],"about":[{"href":"https:\/\/www.europesays.com\/fr\/wp-json\/wp\/v2\/types\/post"}],"author":[{"embeddable":true,"href":"https:\/\/www.europesays.com\/fr\/wp-json\/wp\/v2\/users\/2"}],"replies":[{"embeddable":true,"href":"https:\/\/www.europesays.com\/fr\/wp-json\/wp\/v2\/comments?post=482859"}],"version-history":[{"count":0,"href":"https:\/\/www.europesays.com\/fr\/wp-json\/wp\/v2\/posts\/482859\/revisions"}],"wp:featuredmedia":[{"embeddable":true,"href":"https:\/\/www.europesays.com\/fr\/wp-json\/wp\/v2\/media\/482860"}],"wp:attachment":[{"href":"https:\/\/www.europesays.com\/fr\/wp-json\/wp\/v2\/media?parent=482859"}],"wp:term":[{"taxonomy":"category","embeddable":true,"href":"https:\/\/www.europesays.com\/fr\/wp-json\/wp\/v2\/categories?post=482859"},{"taxonomy":"post_tag","embeddable":true,"href":"https:\/\/www.europesays.com\/fr\/wp-json\/wp\/v2\/tags?post=482859"}],"curies":[{"name":"wp","href":"https:\/\/api.w.org\/{rel}","templated":true}]}}