{"id":482867,"date":"2025-10-22T21:17:14","date_gmt":"2025-10-22T21:17:14","guid":{"rendered":"https:\/\/www.europesays.com\/fr\/482867\/"},"modified":"2025-10-22T21:17:14","modified_gmt":"2025-10-22T21:17:14","slug":"depart-a-barcelone-haute-savoie-a-lhonneur-le-parcours-du-tour-de-france-2026-mettra-la-montagne-en-majeste","status":"publish","type":"post","link":"https:\/\/www.europesays.com\/fr\/482867\/","title":{"rendered":"D\u00e9part \u00e0 Barcelone, Haute-Savoie \u00e0 l\u2019honneur&#8230; Le parcours du Tour de France 2026 mettra la montagne en majest\u00e9"},"content":{"rendered":"<p>\n    <strong>D\u00c9CRYPTAGE &#8211; <\/strong>L\u2019ascension vers le plateau de Solaison dessinera un temps fort esth\u00e9tique. Un site install\u00e9 comme une curiosit\u00e9 cyclotouristique apr\u00e8s les passages du Tour de l\u2019avenir 2014, du Crit\u00e9rium du Dauphin\u00e9 2017 et 2022.<\/p>\n<p class=\"fig-paragraph\">La saison \u00e9tourdie par les\u00a0<a href=\"http:\/\/www.lefigaro.fr\/sports\/cyclisme\/cyclisme-tadej-pogacar-ou-les-effets-pervers-d-une-hegemonie-20251013\" data-fig-type=\"NewsFlash\" data-gtm-custom-categorie=\"navigation\" data-gtm-custom-action=\"crossclick\" data-gtm-custom-label=\"Contextuel\" data-gtm-event=\"customEventSPE\" data-fig-domain=\"LEFIGARO\" target=\"_blank\" rel=\"noopener\">tours de magie de Tadej Pogacar<\/a>\u00a0vient de fermer les yeux. Les souvenirs sont encore chauds et, avant l\u2019hibernation, le Tour de France s\u2019appr\u00eate \u00e0 lever le voile sur sa 113e\u00a0\u00e9dition (du 4 au 26\u00a0juillet 2026), ce jeudi, au Palais des congr\u00e8s, \u00e0 Paris. Le triptyque de d\u00e9part est connu (<a href=\"http:\/\/www.lefigaro.fr\/sports\/cyclisme\/tour-de-france\/tour-de-france-l-edition-2026-demarrera-par-un-contre-la-montre-par-equipes-a-barcelone-20250225\" data-fig-type=\"NewsFlash\" data-gtm-custom-categorie=\"navigation\" data-gtm-custom-action=\"crossclick\" data-gtm-custom-label=\"Contextuel\" data-gtm-event=\"customEventSPE\" data-fig-domain=\"LEFIGARO\" target=\"_blank\" rel=\"noopener\">un contre-la-montre par \u00e9quipes<\/a>\u00a0de 19,7\u00a0km \u00e0 Barcelone en ouverture, une 2e\u00a0\u00e9tape allant de Tarragone \u00e0 Barcelone, avant une 3e\u00a0\u00e9tape partant de Granollers). La suite r\u00e9serve des surprises, comme le dimanche 19\u00a0juillet, jour de la finale de la Coupe du monde de football, quand la 15e\u00a0\u00e9tape de la Grande Boucle conduira le peloton de Champagnole au plateau de Solaison (184\u00a0km), au-dessus de Bonneville, en Haute-Savoie. En escaladant le mont Sal\u00e8ve (par le col de la Croisette, 1\u00a0175\u00a0m\u00a0; 4,7\u00a0km \u00e0 11,2\u00a0%), \u00e0 50\u00a0km de l\u2019arriv\u00e9e (\u00ab\u00a0Ce n\u2019est pas un escargot comme le Puy-de-D\u00f4me mais, en termes de difficult\u00e9, c\u2019est exactement la m\u00eame chose, une sorte de piste d\u2019envol pour les plus forts\u00a0\u00bb<\/p>\n<p class=\"fig-premium-paywall__infos\">\n        Cet article est r\u00e9serv\u00e9 aux abonn\u00e9s.        Il vous reste 85% \u00e0 d\u00e9couvrir.\n    <\/p>\n<p>                <img  data- alt=\"Le Figaro\" class=\"fig-img--complete fig-img\"\/><\/p>\n<p class=\"fig-premium-paywall__title\">Vous avez envie de lire la suite ?<\/p>\n<p class=\"fig-premium-paywall__subtitle\">D\u00e9bloquez tous les articles imm\u00e9diatement.<\/p>\n<p class=\"fig-premium-paywall__connect\">\n                D\u00e9j\u00e0 abonn\u00e9\u00a0?                <a class=\"fig-premium-paywall__connect-link\" href=\"https:\/\/connect.lefigaro.fr\/login?client=horizon_web&amp;type=main&amp;redirect_uri=https%3A%2F%2Fwww.lefigaro.fr%2Fsports%2Fcyclisme%2Ftour-de-france%2Fil-faut-montrer-des-paysages-des-monuments-des-lieux-ou-on-se-dit-pour-le-tour-de-france-2026-la-montagne-en-majeste-20251022\" data-js-gtm=\"{&quot;customCategorie&quot;: &quot;conversion&quot;, &quot;customAction&quot;: &quot;before_Landing_Connexion_paywall_auto&quot;, &quot;customLabel&quot;: &quot;bGVmaWdhcm8uZnJfXzFmMGFlNmY4LTc3YzMtNjM3Yy04NmUyLTQ3NjdlZjVkYmM0ZF9fTmV3c0ZsYXNo_D\u00e9part \u00e0 Barcelone, Haute-Savoie \u00e0 l\u2019honneur... Le parcours du Tour de France 2026 mettra la montagne en majest\u00e9_1000&quot;, &quot;customIDSPE&quot;: &quot;bGVmaWdhcm8uZnJfXzFmMGFlNmY4LTc3YzMtNjM3Yy04NmUyLTQ3NjdlZjVkYmM0ZF9fTmV3c0ZsYXNo&quot;, &quot;event&quot;: &quot;customEventSPE&quot;}\" target=\"_blank\" rel=\"noopener\"><br \/>\n                    Connectez-vous<br \/>\n                <\/a>\n            <\/p>\n","protected":false},"excerpt":{"rendered":"D\u00c9CRYPTAGE &#8211; L\u2019ascension vers le plateau de Solaison dessinera un temps fort esth\u00e9tique. Un site install\u00e9 comme une&hellip;\n","protected":false},"author":2,"featured_media":482868,"comment_status":"","ping_status":"","sticky":false,"template":"","format":"standard","meta":{"footnotes":""},"categories":[1411],"tags":[1154,207,1011,27,60,1138,210],"class_list":{"0":"post-482867","1":"post","2":"type-post","3":"status-publish","4":"format-standard","5":"has-post-thumbnail","7":"category-cyclisme","8":"tag-cycling","9":"tag-cyclisme","10":"tag-fr","11":"tag-france","12":"tag-sports","13":"tag-tadej-pogacar","14":"tag-tour-de-france"},"share_on_mastodon":{"url":"https:\/\/pubeurope.com\/@fr\/115419902328875060","error":""},"_links":{"self":[{"href":"https:\/\/www.europesays.com\/fr\/wp-json\/wp\/v2\/posts\/482867","targetHints":{"allow":["GET"]}}],"collection":[{"href":"https:\/\/www.europesays.com\/fr\/wp-json\/wp\/v2\/posts"}],"about":[{"href":"https:\/\/www.europesays.com\/fr\/wp-json\/wp\/v2\/types\/post"}],"author":[{"embeddable":true,"href":"https:\/\/www.europesays.com\/fr\/wp-json\/wp\/v2\/users\/2"}],"replies":[{"embeddable":true,"href":"https:\/\/www.europesays.com\/fr\/wp-json\/wp\/v2\/comments?post=482867"}],"version-history":[{"count":0,"href":"https:\/\/www.europesays.com\/fr\/wp-json\/wp\/v2\/posts\/482867\/revisions"}],"wp:featuredmedia":[{"embeddable":true,"href":"https:\/\/www.europesays.com\/fr\/wp-json\/wp\/v2\/media\/482868"}],"wp:attachment":[{"href":"https:\/\/www.europesays.com\/fr\/wp-json\/wp\/v2\/media?parent=482867"}],"wp:term":[{"taxonomy":"category","embeddable":true,"href":"https:\/\/www.europesays.com\/fr\/wp-json\/wp\/v2\/categories?post=482867"},{"taxonomy":"post_tag","embeddable":true,"href":"https:\/\/www.europesays.com\/fr\/wp-json\/wp\/v2\/tags?post=482867"}],"curies":[{"name":"wp","href":"https:\/\/api.w.org\/{rel}","templated":true}]}}