{"id":482886,"date":"2025-10-22T21:30:19","date_gmt":"2025-10-22T21:30:19","guid":{"rendered":"https:\/\/www.europesays.com\/fr\/482886\/"},"modified":"2025-10-22T21:30:19","modified_gmt":"2025-10-22T21:30:19","slug":"cette-comete-visible-en-ce-moment-vient-daffronter-un-phenomene-extremement-rare-les-images-sont-impressionnantes","status":"publish","type":"post","link":"https:\/\/www.europesays.com\/fr\/482886\/","title":{"rendered":"Cette com\u00e8te visible en ce moment vient d\u2019affronter un ph\u00e9nom\u00e8ne extr\u00eamement rare : les images sont impressionnantes"},"content":{"rendered":"<p>La com\u00e8te\u00a0C\/2025 A6 (Lemmon) a \u00e9t\u00e9 d\u00e9couverte au tout d\u00e9but de cette ann\u00e9e\u00a02025. Et r\u00e9cemment, elle a attir\u00e9 l&rsquo;attention parce qu&rsquo;elle \u00e9tait devenue visible \u00e0 l&rsquo;<a href=\"https:\/\/www.futura-sciences.com\/sciences\/questions-reponses\/astronomie-etoiles-brillantes-peut-on-voir-ciel-oeil-nu-6254\/\" title=\"\u00c9toiles brillantes : combien peut-on en voir dans le ciel \u00e0 l&#039;\u0153il nu ?\" rel=\"nofollow noopener\" target=\"_blank\">\u0153il nu<\/a>.<\/p>\n<p>            <img decoding=\"async\" data-imgid=\"sm\" src=\"https:\/\/www.europesays.com\/fr\/wp-content\/uploads\/2025\/10\/deux-cometes.jpeg\" width=\"320\" height=\"320\" alt=\"Ces jours-ci, deux com\u00e8tes \u2013 ici, une simple image d\u2019illustration \u2013 sont visibles dans le ciel de l\u2019h\u00e9misph\u00e8re nord, la com\u00e8te C\/2025 A6 (Lemmon) et la com\u00e8te C\/2025 R2 (Swan). \u00a9 Nazarii, Adobe Stock\" loading=\"lazy\"\/><\/p>\n<p>\n                Tags :<br \/>\n\tsciences\n<\/p>\n<p><a href=\"https:\/\/www.futura-sciences.com\/sciences\/actualites\/comete-ne-pas-rater-double-passage-cometes-pres-terre-visibles-oeil-nu-ce-soir-126553\/\" class=\"article-link\" rel=\"nofollow noopener\" target=\"_blank\"><\/p>\n<p>        \u00c0 ne pas rater\u00a0: un double passage de com\u00e8tes pr\u00e8s de la Terre et visibles \u00e0 l\u2019\u0153il nu d\u00e8s ce soir\u2009!<\/p>\n<p><\/a><\/p>\n<p>        Lire l&rsquo;article <\/p>\n<p>Ce mardi\u00a021\u00a0octobre, elle est pass\u00e9e au plus pr\u00e8s de la Terre. \u00c0 seulement 90\u00a0millions de kilom\u00e8tres. Mais s&rsquo;il en est question \u00e0 nouveau aujourd&rsquo;hui, c&rsquo;est surtout parce que la <a href=\"https:\/\/www.futura-sciences.com\/sciences\/questions-reponses\/comete-comete-meteorite-asteroide-etoile-filante-difference-6331\/\" title=\"Com\u00e8te, m\u00e9t\u00e9orite, ast\u00e9ro\u00efde, \u00e9toile filante : quelle est la diff\u00e9rence ?\" rel=\"nofollow noopener\" target=\"_blank\">com\u00e8te<\/a> a essuy\u00e9, en fin de semaine derni\u00e8re, une violente <a href=\"https:\/\/www.futura-sciences.com\/planete\/definitions\/climatologie-tempete-14551\/\" rel=\"nofollow noopener\" target=\"_blank\">temp\u00eate<\/a> solaire.<\/p>\n<p>Une com\u00e8te en pleine temp\u00eate<\/p>\n<p>Sur notre Terre, ce type d&rsquo;\u00e9v\u00e9nement provoque surtout l&rsquo;apparition dans le ciel de toujours stup\u00e9fiantes <a href=\"https:\/\/www.futura-sciences.com\/sciences\/questions-reponses\/soleil-aurores-boreales-tiennent-elles-leurs-couleurs-leurs-formes-20598\/\" title=\"D&#039;o\u00f9 les aurores bor\u00e9ales tiennent-elles leurs couleurs et leurs formes ?\" rel=\"nofollow noopener\" target=\"_blank\">aurores bor\u00e9ales<\/a>. Et \u00e7a a aussi \u00e9t\u00e9 le cas cette fois. Une temp\u00eate g\u00e9omagn\u00e9tique provoqu\u00e9e par une \u00e9jection de masse coronale (CME). Une temp\u00eate de classe\u00a0G2. Soit de puissance mod\u00e9r\u00e9e. Mais qui a tout de m\u00eame permis \u00e0 quelques-uns d&rsquo;immortaliser la com\u00e8te Lemmon sur un fond de ciel plus color\u00e9 qu&rsquo;\u00e0 l&rsquo;accoutum\u00e9e.<\/p>\n<p>Sur un clich\u00e9 un peu plus saisissant que les autres et pris par un astrophotographe tch\u00e8que, Petr Hor\u00e1lek, on d\u00e9couvre surtout l&rsquo;imposante <a href=\"https:\/\/www.futura-sciences.com\/sciences\/definitions\/univers-queue-comete-990\/\" rel=\"nofollow noopener\" target=\"_blank\">queue de la com\u00e8te<\/a> Lemmon secou\u00e9e par la temp\u00eate. Probablement le r\u00e9sultat d&rsquo;une puissante rafale de <a href=\"https:\/\/La%20sonde%20Solar%20Orbiter%20perce%20les%20secrets%20du%20vent%20solaire\" title=\"https:\/\/www.futura-sciences.com\/sciences\/actualites\/soleil-sonde-solar-orbiter-perce-secrets-vent-solaire-113722\/\" rel=\"nofollow\">vent solaire<\/a>. M\u00eame si cela se produit assez r\u00e9guli\u00e8rement pour les grandes com\u00e8tes, la photo est spectaculaire.<\/p>\n<p>La com\u00e8te Lemmon presque coutumi\u00e8re du fait<\/p>\n<p>Et c&rsquo;\u00e9tait d\u00e9j\u00e0 arriv\u00e9 \u00e0 la com\u00e8te Lemmon fin septembre. D\u00e9but octobre, elle avait m\u00eame subi une l\u00e9g\u00e8re d\u00e9connexion de sa queue. Comprenez qu&rsquo;une partie de cette queue avait alors sembl\u00e9 vouloir se d\u00e9tacher du corps de la com\u00e8te. De telles d\u00e9connexions, en revanche,\u00a0sont assez rares. Et leurs images, encore plus.<\/p>\n<p class=\"fs-media\">\n<p><img decoding=\"async\" data-imgid=\"full\" src=\"https:\/\/www.europesays.com\/fr\/wp-content\/uploads\/2025\/10\/deconnexion-queue-comete-lemmon.png\" width=\"1080\" height=\"607\" alt=\"\" loading=\"lazy\"\/><br \/>\nSur les images de Brennan Gilmore, un astrophotographe am\u00e9ricain, la d\u00e9connexion de la queue de la com\u00e8te C\/2025 A6 (Lemmon) dans la nuit du 2 octobre dernier appara\u00eet clairement. \u00a9 Brennan Gilmore, YouTube<\/p>\n<p>Mais l&rsquo;astrophotographe Brennan Gilmore en avait captur\u00e9 des vues spectaculaires gr\u00e2ce \u00e0 un <a href=\"https:\/\/www.futura-sciences.com\/tech\/definitions\/informatique-time-lapse-8141\/\" rel=\"nofollow noopener\" target=\"_blank\">timelapse<\/a> de 60\u00a0minutes tourn\u00e9, par hasard, pendant une rafale de <a href=\"https:\/\/www.futura-sciences.com\/sciences\/definitions\/univers-vent-solaire-2445\/\" rel=\"nofollow noopener\" target=\"_blank\">vent solaire<\/a>.<\/p>\n","protected":false},"excerpt":{"rendered":"La com\u00e8te\u00a0C\/2025 A6 (Lemmon) a \u00e9t\u00e9 d\u00e9couverte au tout d\u00e9but de cette ann\u00e9e\u00a02025. Et r\u00e9cemment, elle a attir\u00e9&hellip;\n","protected":false},"author":2,"featured_media":482887,"comment_status":"","ping_status":"","sticky":false,"template":"","format":"standard","meta":{"footnotes":""},"categories":[7],"tags":[50357,60611,60610,1011,27,60612,43,40,41,39,42,44,60613,60614,60615],"class_list":{"0":"post-482886","1":"post","2":"type-post","3":"status-publish","4":"format-standard","5":"has-post-thumbnail","7":"category-sciences-et-technologies","8":"tag-astrophotographie","9":"tag-c-2025-a6-lemmon","10":"tag-comete-lemmon","11":"tag-fr","12":"tag-france","13":"tag-queue-de-comete","14":"tag-science","15":"tag-science-and-technology","16":"tag-sciences","17":"tag-sciences-et-technologies","18":"tag-technologies","19":"tag-technology","20":"tag-tempete-geomagnetique","21":"tag-tempete-solaire","22":"tag-vent-solaire"},"share_on_mastodon":{"url":"https:\/\/pubeurope.com\/@fr\/115419954207156669","error":""},"_links":{"self":[{"href":"https:\/\/www.europesays.com\/fr\/wp-json\/wp\/v2\/posts\/482886","targetHints":{"allow":["GET"]}}],"collection":[{"href":"https:\/\/www.europesays.com\/fr\/wp-json\/wp\/v2\/posts"}],"about":[{"href":"https:\/\/www.europesays.com\/fr\/wp-json\/wp\/v2\/types\/post"}],"author":[{"embeddable":true,"href":"https:\/\/www.europesays.com\/fr\/wp-json\/wp\/v2\/users\/2"}],"replies":[{"embeddable":true,"href":"https:\/\/www.europesays.com\/fr\/wp-json\/wp\/v2\/comments?post=482886"}],"version-history":[{"count":0,"href":"https:\/\/www.europesays.com\/fr\/wp-json\/wp\/v2\/posts\/482886\/revisions"}],"wp:featuredmedia":[{"embeddable":true,"href":"https:\/\/www.europesays.com\/fr\/wp-json\/wp\/v2\/media\/482887"}],"wp:attachment":[{"href":"https:\/\/www.europesays.com\/fr\/wp-json\/wp\/v2\/media?parent=482886"}],"wp:term":[{"taxonomy":"category","embeddable":true,"href":"https:\/\/www.europesays.com\/fr\/wp-json\/wp\/v2\/categories?post=482886"},{"taxonomy":"post_tag","embeddable":true,"href":"https:\/\/www.europesays.com\/fr\/wp-json\/wp\/v2\/tags?post=482886"}],"curies":[{"name":"wp","href":"https:\/\/api.w.org\/{rel}","templated":true}]}}