{"id":482890,"date":"2025-10-22T21:32:15","date_gmt":"2025-10-22T21:32:15","guid":{"rendered":"https:\/\/www.europesays.com\/fr\/482890\/"},"modified":"2025-10-22T21:32:15","modified_gmt":"2025-10-22T21:32:15","slug":"ce-chiffre-que-trump-a-voulu-masquer-revele-lampleur-des-catastrophes-climatiques","status":"publish","type":"post","link":"https:\/\/www.europesays.com\/fr\/482890\/","title":{"rendered":"Ce chiffre que Trump a voulu masquer r\u00e9v\u00e8le l\u2019ampleur des catastrophes climatiques"},"content":{"rendered":"<p>        <img decoding=\"async\" loading=\"lazy\" src=\"https:\/\/www.europesays.com\/fr\/wp-content\/uploads\/2025\/10\/2546f56_upload-1-o0ejxxjxfutu-afp-20251007-77zc7b7-v1-highres-uspresidentdonaldtrumpmeetscanadianpri.jpeg\"  width=\"728\" height=\"409\" alt=\"Le pr\u00e9sident am\u00e9ricain, Donald Trump, aabruptement interrompu le suivi des catastrophes climatiques am\u00e9ricains men\u00e9 par la NOAA.\"\/>  <\/p>\n<p>JIM WATSON \/ AFP<\/p>\n<p>Le pr\u00e9sident am\u00e9ricain, Donald Trump, aabruptement interrompu le suivi des catastrophes climatiques am\u00e9ricains men\u00e9 par la NOAA.<\/p>\n<p class=\"asset asset-text\">CLIMAT &#8211; C\u2019est un chiffre que <a href=\"https:\/\/www.huffingtonpost.fr\/international\/video\/donald-trump-fait-de-la-maison-blanche-le-terrain-de-jeu-de-ses-lubies-immobilieres_256291.html\" target=\"_blank\" rel=\"noopener\">Donald Trump<\/a> aurait pr\u00e9f\u00e9r\u00e9 ne jamais voir publi\u00e9. Aux \u00c9tats-Unis, les catastrophes climatiques survenues entre janvier et juin 2025 ont caus\u00e9 plus de 101 milliards de dollars de d\u00e9g\u00e2ts, a-t-on appris ce mercredi 22\u00a0octobre. Il s\u2019agit d\u2019un record pour un d\u00e9but d\u2019ann\u00e9e. On se souvient notamment des<a href=\"https:\/\/www.huffingtonpost.fr\/international\/article\/10-mois-apres-les-incendies-de-los-angeles-un-chauffeur-uber-arrete_255764.html\" target=\"_blank\" rel=\"noopener\"> incendies meurtriers de Los Angeles<\/a> et des <a href=\"https:\/\/www.huffingtonpost.fr\/international\/video\/aux-etats-unis-tornades-et-tempetes-font-plus-d-une-trentaine-de-morts_247522.html#:~:text=En%202024%2C%20les%20accidents%20provoqu%C3%A9s,op%C3%A9rateur%20tiers%20qui%20l\u2019h%C3%A9berge.\" target=\"_blank\" rel=\"noopener\">temp\u00eates <\/a>dans le centre et le sud du pays.<\/p>\n<p class=\"asset asset-text\">Ce bilan aurait toutefois pu ne jamais \u00eatre rendu public, le suivi des catastrophes climatiques ayant \u00e9t\u00e9 abruptement interrompu en mai par <a href=\"https:\/\/www.huffingtonpost.fr\/international\/article\/aux-etats-unis-cet-autre-limogeage-exige-par-l-administration-trump-tourne-au-bras-de-fer_254066.html\" target=\"_blank\" rel=\"noopener\">l\u2019administration Trump.<\/a> Cette base de donn\u00e9e maintenue par l\u2019Agence am\u00e9ricaine d\u2019observation oc\u00e9anique et atmosph\u00e9rique (NOAA) depuis 1980 a en effet fait les frais des importantes coupes budg\u00e9taires d\u00e9cid\u00e9es par le r\u00e9publicain.<\/p>\n<p class=\"asset asset-text\">Cette d\u00e9cision, per\u00e7ue comme id\u00e9ologique en raison de <a href=\"https:\/\/www.huffingtonpost.fr\/international\/video\/apres-la-sortie-climatosceptique-de-trump-a-l-onu-macron-repond-que-la-science-est-claire_255223.html\" target=\"_blank\" rel=\"noopener\">l\u2019offensive climatosceptique<\/a> men\u00e9e par Donald Trump, a \u00e9t\u00e9 condamn\u00e9e par les d\u00e9mocrates et les organisations environnementales, mais aussi&#8230; par des experts en charge de l\u2019\u00e9valuation des risques dans les secteurs de l\u2019assurance. Ces donn\u00e9es \u00e9taient en effet utilis\u00e9es par de nombreux acteurs pour suivre l\u2019envol\u00e9e des co\u00fbts des <a href=\"https:\/\/www.huffingtonpost.fr\/international\/article\/ouragan-katrina-20-ans-apres-trump-ignore-les-lecons-du-passe-et-fait-craindre-le-pire_254053.html\" target=\"_blank\" rel=\"noopener\">catastrophes climatiques.<\/a><\/p>\n<p class=\"asset asset-text\">\u00ab\u00a0Les demandes pour son retour venaient de tous les secteurs de la soci\u00e9t\u00e9\u00a0\u00bb, explique \u00e0 l\u2019AFP Adam Smith, qui a pilot\u00e9 cette base de donn\u00e9es pendant 15 ans. Le climatologue, qui a d\u00e9missionn\u00e9 en mai de la NOAA en raison d\u2019un environnement\u00a0\u00ab\u00a0de plus en plus difficile\u00a0\u00bb\u00a0s\u2019est efforc\u00e9 depuis de poursuivre ce travail au sein de l\u2019ONG Climate Central avec divers experts en m\u00e9t\u00e9orologie, \u00e9conomie ou encore gestion des risques.<\/p>\n<p class=\"asset asset-text\">Si selon leurs estimations le co\u00fbt des d\u00e9sastres a atteint un record historique pour les six premiers mois, l\u2019ann\u00e9e 2025 ne devrait pas constituer un record annuel, la saison des ouragans s\u2019\u00e9tant pour l\u2019instant av\u00e9r\u00e9e plus douce que pr\u00e9vue.<\/p>\n<p class=\"asset asset-text\">Avec sa nouvelle \u00e9quipe, Adam Smith ambitionne d\u2019\u00e9largir dans le futur la base de donn\u00e9es avec les catastrophes naturelles causant moins de 100 millions de dollars de d\u00e9g\u00e2ts, actuellement non comptabilis\u00e9es, afin de mieux rendre compte\u00a0\u00ab\u00a0des r\u00e9percussions consid\u00e9rables sur la vie et les moyens de subsistance des populations\u00a0\u00bb\u00a0des \u00e9v\u00e9nements de moindre ampleur.<\/p>\n","protected":false},"excerpt":{"rendered":"JIM WATSON \/ AFP Le pr\u00e9sident am\u00e9ricain, Donald Trump, aabruptement interrompu le suivi des catastrophes climatiques am\u00e9ricains men\u00e9&hellip;\n","protected":false},"author":2,"featured_media":453216,"comment_status":"","ping_status":"","sticky":false,"template":"","format":"standard","meta":{"footnotes":""},"categories":[5],"tags":[11,1129,75,436,73,1011,27,14,12,28],"class_list":{"0":"post-482890","1":"post","2":"type-post","3":"status-publish","4":"format-standard","5":"has-post-thumbnail","7":"category-international","8":"tag-actualites","9":"tag-climat","10":"tag-donald-trump","11":"tag-environnement","12":"tag-etats-unis","13":"tag-fr","14":"tag-france","15":"tag-international","16":"tag-news","17":"tag-world"},"share_on_mastodon":{"url":"https:\/\/pubeurope.com\/@fr\/115419961967055651","error":""},"_links":{"self":[{"href":"https:\/\/www.europesays.com\/fr\/wp-json\/wp\/v2\/posts\/482890","targetHints":{"allow":["GET"]}}],"collection":[{"href":"https:\/\/www.europesays.com\/fr\/wp-json\/wp\/v2\/posts"}],"about":[{"href":"https:\/\/www.europesays.com\/fr\/wp-json\/wp\/v2\/types\/post"}],"author":[{"embeddable":true,"href":"https:\/\/www.europesays.com\/fr\/wp-json\/wp\/v2\/users\/2"}],"replies":[{"embeddable":true,"href":"https:\/\/www.europesays.com\/fr\/wp-json\/wp\/v2\/comments?post=482890"}],"version-history":[{"count":0,"href":"https:\/\/www.europesays.com\/fr\/wp-json\/wp\/v2\/posts\/482890\/revisions"}],"wp:featuredmedia":[{"embeddable":true,"href":"https:\/\/www.europesays.com\/fr\/wp-json\/wp\/v2\/media\/453216"}],"wp:attachment":[{"href":"https:\/\/www.europesays.com\/fr\/wp-json\/wp\/v2\/media?parent=482890"}],"wp:term":[{"taxonomy":"category","embeddable":true,"href":"https:\/\/www.europesays.com\/fr\/wp-json\/wp\/v2\/categories?post=482890"},{"taxonomy":"post_tag","embeddable":true,"href":"https:\/\/www.europesays.com\/fr\/wp-json\/wp\/v2\/tags?post=482890"}],"curies":[{"name":"wp","href":"https:\/\/api.w.org\/{rel}","templated":true}]}}