{"id":482910,"date":"2025-10-22T21:46:50","date_gmt":"2025-10-22T21:46:50","guid":{"rendered":"https:\/\/www.europesays.com\/fr\/482910\/"},"modified":"2025-10-22T21:46:50","modified_gmt":"2025-10-22T21:46:50","slug":"record-daffluence-attendu-au-stade-michel-dornano-pour-le-derby-caen-rouen","status":"publish","type":"post","link":"https:\/\/www.europesays.com\/fr\/482910\/","title":{"rendered":"record d&rsquo;affluence attendu au stade Michel d&rsquo;Ornano pour le derby Caen-Rouen"},"content":{"rendered":"<p>Zapping Foot National Les Petits Princes du Rocher, immersion dans le Groupe \u00c9lite de l\u2019AS Monaco !<\/p>\n<p>C&rsquo;est un stade Michel-d&rsquo;Ornano en f\u00eate qui s&rsquo;appr\u00eate \u00e0 accueillir le derby. Ce mardi 21 octobre, dans le cadre de la <a href=\"https:\/\/www.foot-national.com\/actus\/national-le-programme-de-la-onzieme-journee-927927\" target=\"_blank\" rel=\"noopener\">onzi\u00e8me journ\u00e9e de National<\/a>, le SM Caen va effectivement recevoir le FC Rouen dans son antre. Pour l&rsquo;occasion, ce sont d\u00e9j\u00e0 15.500 spectacteurs qui ont assur\u00e9 leur place pour ce rendez-vous entre voisins. Soit la meilleure affluence de la saison pour le Stade Malherbe.<\/p>\n<blockquote class=\"twitter-tweet\">\n<p dir=\"ltr\" lang=\"fr\">\ud835\udde4\ud835\ude02\ud835\uddf6\ud835\uddfb\ud835\ude07\ud835\uddf2 \ud835\uddfa\ud835\uddf6\ud835\uddf9\ud835\uddf9\ud835\uddf2 \ud835\uddf0\ud835\uddf6\ud835\uddfb\ud835\uddfe \ud835\uddf0\ud835\uddf2\ud835\uddfb\ud835\ude01\ud835\ude00 \u2705<\/p>\n<p>Record d&rsquo;affluence pour ce <a href=\"https:\/\/twitter.com\/hashtag\/SMCFCR?src=hash&amp;ref_src=twsrc%5Etfw\" target=\"_blank\" rel=\"noopener\">#SMCFCR<\/a>, pensez \u00e0 r\u00e9server vos places \ud83c\udfab <a href=\"https:\/\/twitter.com\/hashtag\/SMCaen?src=hash&amp;ref_src=twsrc%5Etfw\" target=\"_blank\" rel=\"noopener\">#SMCaen<\/a> <a href=\"https:\/\/twitter.com\/hashtag\/TeamSMC?src=hash&amp;ref_src=twsrc%5Etfw\" target=\"_blank\" rel=\"noopener\">#TeamSMC<\/a><\/p>\n<p>\u2014 Stade Malherbe Caen (@SMCaen) <a href=\"https:\/\/twitter.com\/SMCaen\/status\/1980279435640307855?ref_src=twsrc%5Etfw\" target=\"_blank\" rel=\"noopener\">October 20, 2025<\/a><\/p>\n<\/blockquote>\n<p>Dix points d&rsquo;\u00e9cart<\/p>\n<p>L&rsquo;\u00e9quipe de Maxime D&rsquo;Ornano va d&rsquo;ailleurs jou\u00e9 gros \u00e0 domicile. Apr\u00e8s sa d\u00e9faite \u00e0 Orl\u00e9ans vendredi dernier (1-2), Caen pointe au septi\u00e8me rang du championnat, \u00e0 quatre longueurs du podium. De son c\u00f4t\u00e9, le FC Rouen a relanc\u00e9 la machine apr\u00e8s son \u00e9limination surprise en Coupe de France (contre Alen\u00e7on, N3). Une semaine apr\u00e8s cette sortie de route, la formation de R\u00e9gis Brouard a domin\u00e9 le Paris 13 Atletico au stade Robert-Diochon (3-0).<\/p>\n<p>Leader, le FCR compte &#8230; dix points d&rsquo;avance sur le SMC avant le coup d&rsquo;envoi de la partie ce mardi. Match qui sera d&rsquo;ailleurs retransmis par la cha\u00eene France 3 Normandie. \u00ab\u00a0Rendez-vous ce mardi 21 octobre, \u00e0 partir de 19h30 sur le site internet de France 3 Normandie et la plateforme France.tv\u00a0\u00bb, indique la cha\u00eene, qui promet une retransmission digne de la Ligue 2. De quoi rappeler quelques souvenirs aux uns et autres demain soir &#8230;<\/p>\n<p><a href=\"https:\/\/www.foot-national.com\/data\/classement-national.html\" target=\"_blank\" rel=\"noopener\">National : le classement<\/a><\/p>\n<p>Partagez cette info avec vos amis et vos proches en cliquant ici<br \/>Pour r\u00e9sumer<\/p>\n<p>C&rsquo;est un stade Michel-d&rsquo;Ornano en f\u00eate qui s&rsquo;appr\u00eate \u00e0 accueillir le derby. Ce mardi 21 octobre, dans le cadre de la onzi\u00e8me journ\u00e9e de National, le SM Caen va effectivement accueillir le FC Rouen dans son antre. Pour l&rsquo;occasion, ce sont d\u00e9j\u00e0 15.500 spectacteurs qui ont assur\u00e9 leur place pour ce rendez-vous entre voisins<\/p>\n<p> <img decoding=\"async\" width=\"76\" height=\"76\" loading=\"lazy\" src=\"https:\/\/www.europesays.com\/fr\/wp-content\/uploads\/2025\/04\/logo-florian-sermaise.jpg\" alt=\"Florian Sermaise\"\/><script async src=\"https:\/\/platform.twitter.com\/widgets.js\" charset=\"utf-8\"><\/script><\/p>\n","protected":false},"excerpt":{"rendered":"Zapping Foot National Les Petits Princes du Rocher, immersion dans le Groupe \u00c9lite de l\u2019AS Monaco ! C&rsquo;est&hellip;\n","protected":false},"author":2,"featured_media":482911,"comment_status":"","ping_status":"","sticky":false,"template":"","format":"standard","meta":{"footnotes":""},"categories":[9587],"tags":[1111,11,1777,674,1011,27,59645,12,5161,25,9590],"class_list":{"0":"post-482910","1":"post","2":"type-post","3":"status-publish","4":"format-standard","5":"has-post-thumbnail","7":"category-rouen","8":"tag-actu","9":"tag-actualites","10":"tag-eu","11":"tag-europe","12":"tag-fr","13":"tag-france","14":"tag-national-actus","15":"tag-news","16":"tag-normandie","17":"tag-republique-francaise","18":"tag-rouen"},"share_on_mastodon":{"url":"https:\/\/pubeurope.com\/@fr\/115420020809035815","error":""},"_links":{"self":[{"href":"https:\/\/www.europesays.com\/fr\/wp-json\/wp\/v2\/posts\/482910","targetHints":{"allow":["GET"]}}],"collection":[{"href":"https:\/\/www.europesays.com\/fr\/wp-json\/wp\/v2\/posts"}],"about":[{"href":"https:\/\/www.europesays.com\/fr\/wp-json\/wp\/v2\/types\/post"}],"author":[{"embeddable":true,"href":"https:\/\/www.europesays.com\/fr\/wp-json\/wp\/v2\/users\/2"}],"replies":[{"embeddable":true,"href":"https:\/\/www.europesays.com\/fr\/wp-json\/wp\/v2\/comments?post=482910"}],"version-history":[{"count":0,"href":"https:\/\/www.europesays.com\/fr\/wp-json\/wp\/v2\/posts\/482910\/revisions"}],"wp:featuredmedia":[{"embeddable":true,"href":"https:\/\/www.europesays.com\/fr\/wp-json\/wp\/v2\/media\/482911"}],"wp:attachment":[{"href":"https:\/\/www.europesays.com\/fr\/wp-json\/wp\/v2\/media?parent=482910"}],"wp:term":[{"taxonomy":"category","embeddable":true,"href":"https:\/\/www.europesays.com\/fr\/wp-json\/wp\/v2\/categories?post=482910"},{"taxonomy":"post_tag","embeddable":true,"href":"https:\/\/www.europesays.com\/fr\/wp-json\/wp\/v2\/tags?post=482910"}],"curies":[{"name":"wp","href":"https:\/\/api.w.org\/{rel}","templated":true}]}}