{"id":482914,"date":"2025-10-22T21:51:54","date_gmt":"2025-10-22T21:51:54","guid":{"rendered":"https:\/\/www.europesays.com\/fr\/482914\/"},"modified":"2025-10-22T21:51:54","modified_gmt":"2025-10-22T21:51:54","slug":"apres-la-mort-dune-jeune-femme-sa-voisine-de-20-ans-mis-en-examen-pour-meurtre","status":"publish","type":"post","link":"https:\/\/www.europesays.com\/fr\/482914\/","title":{"rendered":"Apr\u00e8s la mort d\u2019une jeune femme, sa voisine de 20 ans mis en examen pour meurtre"},"content":{"rendered":"<p class=\"mb-4 text-lg md:leading-8 break-words\"><strong>litige &#8211; Le diff\u00e9rend entre les deux jeunes femmes serait li\u00e9 \u00e0 un litige entre leurs familles, r\u00e9sidant dans le m\u00eame immeuble \u00e0 Grenoble<\/strong><\/p>\n<p class=\"mb-4 text-lg md:leading-8 break-words\">Trois jours apr\u00e8s la <a href=\"https:\/\/www.20minutes.fr\/faits_divers\/4180200-20251019-grenoble-jeune-femme-tuee-arme-blanche-voisine-20-ans-interpellee?at_medium=RSS%20feed&amp;at_campaign=ynews&amp;utm_source=yahoo&amp;utm_medium=rss&amp;utm_campaign=news_feed&amp;utm_content=in_article_link\" rel=\"nofollow noopener\" target=\"_blank\" data-ylk=\"slk:mort d\u2019une jeune femme de 24 ans;elm:context_link;itc:0;sec:content-canvas\" class=\"link \">mort d\u2019une jeune femme de 24 ans<\/a>, tu\u00e9e \u00e0 l\u2019<a href=\"https:\/\/www.20minutes.fr\/dossier\/armes?at_medium=RSS%20feed&amp;at_campaign=ynews&amp;utm_source=yahoo&amp;utm_medium=rss&amp;utm_campaign=news_feed&amp;utm_content=in_article_link\" rel=\"nofollow noopener\" target=\"_blank\" data-ylk=\"slk:arme blanche;elm:context_link;itc:0;sec:content-canvas\" class=\"link \">arme blanche<\/a> \u00e0 <a href=\"https:\/\/www.20minutes.fr\/grenoble\/?at_medium=RSS%20feed&amp;at_campaign=ynews&amp;utm_source=yahoo&amp;utm_medium=rss&amp;utm_campaign=news_feed&amp;utm_content=in_article_link\" rel=\"nofollow noopener\" target=\"_blank\" data-ylk=\"slk:Grenoble;elm:context_link;itc:0;sec:content-canvas\" class=\"link \">Grenoble<\/a>, sa voisine a \u00e9t\u00e9 mise en examen pour meurtre ce mardi, annonce le parquet.<\/p>\n<p class=\"mb-4 text-lg md:leading-8 break-words\">La suspecte, \u00e2g\u00e9e de 20 ans, a \u00e9t\u00e9 plac\u00e9e lundi soir en <a href=\"https:\/\/www.20minutes.fr\/dossier\/prison?at_medium=RSS%20feed&amp;at_campaign=ynews&amp;utm_source=yahoo&amp;utm_medium=rss&amp;utm_campaign=news_feed&amp;utm_content=in_article_link\" rel=\"nofollow noopener\" target=\"_blank\" data-ylk=\"slk:d\u00e9tention provisoire;elm:context_link;itc:0;sec:content-canvas\" class=\"link \">d\u00e9tention provisoire<\/a> \u00e0 l\u2019issue d\u2019une audience devant une juge des libert\u00e9s et de la d\u00e9tention, a indiqu\u00e9 le procureur adjoint Fran\u00e7ois Touret de Coucy dans un communiqu\u00e9.<\/p>\n<p>Litige entre les familles<\/p>\n<p class=\"mb-4 text-lg md:leading-8 break-words\">Les faits se sont d\u00e9roul\u00e9s samedi soir dans un appartement situ\u00e9 dans le quartier Chorier-Berriat, \u00e0 l\u2019ouest de la ville. Alert\u00e9s vers 20h30, les pompiers avaient retrouv\u00e9 une jeune femme de 24 ans gisante gravement bless\u00e9e avec \u00ab\u00a0une plaie au niveau du c\u0153ur et au moins une au visage\u00a0\u00bb. Malgr\u00e9 les premiers soins des secouristes, elle n\u2019a pas surv\u00e9cu. Sur place, un couteau \u00e0 steak ensanglant\u00e9 est retrouv\u00e9 sur le plan de travail de la cuisine.<\/p>\n<p class=\"mb-4 text-lg md:leading-8 break-words\">Une voisine de la victime, \u00e2g\u00e9e de 20 ans, est soup\u00e7onn\u00e9e d\u2019avoir port\u00e9 le ou les coups de couteau, sur fond de litige entre les deux familles, vivant dans le m\u00eame immeuble. Elle a \u00e9t\u00e9 interpell\u00e9e par la police puis plac\u00e9e en garde \u00e0 vue, selon la m\u00eame source.<\/p>\n<p><a href=\"https:\/\/www.20minutes.fr\/grenoble\/\" rel=\"nofollow noopener\" target=\"_blank\" data-ylk=\"slk:Retrouvez tous nos articles sur l&#039;actualit\u00e9 \u00e0 Grenoble;elm:context_link;itc:0;sec:content-canvas\" class=\"link \">Retrouvez tous nos articles sur l&rsquo;actualit\u00e9 \u00e0 Grenoble<\/a><\/p>\n<p class=\"mb-4 text-lg md:leading-8 break-words\">Les deux femmes sont connues de la justice\u00a0: la victime depuis une condamnation en\u00a02020 \u00e0 une peine de sursis dans une affaire de stup\u00e9fiants tandis que la suspecte a fait l\u2019objet d\u2019un rappel \u00e0 la loi en\u00a02021 pour violence sur mineur de 15 ans, selon le procureur adjoint.<\/p>\n<p class=\"mb-4 text-lg md:leading-8 break-words\"><a href=\"https:\/\/www.20minutes.fr\/faits_divers\/4180723-20251021-grenoble-apres-mort-jeune-femme-voisine-20-ans-mis-examen-meurtre?at_medium=RSS%20feed&amp;at_campaign=ynews&amp;utm_source=yahoo&amp;utm_medium=rss&amp;utm_campaign=news_feed&amp;utm_content=read_more_link&quot;\" rel=\"nofollow noopener\" target=\"_blank\" data-ylk=\"slk:Lire la suite sur 20minutes;elm:context_link;itc:0;sec:content-canvas\" class=\"link \">Lire la suite sur 20minutes<\/a><\/p>\n<p>\u00c0 lire aussi :<br \/><a href=\"https:\/\/www.20minutes.fr\/faits_divers\/4168318-20250818-orleans-jeune-19-ans-mis-examen-meurtre-mineur-16-ans?at_medium=RSS%20feed&amp;at_campaign=ynews&amp;utm_source=yahoo&amp;utm_medium=rss&amp;utm_campaign=news_feed&amp;utm_content=related_content_link\" rel=\"nofollow noopener\" target=\"_blank\" data-ylk=\"slk:Orl\u00e9ans\u00a0: Un jeune de 19 ans mis en examen pour le meurtre d\u2019un mineur de 16 ans;elm:context_link;itc:0;sec:content-canvas\" class=\"link \">Orl\u00e9ans\u00a0: Un jeune de 19 ans mis en examen pour le meurtre d\u2019un mineur de 16 ans<\/a><br \/><a href=\"https:\/\/www.20minutes.fr\/faits_divers\/4163262-20250711-evreux-sexagenaire-mis-examen-meurtre-voisine-lors-dispute?at_medium=RSS%20feed&amp;at_campaign=ynews&amp;utm_source=yahoo&amp;utm_medium=rss&amp;utm_campaign=news_feed&amp;utm_content=related_content_link\" rel=\"nofollow noopener\" target=\"_blank\" data-ylk=\"slk:Evreux\u00a0: Un sexag\u00e9naire mis en examen pour le meurtre de sa voisine lors d\u2019une dispute;elm:context_link;itc:0;sec:content-canvas\" class=\"link \">Evreux\u00a0: Un sexag\u00e9naire mis en examen pour le meurtre de sa voisine lors d\u2019une dispute<\/a><\/p>\n","protected":false},"excerpt":{"rendered":"litige &#8211; Le diff\u00e9rend entre les deux jeunes femmes serait li\u00e9 \u00e0 un litige entre leurs familles, r\u00e9sidant&hellip;\n","protected":false},"author":2,"featured_media":482915,"comment_status":"","ping_status":"","sticky":false,"template":"","format":"standard","meta":{"footnotes":""},"categories":[9566],"tags":[1111,11,2430,5816,1777,674,1011,27,2731,12,25],"class_list":{"0":"post-482914","1":"post","2":"type-post","3":"status-publish","4":"format-standard","5":"has-post-thumbnail","7":"category-grenoble","8":"tag-actu","9":"tag-actualites","10":"tag-auvergne-rhone-alpes","11":"tag-detention-provisoire","12":"tag-eu","13":"tag-europe","14":"tag-fr","15":"tag-france","16":"tag-grenoble","17":"tag-news","18":"tag-republique-francaise"},"share_on_mastodon":{"url":"https:\/\/pubeurope.com\/@fr\/115420039942372721","error":""},"_links":{"self":[{"href":"https:\/\/www.europesays.com\/fr\/wp-json\/wp\/v2\/posts\/482914","targetHints":{"allow":["GET"]}}],"collection":[{"href":"https:\/\/www.europesays.com\/fr\/wp-json\/wp\/v2\/posts"}],"about":[{"href":"https:\/\/www.europesays.com\/fr\/wp-json\/wp\/v2\/types\/post"}],"author":[{"embeddable":true,"href":"https:\/\/www.europesays.com\/fr\/wp-json\/wp\/v2\/users\/2"}],"replies":[{"embeddable":true,"href":"https:\/\/www.europesays.com\/fr\/wp-json\/wp\/v2\/comments?post=482914"}],"version-history":[{"count":0,"href":"https:\/\/www.europesays.com\/fr\/wp-json\/wp\/v2\/posts\/482914\/revisions"}],"wp:featuredmedia":[{"embeddable":true,"href":"https:\/\/www.europesays.com\/fr\/wp-json\/wp\/v2\/media\/482915"}],"wp:attachment":[{"href":"https:\/\/www.europesays.com\/fr\/wp-json\/wp\/v2\/media?parent=482914"}],"wp:term":[{"taxonomy":"category","embeddable":true,"href":"https:\/\/www.europesays.com\/fr\/wp-json\/wp\/v2\/categories?post=482914"},{"taxonomy":"post_tag","embeddable":true,"href":"https:\/\/www.europesays.com\/fr\/wp-json\/wp\/v2\/tags?post=482914"}],"curies":[{"name":"wp","href":"https:\/\/api.w.org\/{rel}","templated":true}]}}