{"id":48292,"date":"2025-04-24T04:40:09","date_gmt":"2025-04-24T04:40:09","guid":{"rendered":"https:\/\/www.europesays.com\/fr\/48292\/"},"modified":"2025-04-24T04:40:09","modified_gmt":"2025-04-24T04:40:09","slug":"atp-madrid-alexander-zverev-insulte-a-munich-il-y-aura-toujours-des-idiots","status":"publish","type":"post","link":"https:\/\/www.europesays.com\/fr\/48292\/","title":{"rendered":"ATP &#8211; Madrid > Alexander Zverev (insult\u00e9 \u00e0 Munich) : \u00ab\u00a0Il y aura toujours des idiots\u00a0\u00bb"},"content":{"rendered":"<p>Titr\u00e9 chez lui, sur l\u2019ATP 500 de Munich, Alexander Zverev a refait le plein de confiance, apr\u00e8s une longue travers\u00e9e du d\u00e9sert, depuis sa finale \u00e0 l\u2019Open d\u2019Australie, perdue face \u00e0 Jannik Sinner (6\u22123, 7\u20136, 6\u20133).<\/p>\n<p>Pourtant, le num\u00e9ro deux mondial aurait pu d\u00e9gou\u00adpiller en quart de finale. Oppos\u00e9 \u00e0 un Talon Griekspoor bagar\u00adreur (6\u22127, 7\u20136, 6\u20134), un spec\u00adta\u00adteur a compl\u00e9\u00adte\u00adment craqu\u00e9 pendant le deuxi\u00e8me set, en insul\u00adtant le num\u00e9ro deux mondial de \u00ab\u202fputain de batteur de femmes\u202f\u00bb.\u00a0<\/p>\n<p>En conf\u00e9\u00adrence de presse du Masters 1000 de Madrid, le triple fina\u00adliste en Grand Chelem est revenu sur cet \u00e9pisode.<\/p>\n<blockquote class=\"twitter-tweet\" data-width=\"550\" data-dnt=\"true\">\n<p lang=\"en\" dir=\"ltr\">\ud83d\ude2e\ud83c\udde9\ud83c\uddea During Alexander Zverev\u2019s match in Munich today, a member of the crowd shouted\u00a0:<\/p>\n<p>\u201cLet\u2019s go, you f****** wife beater\u201d <a href=\"https:\/\/t.co\/bD8pxoU1eE\" data-wpel-link=\"external\" target=\"_blank\" rel=\"nofollow external noopener\">pic.twitter.com\/bD8pxoU1eE<\/a><\/p>\n<p>\u2014 Olly Tennis \ud83c\udfbe\ud83c\uddec\ud83c\udde7 (@Olly_Tennis_) <a href=\"https:\/\/twitter.com\/Olly_Tennis_\/status\/1913272663616737416?ref_src=twsrc%5Etfw\" data-wpel-link=\"external\" target=\"_blank\" rel=\"nofollow external noopener\">April 18,\u00a02025<\/a><\/p><\/blockquote>\n<p><strong>\u00ab\u202fA Munich, le public \u00e9tait incroyable, pour \u00eatre honn\u00eate. En fait, lors du match contre Griekspoor, j\u2019\u00e9tais compl\u00e8\u00adte\u00adment d\u00e9con\u00adcentr\u00e9 et c\u2019est le public qui m\u2019a ramen\u00e9 \u00e0 la r\u00e9alit\u00e9. J\u2019ai gagn\u00e9 ce jour\u2010l\u00e0 gr\u00e2ce au public, je ne peux donc pas me plaindre. Il y aura toujours un ou deux idiots partout, cela arrive dans tous les sports, que ce soit le tennis, le foot\u00adball, la course auto\u00admo\u00adbile, peu importe. C\u2019est le sport, mais les Munichois ont \u00e9t\u00e9 extra\u00ador\u00addi\u00adnaires\u00a0pour\u00a0moi.\u202f\u00bb<\/strong><\/p>\n<p class=\"post-published-date\" style=\"color: silver; font-size: 75%; text-align: left;\">Publi\u00e9 le mercredi 23 avril 2025 \u00e0 18:38<\/p>\n<p><script async src=\"https:\/\/platform.twitter.com\/widgets.js\" charset=\"utf-8\"><\/script><\/p>\n","protected":false},"excerpt":{"rendered":"Titr\u00e9 chez lui, sur l\u2019ATP 500 de Munich, Alexander Zverev a refait le plein de confiance, apr\u00e8s une&hellip;\n","protected":false},"author":2,"featured_media":38465,"comment_status":"","ping_status":"","sticky":false,"template":"","format":"standard","meta":{"footnotes":""},"categories":[1415],"tags":[1011,27,2127,60,1467,4542],"class_list":{"0":"post-48292","1":"post","2":"type-post","3":"status-publish","4":"format-standard","5":"has-post-thumbnail","7":"category-tennis","8":"tag-fr","9":"tag-france","10":"tag-sinner","11":"tag-sports","12":"tag-tennis","13":"tag-zverev"},"share_on_mastodon":{"url":"https:\/\/pubeurope.com\/@fr\/114391103767388595","error":""},"_links":{"self":[{"href":"https:\/\/www.europesays.com\/fr\/wp-json\/wp\/v2\/posts\/48292","targetHints":{"allow":["GET"]}}],"collection":[{"href":"https:\/\/www.europesays.com\/fr\/wp-json\/wp\/v2\/posts"}],"about":[{"href":"https:\/\/www.europesays.com\/fr\/wp-json\/wp\/v2\/types\/post"}],"author":[{"embeddable":true,"href":"https:\/\/www.europesays.com\/fr\/wp-json\/wp\/v2\/users\/2"}],"replies":[{"embeddable":true,"href":"https:\/\/www.europesays.com\/fr\/wp-json\/wp\/v2\/comments?post=48292"}],"version-history":[{"count":0,"href":"https:\/\/www.europesays.com\/fr\/wp-json\/wp\/v2\/posts\/48292\/revisions"}],"wp:featuredmedia":[{"embeddable":true,"href":"https:\/\/www.europesays.com\/fr\/wp-json\/wp\/v2\/media\/38465"}],"wp:attachment":[{"href":"https:\/\/www.europesays.com\/fr\/wp-json\/wp\/v2\/media?parent=48292"}],"wp:term":[{"taxonomy":"category","embeddable":true,"href":"https:\/\/www.europesays.com\/fr\/wp-json\/wp\/v2\/categories?post=48292"},{"taxonomy":"post_tag","embeddable":true,"href":"https:\/\/www.europesays.com\/fr\/wp-json\/wp\/v2\/tags?post=48292"}],"curies":[{"name":"wp","href":"https:\/\/api.w.org\/{rel}","templated":true}]}}