{"id":482937,"date":"2025-10-22T22:06:23","date_gmt":"2025-10-22T22:06:23","guid":{"rendered":"https:\/\/www.europesays.com\/fr\/482937\/"},"modified":"2025-10-22T22:06:23","modified_gmt":"2025-10-22T22:06:23","slug":"il-retrouve-sa-trottinette-volee-sur-snapchat-et-avertit-la-police-qui-interpelle-les-deux-vendeurs","status":"publish","type":"post","link":"https:\/\/www.europesays.com\/fr\/482937\/","title":{"rendered":"Il retrouve sa trottinette vol\u00e9e sur Snapchat et avertit la police qui interpelle les deux vendeurs"},"content":{"rendered":"<p>Une trottinette retrouv\u00e9e et deux voleurs pr\u00e9sum\u00e9s interpell\u00e9s gr\u00e2ce aux r\u00e9seaux sociaux. Mi-octobre\u00a02025, deux jeunes hommes ont \u00e9t\u00e9 arr\u00eat\u00e9s pour recel de vol <a href=\"https:\/\/tourcoing.maville.com\/\/\" target=\"_self\" rel=\"noopener\">\u00e0 Tourcoing (Nord),<\/a> en possession d\u2019une trottinette vol\u00e9e qu\u2019ils avaient mise en vente sur Snapchat, rapporte\u00a0<a href=\"https:\/\/actu.fr\/hauts-de-france\/tourcoing_59599\/a-tourcoing-il-retrouve-sa-trottinette-volee-en-vente-sur-snap-et-vient-la-chercher-avec-les-policiers_63328265.html\" target=\"_blank\" rel=\"noopener\"> Lille Actu <\/a>.<\/p>\n<p>Samedi 18\u00a0octobre au soir, un homme d\u2019une vingtaine d\u2019ann\u00e9es s\u2019est rendu au commissariat pour signaler le vol de sa trottinette dans la commune de Lomme. Avant m\u00eame de signaler les faits \u00e0 la police, il a reconnu plus t\u00f4t dans la journ\u00e9e son engin dans une annonce post\u00e9e sur Snapchat.<\/p>\n<p>Une enqu\u00eate de police en cours<\/p>\n<p>Un ami a pris rendez-vous avec les vendeurs \u00e0 sa place et le propri\u00e9taire de la trottinette a averti la police. Il s\u2019est ensuite rendu au rendez-vous, o\u00f9 il a formellement reconnu qu\u2019il s\u2019agissait de son v\u00e9hicule. Les policiers ont alors interpell\u00e9 les deux vendeurs.<\/p>\n<p>Les deux suspects, \u00e2g\u00e9s de 17 et 18\u00a0ans, ont \u00e9t\u00e9 plac\u00e9s en garde \u00e0 vue. Selon les informations de\u00a0<a href=\"https:\/\/www.lavoixdunord.fr\/1637694\/article\/2025-10-20\/tourcoing-il-retrouve-sa-trottinette-volee-en-vente-sur-snapchat-et-tend-un\" target=\"_blank\" rel=\"noopener\"> La Voix du Nord <\/a>, une enqu\u00eate de police a \u00e9t\u00e9 ouverte et se poursuit pour d\u00e9terminer si le duo est \u00e9galement \u00e0 l\u2019origine du vol ou s\u2019occupait simplement de la revente.<\/p>\n<p>\u00a0<\/p>\n","protected":false},"excerpt":{"rendered":"Une trottinette retrouv\u00e9e et deux voleurs pr\u00e9sum\u00e9s interpell\u00e9s gr\u00e2ce aux r\u00e9seaux sociaux. Mi-octobre\u00a02025, deux jeunes hommes ont \u00e9t\u00e9&hellip;\n","protected":false},"author":2,"featured_media":482938,"comment_status":"","ping_status":"","sticky":false,"template":"","format":"standard","meta":{"footnotes":""},"categories":[2815],"tags":[1111,11,14742,1777,674,1011,27,811,9817,1307,12,1072,25,4256,1748,15740,60622,9819],"class_list":{"0":"post-482937","1":"post","2":"type-post","3":"status-publish","4":"format-standard","5":"has-post-thumbnail","7":"category-lille","8":"tag-actu","9":"tag-actualites","10":"tag-avertit","11":"tag-eu","12":"tag-europe","13":"tag-fr","14":"tag-france","15":"tag-hauts-de-france","16":"tag-interpelle","17":"tag-lille","18":"tag-news","19":"tag-police","20":"tag-republique-francaise","21":"tag-retrouve","22":"tag-snapchat","23":"tag-trottinette","24":"tag-vendeurs","25":"tag-volee"},"share_on_mastodon":{"url":"https:\/\/pubeurope.com\/@fr\/115420095072976087","error":""},"_links":{"self":[{"href":"https:\/\/www.europesays.com\/fr\/wp-json\/wp\/v2\/posts\/482937","targetHints":{"allow":["GET"]}}],"collection":[{"href":"https:\/\/www.europesays.com\/fr\/wp-json\/wp\/v2\/posts"}],"about":[{"href":"https:\/\/www.europesays.com\/fr\/wp-json\/wp\/v2\/types\/post"}],"author":[{"embeddable":true,"href":"https:\/\/www.europesays.com\/fr\/wp-json\/wp\/v2\/users\/2"}],"replies":[{"embeddable":true,"href":"https:\/\/www.europesays.com\/fr\/wp-json\/wp\/v2\/comments?post=482937"}],"version-history":[{"count":0,"href":"https:\/\/www.europesays.com\/fr\/wp-json\/wp\/v2\/posts\/482937\/revisions"}],"wp:featuredmedia":[{"embeddable":true,"href":"https:\/\/www.europesays.com\/fr\/wp-json\/wp\/v2\/media\/482938"}],"wp:attachment":[{"href":"https:\/\/www.europesays.com\/fr\/wp-json\/wp\/v2\/media?parent=482937"}],"wp:term":[{"taxonomy":"category","embeddable":true,"href":"https:\/\/www.europesays.com\/fr\/wp-json\/wp\/v2\/categories?post=482937"},{"taxonomy":"post_tag","embeddable":true,"href":"https:\/\/www.europesays.com\/fr\/wp-json\/wp\/v2\/tags?post=482937"}],"curies":[{"name":"wp","href":"https:\/\/api.w.org\/{rel}","templated":true}]}}