{"id":482939,"date":"2025-10-22T22:07:22","date_gmt":"2025-10-22T22:07:22","guid":{"rendered":"https:\/\/www.europesays.com\/fr\/482939\/"},"modified":"2025-10-22T22:07:22","modified_gmt":"2025-10-22T22:07:22","slug":"adolescente-retrouvee-morte-pres-de-lille-son-compagnon-mis-en-examen-pour-homicide-volontaire","status":"publish","type":"post","link":"https:\/\/www.europesays.com\/fr\/482939\/","title":{"rendered":"Adolescente retrouv\u00e9e morte pr\u00e8s de Lille\u00a0: son compagnon mis en examen pour homicide volontaire"},"content":{"rendered":"<p>Le petit ami de <a href=\"https:\/\/lille.maville.com\/actu\/actudet_-une-adolescente-retrouvee-morte-dans-une-chambre-d-hotel-pres-de-lille-un-homme-en-garde-a-vue-_12679-7030355_actu.Htm\" target=\"_self\" rel=\"noopener\">l\u2019adolescente de 15\u00a0ans retrouv\u00e9e morte lundi dans un h\u00f4tel de Lomme<\/a>, pr\u00e8s de Lille, a \u00e9t\u00e9 mis en examen ce mercredi 22\u00a0octobre 2025 pour homicide volontaire par conjoint et plac\u00e9 en d\u00e9tention provisoire, a annonc\u00e9 le procureur de Lille.<\/p>\n<p>Les premi\u00e8res constatations m\u00e9dico-l\u00e9gales \u00e9tablissent que le d\u00e9c\u00e8s, qui remonte \u00e0 samedi, <strong>\u00ab\u00a0est cons\u00e9cutif \u00e0 une asphyxie due \u00e0 un \u00e9touffement\u00a0\u00bb,<\/strong> a pr\u00e9cis\u00e9 le procureur Samuel Finielz dans un communiqu\u00e9.<\/p>\n<p>Le mis en cause, \u00e2g\u00e9 de 20\u00a0ans et qui <strong>\u00ab\u00a0n\u2019\u00e9tait pas connu pour des faits de violence\u00a0\u00bb,<\/strong> s\u2019\u00e9tait rendu lundi au commissariat central de Lille. Il encourt la r\u00e9clusion criminelle \u00e0 perp\u00e9tuit\u00e9, a soulign\u00e9 le procureur.<\/p>\n<p>Une dispute a \u00e9clat\u00e9, selon le suspect<\/p>\n<p><a href=\"https:\/\/lille.maville.com\/actu\/actudet_-feminicide-fugue...-ce-que-l-on-sait-de-l-adolescente-retrouvee-morte-dans-un-hotel-du-nord-_12679-7030525_actu.Htm\" target=\"_self\" rel=\"noopener\">Les policiers ont d\u00e9couvert le corps sans vie de la jeune fille sous le lit<\/a>, enroul\u00e9 dans une couette et un couvre-lit scotch\u00e9s, selon une source polici\u00e8re interrog\u00e9e \u00e0 l\u2019Agence France-Presse (AFP). En garde \u00e0 vue, le suspect a d\u00e9clar\u00e9 s\u2019\u00eatre disput\u00e9 avec l\u2019adolescente qui voulait mettre fin \u00e0 leur relation, a pr\u00e9cis\u00e9 cette m\u00eame source.<\/p>\n<p>La jeune fille, suivie par l\u2019aide sociale \u00e0 l\u2019enfance (ASE) depuis 2023, \u00e9tait en fugue depuis mai dernier, a expliqu\u00e9 \u00e0 l\u2019AFP une source au sein de l\u2019ASE. <strong>\u00ab\u00a0Les fugues devenaient inqui\u00e9tantes, alors on avait fait une information au parquet\u00a0\u00bb,<\/strong> a ajout\u00e9 cette source, qui a pr\u00e9cis\u00e9 que sa r\u00e9f\u00e9rente avait n\u00e9anmoins rencontr\u00e9 la jeune fille cet \u00e9t\u00e9.<\/p>\n<p>Selon les derniers chiffres officiels publi\u00e9s fin novembre\u00a02024, 96\u00a0f\u00e9minicides conjugaux ont \u00e9t\u00e9 recens\u00e9s par les forces de s\u00e9curit\u00e9 en France en 2023, sur 119\u00a0morts violentes au sein du couple. Dans 82\u00a0% des cas, les auteurs \u00e9taient des hommes.<\/p>\n<p>\u00a0<\/p>\n","protected":false},"excerpt":{"rendered":"Le petit ami de l\u2019adolescente de 15\u00a0ans retrouv\u00e9e morte lundi dans un h\u00f4tel de Lomme, pr\u00e8s de Lille,&hellip;\n","protected":false},"author":2,"featured_media":482940,"comment_status":"","ping_status":"","sticky":false,"template":"","format":"standard","meta":{"footnotes":""},"categories":[2815],"tags":[1111,11,13008,8927,1777,674,5061,1011,27,811,2683,1307,18360,14836,12,3762,25,14835,2310,32286],"class_list":{"0":"post-482939","1":"post","2":"type-post","3":"status-publish","4":"format-standard","5":"has-post-thumbnail","7":"category-lille","8":"tag-actu","9":"tag-actualites","10":"tag-adolescente","11":"tag-compagnon","12":"tag-eu","13":"tag-europe","14":"tag-examen","15":"tag-fr","16":"tag-france","17":"tag-hauts-de-france","18":"tag-homicide","19":"tag-lille","20":"tag-mis","21":"tag-morte","22":"tag-news","23":"tag-pres","24":"tag-republique-francaise","25":"tag-retrouvee","26":"tag-toulon","27":"tag-volontaire"},"share_on_mastodon":{"url":"https:\/\/pubeurope.com\/@fr\/115420099281249529","error":""},"_links":{"self":[{"href":"https:\/\/www.europesays.com\/fr\/wp-json\/wp\/v2\/posts\/482939","targetHints":{"allow":["GET"]}}],"collection":[{"href":"https:\/\/www.europesays.com\/fr\/wp-json\/wp\/v2\/posts"}],"about":[{"href":"https:\/\/www.europesays.com\/fr\/wp-json\/wp\/v2\/types\/post"}],"author":[{"embeddable":true,"href":"https:\/\/www.europesays.com\/fr\/wp-json\/wp\/v2\/users\/2"}],"replies":[{"embeddable":true,"href":"https:\/\/www.europesays.com\/fr\/wp-json\/wp\/v2\/comments?post=482939"}],"version-history":[{"count":0,"href":"https:\/\/www.europesays.com\/fr\/wp-json\/wp\/v2\/posts\/482939\/revisions"}],"wp:featuredmedia":[{"embeddable":true,"href":"https:\/\/www.europesays.com\/fr\/wp-json\/wp\/v2\/media\/482940"}],"wp:attachment":[{"href":"https:\/\/www.europesays.com\/fr\/wp-json\/wp\/v2\/media?parent=482939"}],"wp:term":[{"taxonomy":"category","embeddable":true,"href":"https:\/\/www.europesays.com\/fr\/wp-json\/wp\/v2\/categories?post=482939"},{"taxonomy":"post_tag","embeddable":true,"href":"https:\/\/www.europesays.com\/fr\/wp-json\/wp\/v2\/tags?post=482939"}],"curies":[{"name":"wp","href":"https:\/\/api.w.org\/{rel}","templated":true}]}}