{"id":482951,"date":"2025-10-22T22:14:11","date_gmt":"2025-10-22T22:14:11","guid":{"rendered":"https:\/\/www.europesays.com\/fr\/482951\/"},"modified":"2025-10-22T22:14:11","modified_gmt":"2025-10-22T22:14:11","slug":"le-trafic-sera-interrompu-ce-jeudi-23-octobre","status":"publish","type":"post","link":"https:\/\/www.europesays.com\/fr\/482951\/","title":{"rendered":"le trafic sera interrompu ce jeudi 23 octobre"},"content":{"rendered":"<p>            Par<br \/>\n        <strong><br \/>\n            <a href=\"https:\/\/actu.fr\/auteur\/aurelien-burban\" title=\"Consulter tous les articles de Aur\u00e9lien Burban\" rel=\"nofollow noopener\" target=\"_blank\">Aur\u00e9lien Burban<\/a><br \/>\n        <\/strong><\/p>\n<p>        Publi\u00e9 le<\/p>\n<p>            22 oct. 2025 \u00e0 23h24        <\/p>\n<p>Ce jeudi 23\u00a0octobre 2025, des vents violents sont attendus dans la r\u00e9gion <a href=\"https:\/\/actu.fr\/pays-de-la-loire\/\" rel=\"nofollow noopener\" target=\"_blank\">Pays de la Loire<\/a> due \u00e0 la <b>temp\u00eate Benjamin<\/b>.<\/p>\n<p class=\" wall-content\">En vue de garantir la s\u00e9curit\u00e9 des voyageurs et du personnel, et \u00e9viter que les trains ne se retrouvent bloqu\u00e9s par des chutes d\u2019arbres sur les voies, une adaptation des <a href=\"https:\/\/actu.fr\/tag\/circulation\" rel=\"nofollow noopener\" target=\"_blank\">circulations<\/a> ferroviaires est pr\u00e9vue toute la journ\u00e9e.<\/p>\n<p class=\" wall-content\">\n<p class=\" wall-content\">La liaison TER entre <b>Le\u00a0Mans<\/b> (<a href=\"https:\/\/actu.fr\/pays-de-la-loire\/sarthe_72\" rel=\"nofollow noopener\" target=\"_blank\">Sarthe<\/a>), <a href=\"https:\/\/actu.fr\/centre-val-de-loire\/nogent-le-rotrou_28280\" rel=\"nofollow noopener\" target=\"_blank\">Nogent-le-Rotrou<\/a> et <a href=\"https:\/\/actu.fr\/paris\/\" rel=\"nofollow noopener\" target=\"_blank\">Paris<\/a> est concern\u00e9e.<\/p>\n<p>Une liaison entre Le\u00a0Mans et Paris interrompu dans la journ\u00e9e du 23\u00a0octobre<\/p>\n<p class=\" wall-content\">Les circulations concernant cette liaison seront interrompues entre 12\u2009h\u200930 et 17\u2009h\u200930. En outre, les circulations sont \u00e9galement annul\u00e9es sur la r\u00e9gion <a href=\"https:\/\/actu.fr\/normandie\/\" rel=\"nofollow noopener\" target=\"_blank\">Normandie<\/a> concernant la liaison entre <a href=\"https:\/\/actu.fr\/liberte-caen\/\" rel=\"nofollow noopener\" target=\"_blank\">Caen<\/a>, <a href=\"https:\/\/actu.fr\/le-mans\/\" rel=\"nofollow noopener\" target=\"_blank\">Le\u00a0Mans<\/a> et <a href=\"https:\/\/actu.fr\/centre-val-de-loire\/tours_37261\" rel=\"nofollow noopener\" target=\"_blank\">Tours<\/a>.<\/p>\n<p class=\" wall-content\">Avant de se rendre en gare, il est recommand\u00e9 de v\u00e9rifier l\u2019horaire des trains et \u00eatre vigilant lors de vos d\u00e9placements. Aucune substitution routi\u00e8re ne sera mise en place.<\/p>\n<p class=\" wall-content\">Personnalisez votre actualit\u00e9 en ajoutant vos villes et m\u00e9dias en favori avec <a href=\"https:\/\/moncompte.actu.fr\" title=\"D\u00e9couvez Mon Actu\" rel=\"nofollow noopener\" data-trk=\"{&quot;cta&quot;:{&quot;action&quot;:&quot;https:\\\/\\\/moncompte.actu.fr&quot;,&quot;category&quot;:&quot;mon compte&quot;,&quot;from&quot;:&quot;article footer&quot;,&quot;name&quot;:&quot;Mon actu&quot;,&quot;type&quot;:&quot;cta&quot;}}\" target=\"_blank\">Mon Actu<\/a>.<\/p>\n","protected":false},"excerpt":{"rendered":"Par Aur\u00e9lien Burban Publi\u00e9 le 22 oct. 2025 \u00e0 23h24 Ce jeudi 23\u00a0octobre 2025, des vents violents sont&hellip;\n","protected":false},"author":2,"featured_media":482952,"comment_status":"","ping_status":"","sticky":false,"template":"","format":"standard","meta":{"footnotes":""},"categories":[1888],"tags":[1111,1928,11,1927,3542,1777,674,1011,27,12,1926,626,1925,25,104,2803],"class_list":{"0":"post-482951","1":"post","2":"type-post","3":"status-publish","4":"format-standard","5":"has-post-thumbnail","7":"category-paris","8":"tag-actu","9":"tag-actu-paris","10":"tag-actualites","11":"tag-actualites-paris","12":"tag-circulation","13":"tag-eu","14":"tag-europe","15":"tag-fr","16":"tag-france","17":"tag-news","18":"tag-news-paris","19":"tag-paris","20":"tag-paris-news","21":"tag-republique-francaise","22":"tag-societe","23":"tag-transport"},"share_on_mastodon":{"url":"https:\/\/pubeurope.com\/@fr\/115420126607945959","error":""},"_links":{"self":[{"href":"https:\/\/www.europesays.com\/fr\/wp-json\/wp\/v2\/posts\/482951","targetHints":{"allow":["GET"]}}],"collection":[{"href":"https:\/\/www.europesays.com\/fr\/wp-json\/wp\/v2\/posts"}],"about":[{"href":"https:\/\/www.europesays.com\/fr\/wp-json\/wp\/v2\/types\/post"}],"author":[{"embeddable":true,"href":"https:\/\/www.europesays.com\/fr\/wp-json\/wp\/v2\/users\/2"}],"replies":[{"embeddable":true,"href":"https:\/\/www.europesays.com\/fr\/wp-json\/wp\/v2\/comments?post=482951"}],"version-history":[{"count":0,"href":"https:\/\/www.europesays.com\/fr\/wp-json\/wp\/v2\/posts\/482951\/revisions"}],"wp:featuredmedia":[{"embeddable":true,"href":"https:\/\/www.europesays.com\/fr\/wp-json\/wp\/v2\/media\/482952"}],"wp:attachment":[{"href":"https:\/\/www.europesays.com\/fr\/wp-json\/wp\/v2\/media?parent=482951"}],"wp:term":[{"taxonomy":"category","embeddable":true,"href":"https:\/\/www.europesays.com\/fr\/wp-json\/wp\/v2\/categories?post=482951"},{"taxonomy":"post_tag","embeddable":true,"href":"https:\/\/www.europesays.com\/fr\/wp-json\/wp\/v2\/tags?post=482951"}],"curies":[{"name":"wp","href":"https:\/\/api.w.org\/{rel}","templated":true}]}}