{"id":482953,"date":"2025-10-22T22:15:24","date_gmt":"2025-10-22T22:15:24","guid":{"rendered":"https:\/\/www.europesays.com\/fr\/482953\/"},"modified":"2025-10-22T22:15:24","modified_gmt":"2025-10-22T22:15:24","slug":"je-vais-bien-et-je-nai-pas-lintention-de-tirer-ma-reverence-brigitte-bardot-dement-sa-propre-mort-annoncee-sur-les-reseaux-sociaux","status":"publish","type":"post","link":"https:\/\/www.europesays.com\/fr\/482953\/","title":{"rendered":"\u00ab\u00a0Je vais bien et je n\u2019ai pas l\u2019intention de tirer ma r\u00e9v\u00e9rence\u00a0\u00bb\u00a0: Brigitte Bardot d\u00e9ment sa propre mort annonc\u00e9e sur les r\u00e9seaux sociaux"},"content":{"rendered":"<p class=\"paragraph text_align_left lp-f-body-02\"><a href=\"https:\/\/www.leparisien.fr\/culture-loisirs\/elle-se-repose-chez-elle-desormais-brigitte-bardot-est-sortie-de-lhopital-apres-une-intervention-chirurgicale-17-10-2025-CZE2UWZ3CNCNHMSXWJZYG5DCGI.php\" target=\"_blank\" rel=\"noreferrer noopener\">Brigitte Bardot<\/a> va bien. Et elle tient \u00e0 le faire savoir. Elle a pris la parole elle-m\u00eame sur le r\u00e9seau social X pour d\u00e9mentir ce qu\u2019elle a elle-m\u00eame qualifi\u00e9 de \u00ab rumeur \u00bb. \u00ab Je ne sais pas quel est l\u2019imb\u00e9cile qui a lanc\u00e9 ce soir cette fake news sur ma disparition mais sachez que je vais bien et que je n\u2019ai pas l\u2019intention de tirer ma r\u00e9v\u00e9rence. \u00c0 bon entendeur \u00bb, a-t-elle conclu son message lapidaire \u00e0 l\u2019\u00e9gard des oiseaux de mauvais augure qui avait annonc\u00e9 la nouvelle.<\/p>\n<blockquote class=\"twitter-tweet\">\n<p lang=\"fr\" dir=\"ltr\">Je ne sais pas quel est l\u2019imb\u00e9cile qui a  lanc\u00e9 ce soir cette fake news sur ma disparition mais sachez que je vais bien et que je n\u2019ai pas l\u2019intention de tirer ma r\u00e9v\u00e9rence. \u00c0 bon entendeur<\/p>\n<p>\u2014 Brigitte Bardot (@brigitte_bardot) <a href=\"https:\/\/twitter.com\/brigitte_bardot\/status\/1981096210451878354?ref_src=twsrc%5Etfw\" target=\"_blank\" rel=\"noopener\">October 22, 2025<\/a><\/p><\/blockquote>\n<p class=\"paragraph text_align_left lp-f-body-02\">Parmi ceux-ci, l\u2019habitu\u00e9 des r\u00e9seaux sociaux, Aqababe. \u00ab D\u2019apr\u00e8s mes informations exclusives, Brigitte Bardot serait d\u00e9c\u00e9d\u00e9e aujourd\u2019hui. Son cercueil aurait \u00e9t\u00e9 command\u00e9 \u00e0 Saint-Paul-de-Jarrat dans le 09. Une ic\u00f4ne s\u2019\u00e9teint, laissant derri\u00e8re elle un h\u00e9ritage inoubliable et une empreinte \u00e9ternelle dans le c\u0153ur des Fran\u00e7ais \u00bb, avait-il tweet\u00e9 vers 21h40, avant de supprimer opportun\u00e9ment son message.<\/p>\n<p><img decoding=\"async\" class=\"image \" loading=\"lazy\" src=\"https:\/\/www.europesays.com\/fr\/wp-content\/uploads\/2025\/10\/AUFEKFW4UBD5PAJFWXYQEJZOAQ.png\" alt=\"Le message annon\u00e7ant la mort de Brigitte Bardot sur les r\u00e9seaux sociaux d'Aqababe.\" align=\"\" data-rubrique-principale=\"\" data-article-type=\"\" fetchpriority=\"auto\"\/>Le message annon\u00e7ant la mort de Brigitte Bardot sur les r\u00e9seaux sociaux d&rsquo;Aqababe.<\/p>\n<p class=\"paragraph text_align_left lp-f-body-02\">\u00ab J\u2019ai supprim\u00e9 mon tweet exclusif concernant le d\u00e9c\u00e8s de Brigitte Bardot \u00bb, a-t-il r\u00e9agi sur X apr\u00e8s le d\u00e9menti de l\u2019int\u00e9ress\u00e9e&#8230;<\/p>\n<p>Rumeur qui se propage<\/p>\n<p class=\"paragraph text_align_left lp-f-body-02\">La rumeur a alors pris de l\u2019ampleur au gr\u00e9 des partages du tweet de l\u2019influenceur qui traite d\u2019ordinaire l\u2019actualit\u00e9 de la t\u00e9l\u00e9r\u00e9alit\u00e9. M\u00eame la fiche Wikip\u00e9dia de l\u2019actrice du \u00ab M\u00e9pris \u00bb avait \u00e9t\u00e9 \u00ab mise \u00e0 jour \u00bb pendant quelques minutes.<\/p>\n<p class=\"paragraph text_align_left lp-f-body-02\">La sant\u00e9 de <a href=\"https:\/\/www.leparisien.fr\/environnement\/brigitte-bardot-envoie-un-sonotone-a-emmanuel-macron-pour-se-faire-entendre-je-veux-labolition-de-la-chasse-a-courre-12-05-2025-MV5WMMSMARB3RLO5EXEPCRG7FI.php\" rel=\"noopener\" target=\"_blank\">Brigitte Bardot<\/a> avait inqui\u00e9t\u00e9 il y a quelques jours. Elle \u00e9tait rentr\u00e9e chez elle pour se reposer apr\u00e8s une intervention chirurgicale qui avait n\u00e9cessit\u00e9 son hospitalisation \u00e0 Toulon (Var). L\u2019ancienne ic\u00f4ne du cin\u00e9ma fran\u00e7ais \u00ab a \u00e9t\u00e9 bri\u00e8vement hospitalis\u00e9e aupr\u00e8s de l\u2019H\u00f4pital priv\u00e9 Saint-Jean \u00e0 Toulon pour subir une l\u00e9g\u00e8re intervention chirurgicale qui s\u2019est d\u00e9roul\u00e9e de mani\u00e8re particuli\u00e8rement satisfaisante \u00bb, avait indiqu\u00e9 son secr\u00e9tariat \u00e0 l\u2019\u00e9poque.<\/p>\n<p>\u00ab BB \u00bb, la fermi\u00e8re<\/p>\n<p class=\"paragraph text_align_left lp-f-body-02\">\u00ab BB \u00bb, qui a tir\u00e9 un trait sur le cin\u00e9ma dans les ann\u00e9es 1970 pour se consacrer \u00e0 la cause animale, vit entre sa c\u00e9l\u00e8bre r\u00e9sidence de La Madrague \u00e0 Saint-Tropez, dans le Sud de la France, et une seconde maison cach\u00e9e dans la verdure, La Garrigue, abritant des animaux et une chapelle priv\u00e9e.<\/p>\n<p class=\"paragraph text_align_left lp-f-body-02\">En mai dernier, dans une interview \u00e0 BFMTV, elle avait assur\u00e9 vivre \u00ab comme une fermi\u00e8re \u00bb entour\u00e9e de ses moutons, ses cochons, ses chiens, ses chats, son \u00e2ne et sa ponette et ne poss\u00e9der \u00ab ni portable, ni ordinateur \u00bb.<\/p>\n<p class=\"paragraph text_align_left lp-f-body-02\">L\u2019annonce de sa mort a visiblement \u00e9nerv\u00e9 la femme de 91 ans. L\u2019interpr\u00e8te mythique de \u00ab Et Dieu cr\u00e9a la femme \u00bb a logiquement remis l\u2019\u00e9glise au milieu du village\u2026 de Saint-Tropez, bien s\u00fbr.<\/p>\n<p><script async src=\"https:\/\/platform.twitter.com\/widgets.js\" charset=\"utf-8\"><\/script><\/p>\n","protected":false},"excerpt":{"rendered":"Brigitte Bardot va bien. Et elle tient \u00e0 le faire savoir. Elle a pris la parole elle-m\u00eame sur&hellip;\n","protected":false},"author":2,"featured_media":482954,"comment_status":"","ping_status":"","sticky":false,"template":"","format":"standard","meta":{"footnotes":""},"categories":[1888],"tags":[1111,1928,11,1927,898,8936,650,872,1777,674,1011,27,12,1926,626,1925,25],"class_list":{"0":"post-482953","1":"post","2":"type-post","3":"status-publish","4":"format-standard","5":"has-post-thumbnail","7":"category-paris","8":"tag-actu","9":"tag-actu-paris","10":"tag-actualites","11":"tag-actualites-paris","12":"tag-alerte","13":"tag-breaking-news","14":"tag-cinema","15":"tag-culture-et-loisirs","16":"tag-eu","17":"tag-europe","18":"tag-fr","19":"tag-france","20":"tag-news","21":"tag-news-paris","22":"tag-paris","23":"tag-paris-news","24":"tag-republique-francaise"},"share_on_mastodon":{"url":"https:\/\/pubeurope.com\/@fr\/115420131009762312","error":""},"_links":{"self":[{"href":"https:\/\/www.europesays.com\/fr\/wp-json\/wp\/v2\/posts\/482953","targetHints":{"allow":["GET"]}}],"collection":[{"href":"https:\/\/www.europesays.com\/fr\/wp-json\/wp\/v2\/posts"}],"about":[{"href":"https:\/\/www.europesays.com\/fr\/wp-json\/wp\/v2\/types\/post"}],"author":[{"embeddable":true,"href":"https:\/\/www.europesays.com\/fr\/wp-json\/wp\/v2\/users\/2"}],"replies":[{"embeddable":true,"href":"https:\/\/www.europesays.com\/fr\/wp-json\/wp\/v2\/comments?post=482953"}],"version-history":[{"count":0,"href":"https:\/\/www.europesays.com\/fr\/wp-json\/wp\/v2\/posts\/482953\/revisions"}],"wp:featuredmedia":[{"embeddable":true,"href":"https:\/\/www.europesays.com\/fr\/wp-json\/wp\/v2\/media\/482954"}],"wp:attachment":[{"href":"https:\/\/www.europesays.com\/fr\/wp-json\/wp\/v2\/media?parent=482953"}],"wp:term":[{"taxonomy":"category","embeddable":true,"href":"https:\/\/www.europesays.com\/fr\/wp-json\/wp\/v2\/categories?post=482953"},{"taxonomy":"post_tag","embeddable":true,"href":"https:\/\/www.europesays.com\/fr\/wp-json\/wp\/v2\/tags?post=482953"}],"curies":[{"name":"wp","href":"https:\/\/api.w.org\/{rel}","templated":true}]}}