{"id":482957,"date":"2025-10-22T22:18:11","date_gmt":"2025-10-22T22:18:11","guid":{"rendered":"https:\/\/www.europesays.com\/fr\/482957\/"},"modified":"2025-10-22T22:18:11","modified_gmt":"2025-10-22T22:18:11","slug":"la-pression-augmente-sur-les-avoirs-russes-geles-dans-lue-et-si-lukraine-obtenait-un-pret-de-140-milliards-deuros","status":"publish","type":"post","link":"https:\/\/www.europesays.com\/fr\/482957\/","title":{"rendered":"La pression augmente sur les avoirs russes gel\u00e9s dans l\u2019UE. Et si l\u2019Ukraine obtenait un \u00abpr\u00eat\u00bb de 140\u00a0milliards d\u2019euros?"},"content":{"rendered":"<p>Viktor Orban comptait y faire son show. Rat\u00e9. Les chefs d\u2019Etat et de gouvernement de l\u2019UE se r\u00e9unissent ce jeudi \u00e0 Bruxelles pour un sommet europ\u00e9en crucial largement consacr\u00e9 \u00e0 l\u2019Ukraine, alors que Donald Trump et Vladimir Poutine \u2013 ce dernier sous le coup d\u2019un mandat d\u2019arr\u00eat de la Cour p\u00e9nale internationale \u2013 envisageaient de se rencontrer prochainement \u00e0 Budapest. Voil\u00e0 qui aurait repr\u00e9sent\u00e9 une victoire pour le premier ministre nationaliste hongrois, agitateur en chef de l\u2019UE, grand rassembleur des droites radicales europ\u00e9ennes et fervent opposant \u00e0 toute aide \u00e0 l\u2019Ukraine. Mais c\u2019\u00e9tait compter sans une nouvelle volte-face de Donald Trump. Qui vient de d\u00e9cider d\u2019annuler, ou du moins de reporter, le sommet.<\/p>\n<p>C\u2019est dans ce contexte instable, et face \u00e0 l\u2019attitude erratique du locataire de la Maison-Blanche, que les Europ\u00e9ens tentent plus que jamais de resserrer les rangs autour de Volodymyr Zelensky apr\u00e8s la nouvelle humiliation inflig\u00e9e dans le Bureau ovale. Donald Trump avait fait miroiter au pr\u00e9sident ukrainien des missiles \u00e0 longue port\u00e9e Tomahawk, mais Volodymyr Zelensky est revenu bredouille et a d\u00fb faire face \u00e0 un Trump alors encore tout excit\u00e9 \u00e0 l\u2019id\u00e9e de rencontrer Vladimir Poutine. Avec la menace d\u2019\u00eatre une nouvelle fois sortis du jeu, les Europ\u00e9ens se sentaient d\u00e9munis et l\u2019attitude de Viktor Orban d\u00e9fiait leur unit\u00e9. Voil\u00e0 que la situation a une nouvelle fois chang\u00e9.<\/p>\n","protected":false},"excerpt":{"rendered":"Viktor Orban comptait y faire son show. Rat\u00e9. Les chefs d\u2019Etat et de gouvernement de l\u2019UE se r\u00e9unissent&hellip;\n","protected":false},"author":2,"featured_media":482958,"comment_status":"","ping_status":"","sticky":false,"template":"","format":"standard","meta":{"footnotes":""},"categories":[1591],"tags":[11,1887,12,301,1885,1886,132,656,220,364],"class_list":{"0":"post-482957","1":"post","2":"type-post","3":"status-publish","4":"format-standard","5":"has-post-thumbnail","7":"category-russie","8":"tag-actualites","9":"tag-federation-de-russie","10":"tag-news","11":"tag-premium","12":"tag-russia","13":"tag-russian-federation","14":"tag-russie","15":"tag-securite","16":"tag-ukraine","17":"tag-union-europeenne"},"share_on_mastodon":{"url":"https:\/\/pubeurope.com\/@fr\/115420142217012085","error":""},"_links":{"self":[{"href":"https:\/\/www.europesays.com\/fr\/wp-json\/wp\/v2\/posts\/482957","targetHints":{"allow":["GET"]}}],"collection":[{"href":"https:\/\/www.europesays.com\/fr\/wp-json\/wp\/v2\/posts"}],"about":[{"href":"https:\/\/www.europesays.com\/fr\/wp-json\/wp\/v2\/types\/post"}],"author":[{"embeddable":true,"href":"https:\/\/www.europesays.com\/fr\/wp-json\/wp\/v2\/users\/2"}],"replies":[{"embeddable":true,"href":"https:\/\/www.europesays.com\/fr\/wp-json\/wp\/v2\/comments?post=482957"}],"version-history":[{"count":0,"href":"https:\/\/www.europesays.com\/fr\/wp-json\/wp\/v2\/posts\/482957\/revisions"}],"wp:featuredmedia":[{"embeddable":true,"href":"https:\/\/www.europesays.com\/fr\/wp-json\/wp\/v2\/media\/482958"}],"wp:attachment":[{"href":"https:\/\/www.europesays.com\/fr\/wp-json\/wp\/v2\/media?parent=482957"}],"wp:term":[{"taxonomy":"category","embeddable":true,"href":"https:\/\/www.europesays.com\/fr\/wp-json\/wp\/v2\/categories?post=482957"},{"taxonomy":"post_tag","embeddable":true,"href":"https:\/\/www.europesays.com\/fr\/wp-json\/wp\/v2\/tags?post=482957"}],"curies":[{"name":"wp","href":"https:\/\/api.w.org\/{rel}","templated":true}]}}