{"id":482959,"date":"2025-10-22T22:19:18","date_gmt":"2025-10-22T22:19:18","guid":{"rendered":"https:\/\/www.europesays.com\/fr\/482959\/"},"modified":"2025-10-22T22:19:18","modified_gmt":"2025-10-22T22:19:18","slug":"la-roumanie-soutient-la-volonte-de-trump-de-sevrer-totalement-lue-de-lenergie-russe","status":"publish","type":"post","link":"https:\/\/www.europesays.com\/fr\/482959\/","title":{"rendered":"La Roumanie soutient la volont\u00e9 de Trump de sevrer totalement l&rsquo;UE de l&rsquo;\u00e9nergie russe"},"content":{"rendered":"<p>La Roumanie est d&rsquo;accord avec l&rsquo;\u00ab ambition \u00bb du pr\u00e9sident am\u00e9ricain Donald Trump de demander que tous les pays de l&rsquo;UE coupent leurs liens \u00e9nerg\u00e9tiques avec la Russie en r\u00e9ponse \u00e0 la guerre en Ukraine, a d\u00e9clar\u00e9 la ministre des Affaires \u00e9trang\u00e8res du pays, Oana \u021aoiu, dans l&rsquo;\u00e9mission d&rsquo;Euronews \u00ab 12 minutes with\u2026 \u00bb. <\/p>\n<p>\u00ab En Roumanie, et je l&rsquo;ai \u00e9galement mentionn\u00e9 au secr\u00e9taire d&rsquo;\u00c9tat Marco Rubio, nous avons convenu que l&rsquo;ambition formul\u00e9e par le pr\u00e9sident Trump, et la demande adress\u00e9e aux membres de l&rsquo;Union europ\u00e9enne, de se couper des sources d&rsquo;\u00e9nergie de la Russie qui g\u00e9n\u00e8rent des profits utilis\u00e9s pour financer la guerre, est la bonne d\u00e9cision \u00bb, a expliqu\u00e9 Oana \u021aoiu. <\/p>\n<p>\u00ab La Roumanie a pris cette d\u00e9cision depuis un certain temps d\u00e9j\u00e0 \u00bb, a-t-elle ajout\u00e9. <\/p>\n<p>En septembre, Donald Trump a laiss\u00e9 entendre qu&rsquo;il n&rsquo;imposerait pas de nouvelles sanctions am\u00e9ricaines \u00e0 la Russie tant que les pays de l&rsquo;UE ne cesseraient pas de financer le tr\u00e9sor de guerre de Vladimir Poutine en achetant du gaz et du p\u00e9trole russes. Donald Trump a \u00e9galement d\u00e9cid\u00e9 d&rsquo;imposer des \u00ab droits de douane secondaires \u00bb \u00e0 l&rsquo;Inde pour ses importations de p\u00e9trole d&rsquo;origine russe, et a menac\u00e9 d&rsquo;imposer des taxes similaires \u00e0 d&rsquo;autres pays.<\/p>\n<p>L&rsquo;UE a consid\u00e9rablement r\u00e9duit sa d\u00e9pendance \u00e0 l&rsquo;\u00e9gard de l&rsquo;\u00e9nergie russe depuis le d\u00e9clenchement de l&rsquo;invasion massive de l&rsquo;Ukraine en 2022 et pr\u00e9voit d&rsquo;\u00e9liminer compl\u00e8tement ces produits d&rsquo;ici le 1er janvier 2028. <\/p>\n<p>Mais la Hongrie et la Slovaquie restent de grands importateurs d&rsquo;\u00e9nergie russe et ont r\u00e9sist\u00e9 aux pressions de Trump les appelant \u00e0 cesser leurs achats.<\/p>\n<p>La question devrait refaire surface la semaine prochaine, lorsque les dirigeants de l&rsquo;UE se r\u00e9uniront pour un sommet \u00e0 Bruxelles. L&rsquo;ex\u00e9cutif europ\u00e9en, sous la pression de Trump, veut, dans le cadre d&rsquo;un 19e paquet de sanctions contre la Russie, imposer des droits de douane sur le p\u00e9trole russe qui entre encore dans l&rsquo;Union, rendant les importations plus ch\u00e8res et for\u00e7ant Budapest et Bratislava \u00e0 diversifier leurs fournisseurs. <\/p>\n<p>Mais le premier ministre slovaque, Robert Fico, a d\u00e9j\u00e0 exprim\u00e9 son opposition et pourrait faire \u00e9chouer l&rsquo;adoption des sanctions. <\/p>\n<p>La ministre Oana \u021aoiu s&rsquo;est adress\u00e9e \u00e0 Euronews quelques heures avant que Donald Trump n&rsquo;annonce qu&rsquo;il rencontrerait le pr\u00e9sident russe Vladimir Poutine en Hongrie pour tenter de r\u00e9soudre la guerre en Ukraine.<\/p>\n<p>Interrog\u00e9e sur sa discussion avec son homologue am\u00e9ricain, le secr\u00e9taire d&rsquo;\u00c9tat Marco Rubio, au sujet de la guerre en Ukraine lors d&rsquo;une r\u00e9cente visite, Oana \u021aoiu a d\u00e9clar\u00e9 qu&rsquo;ils avaient parl\u00e9 d&rsquo;une \u00ab ambition commune d&rsquo;aider \u00e0 obtenir un accord de paix en Ukraine \u00bb et de leur \u00ab r\u00e9ticence \u00e0 l&rsquo;\u00e9gard de ce que nous voyons venir de la Russie. \u00bb <\/p>\n<p>\u00ab Nous ne voyons pas d&rsquo;actions, de gestes ou de d\u00e9cisions appropri\u00e9s dans cette direction [de paix] \u00bb, a-t-elle d\u00e9clar\u00e9 \u00e0 propos du Kremlin. <\/p>\n<p>\u00ab C&rsquo;est pourquoi nous avons une conversation continue sur l&rsquo;augmentation de la pression. \u00bb <\/p>\n<p>Le temps &lsquo;est un facteur essentiel&rsquo; dans la lutte contre la guerre hybride de la Russie<\/p>\n<p>La Roumanie, qui partage avec l&rsquo;Ukraine la plus longue fronti\u00e8re terrestre de l&rsquo;UE, se trouve quant \u00e0 elle sous les tirs crois\u00e9s de la guerre hybride men\u00e9e par la Russie. <\/p>\n<p>Un second tour de l&rsquo;\u00e9lection pr\u00e9sidentielle a \u00e9t\u00e9 annul\u00e9 en d\u00e9cembre dernier en raison d&rsquo;informations divulgu\u00e9es par les services de renseignement, sugg\u00e9rant que la Russie s&rsquo;\u00e9tait immisc\u00e9e dans la campagne, th\u00e9\u00e2tre de la victoire inattendue d\u2019un outsider peu connu aux opinions extr\u00eames, C\u0103lin Georgescu, lors du premier tour de scrutin. <\/p>\n<p>Selon Oana \u021aoiu, \u00ab ces menaces ne disparaissent pas \u00bb.<\/p>\n<p>\u00ab M\u00eame si en Roumanie et en Moldavie, la voie pro-europ\u00e9enne a remport\u00e9 une victoire spectaculaire (lors des r\u00e9centes \u00e9lections), nous pensons et nous nous attendons \u00e0 ce que l&rsquo;ing\u00e9rence se poursuive dans le sens o\u00f9 nous observons le m\u00eame type d&rsquo;intentions en termes de discours malveillants. \u00bb<\/p>\n<p>\u00ab Il est donc tr\u00e8s important que nous nous d\u00e9fendions non seulement au niveau national, mais aussi au niveau de l&rsquo;Union europ\u00e9enne, et que nous soutenions les pays qui souhaitent adh\u00e9rer \u00e0 l&rsquo;Union europ\u00e9enne via le m\u00eame processus. \u00bb <\/p>\n<p>Le pays a \u00e9galement recens\u00e9 au moins 20 cas d&rsquo;ing\u00e9rence pr\u00e9sum\u00e9e de drones russes, dont le plus r\u00e9cent remonte \u00e0 d\u00e9but septembre, lorsqu&rsquo;un drone a viol\u00e9 l&rsquo;espace a\u00e9rien roumain lors d&rsquo;une attaque g\u00e9n\u00e9ralis\u00e9e de drones russes en Ukraine, ce qui a pouss\u00e9 les pilotes de F-16 \u00e0 d\u00e9coller en urgence. <\/p>\n<p>Interrog\u00e9e sur le fait de savoir si la Roumanie \u00e9tait pr\u00eate \u00e0 abattre des v\u00e9hicules a\u00e9riens intrusifs consid\u00e9r\u00e9s comme une menace, la ministre Oana \u021aoiu a d\u00e9clar\u00e9 : \u00ab Oui, nous sommes pr\u00eats. Nous avons r\u00e9cemment modifi\u00e9 nos lois afin de permettre aux pilotes des avions qui suivent les drones de tirer, si tel est le cas. Nous avons \u00e9galement modifi\u00e9 la l\u00e9gislation afin de permettre aux diff\u00e9rents syst\u00e8mes de d\u00e9fense a\u00e9rienne d&rsquo;\u00eatre en mesure, le cas \u00e9ch\u00e9ant, de les abattre. <\/p>\n<p>Il s&rsquo;agit toujours d&rsquo;\u00e9valuer le risque et de d\u00e9terminer si le fait d&rsquo;abattre le drone ne cr\u00e9e pas plus de risques sur le terrain que le risque potentiel li\u00e9 au drone lui-m\u00eame. \u00bb <\/p>\n<p>Jeudi, la Commission europ\u00e9enne a d\u00e9voil\u00e9 un plan de protection de son flanc oriental contre les incursions de drones, parfois appel\u00e9es \u00ab mur de drones \u00bb, qui serait pleinement op\u00e9rationnel d&rsquo;ici \u00e0 2027. <\/p>\n<p>Oana \u021aoiu a soutenu l&rsquo;urgence du calendrier. La Roumanie a r\u00e9cemment d\u00e9clar\u00e9 qu&rsquo;elle s&rsquo;associerait \u00e0 l&rsquo;Ukraine pour fabriquer des drones d\u00e9fensifs qui pourraient \u00eatre utilis\u00e9s pour dissuader les incursions russes le long de la fronti\u00e8re roumaine et pour soutenir les autres pays voisins. <\/p>\n<p>\u00ab Nous avons d\u00e9j\u00e0, dans l&rsquo;industrie priv\u00e9e, des projets roumano-ukrainiens qui testent les drones en utilisant les connaissances communes aux deux pays, et qui ont r\u00e9cemment obtenu des investissements de la part des \u00c9tats-Unis \u00bb, a d\u00e9clar\u00e9 la ministre Oana \u021aoiu. <\/p>\n<p>\u00ab Nous voulons poursuivre avec encore plus de projets, m\u00eame dans la sph\u00e8re publique, et \u00eatre en mesure de r\u00e9pondre non seulement \u00e0 nos propres besoins en termes d&rsquo;approvisionnement et de capacit\u00e9s militaires, mais aussi de cr\u00e9er cette offre avec le savoir-faire \u00e9prouv\u00e9 au combat que les Ukrainiens poss\u00e8dent actuellement, afin de pouvoir proposer cette offre \u00e0 d&rsquo;autres \u00c9tats. \u00bb <\/p>\n","protected":false},"excerpt":{"rendered":"La Roumanie est d&rsquo;accord avec l&rsquo;\u00ab ambition \u00bb du pr\u00e9sident am\u00e9ricain Donald Trump de demander que tous les&hellip;\n","protected":false},"author":2,"featured_media":482960,"comment_status":"","ping_status":"","sticky":false,"template":"","format":"standard","meta":{"footnotes":""},"categories":[1590],"tags":[11,554,1777,674,131,12,17749,4868,132,656,220],"class_list":{"0":"post-482959","1":"post","2":"type-post","3":"status-publish","4":"format-standard","5":"has-post-thumbnail","7":"category-ukraine","8":"tag-actualites","9":"tag-defense","10":"tag-eu","11":"tag-europe","12":"tag-guerre-en-ukraine","13":"tag-news","14":"tag-politique-europeenne","15":"tag-roumanie","16":"tag-russie","17":"tag-securite","18":"tag-ukraine"},"share_on_mastodon":{"url":"https:\/\/pubeurope.com\/@fr\/115420146172085545","error":""},"_links":{"self":[{"href":"https:\/\/www.europesays.com\/fr\/wp-json\/wp\/v2\/posts\/482959","targetHints":{"allow":["GET"]}}],"collection":[{"href":"https:\/\/www.europesays.com\/fr\/wp-json\/wp\/v2\/posts"}],"about":[{"href":"https:\/\/www.europesays.com\/fr\/wp-json\/wp\/v2\/types\/post"}],"author":[{"embeddable":true,"href":"https:\/\/www.europesays.com\/fr\/wp-json\/wp\/v2\/users\/2"}],"replies":[{"embeddable":true,"href":"https:\/\/www.europesays.com\/fr\/wp-json\/wp\/v2\/comments?post=482959"}],"version-history":[{"count":0,"href":"https:\/\/www.europesays.com\/fr\/wp-json\/wp\/v2\/posts\/482959\/revisions"}],"wp:featuredmedia":[{"embeddable":true,"href":"https:\/\/www.europesays.com\/fr\/wp-json\/wp\/v2\/media\/482960"}],"wp:attachment":[{"href":"https:\/\/www.europesays.com\/fr\/wp-json\/wp\/v2\/media?parent=482959"}],"wp:term":[{"taxonomy":"category","embeddable":true,"href":"https:\/\/www.europesays.com\/fr\/wp-json\/wp\/v2\/categories?post=482959"},{"taxonomy":"post_tag","embeddable":true,"href":"https:\/\/www.europesays.com\/fr\/wp-json\/wp\/v2\/tags?post=482959"}],"curies":[{"name":"wp","href":"https:\/\/api.w.org\/{rel}","templated":true}]}}