{"id":482962,"date":"2025-10-22T22:21:16","date_gmt":"2025-10-22T22:21:16","guid":{"rendered":"https:\/\/www.europesays.com\/fr\/482962\/"},"modified":"2025-10-22T22:21:16","modified_gmt":"2025-10-22T22:21:16","slug":"un-migrant-expulse-vers-la-france-est-revenu-au-royaume-uni-en-bateau","status":"publish","type":"post","link":"https:\/\/www.europesays.com\/fr\/482962\/","title":{"rendered":"un migrant expuls\u00e9 vers la France est revenu au Royaume-Uni en bateau"},"content":{"rendered":"<p class=\"authors latino-300b text-grey-600\">\n<p>  Par\u00a0<br \/>\nLe Nouvel Obs avec AFP<\/p>\n<p class=\"d-flex flex-column flex-lg-row column-gap-4 flex-wrap-wrap latino-300r text-grey-600 pe-8  border-end-lg\">\n<p>    Publi\u00e9 le\u00a022 octobre 2025 \u00e0 21h50\n  <\/p>\n<p>              Lecture\u00a0:\u00a01\u00a0min.<\/p>\n<p>      <img fetchpriority=\"high\" decoding=\"async\" class=\"mx-auto\" src=\"data:image\/svg+xml,%3Csvg%20xmlns%3D%27http%3A%2F%2Fwww.w3.org%2F2000%2Fsvg%27%20fill%3D%22%23e4e4e4%22%20viewBox%3D%270%200%20510%20340%27%20width%3D%22510%22%20height%3D%22340%22%3E%3Cpath%20d%3D%27M0%200h510v340H0z%27%2F%3E%3C%2Fsvg%3E\"  loading=\"eager\" width=\"510\" height=\"340\" data-oncrawl-image-size=\"510x340\" alt=\"Des migrants arr\u00eat\u00e9s apr\u00e8s avoir travers\u00e9 la Manche \u00e0 Douvres, au Royaume-Uni, le 8\u00a0octobre 2025. \"\/>      <\/p>\n<p class=\"latino-100m text-grey-600\">\n            Des migrants arr\u00eat\u00e9s apr\u00e8s avoir travers\u00e9 la Manche \u00e0 Douvres, au Royaume-Uni, le 8\u00a0octobre 2025. \u00a0DAN KITWOOD \/ GETTY IMAGES VIA AFP        <\/p>\n<p>        Lire\u00a0plus\u00a0tard      <\/p>\n<p><a aria-label=\"Nous suivre sur Google News\" href=\"https:\/\/news.google.com\/publications\/CAAqBwgKMJe4nQkw3dFs?hl=fr&amp;gl=FR&amp;ceid=FR%3Afr\" target=\"_blank\" data-piano=\"Page_Article,Sous_date_publi,Nous_suivre_sur_google_news,1er_clic,action\" class=\"btn btn--small btn--tertiary btn--icon-only\" rel=\"noopener\"><\/p>\n<p>      Google Actualit\u00e9s<br \/>\n  <\/a><\/p>\n<p>  Partager<\/p>\n<p>        Facebook<\/p>\n<p>        Bluesky<\/p>\n<p>        E-mail<\/p>\n<p>        Copier le lien<\/p>\n<p>      Envoyer<\/p>\n<p>      S\u2019abonner    <\/p>\n<p class=\"node__paragraphe antonia-750r text-grey-800 pb-24 pb-md-32\">\nL<a href=\"https:\/\/www.nouvelobs.com\/monde\/20250918.OBS107796\/une-premiere-personne-migrante-renvoyee-en-france-dans-le-cadre-de-l-accord-franco-britannique.html\" target=\"_blank\" rel=\"noopener\">\u2019accord franco-britannique<\/a> contre l\u2019immigration montre rapidement ses limites. Un migrant qui avait \u00e9t\u00e9 expuls\u00e9 du Royaume-Uni vers la France dans le cadre de l\u2019accord franco-britannique a de nouveau rejoint l\u2019Angleterre en traversant la Manche dans une embarcation de fortune, a-t-on appris ce mercredi 22\u00a0octobre de source gouvernementale.<\/p>\n<p class=\"node__paragraphe antonia-750r text-grey-800 pb-24 pb-md-32\">\nCe migrant est actuellement en d\u00e9tention, et le minist\u00e8re de l\u2019Int\u00e9rieur britannique s\u2019efforce de l\u2019expulser \u00e0 nouveau au plus t\u00f4t, selon cette source. Selon le journal \u00ab\u00a0<a target=\"_blank\" href=\"https:\/\/www.theguardian.com\/uk-news\/2025\/oct\/22\/man-sent-to-france-under-one-in-one-out-scheme-returns-to-uk-on-small-boat\" rel=\"noopener\">The Guardian<\/a>\u00a0\u00bb, qui lui a parl\u00e9, cet homme veut demander l\u2019asile au Royaume-Uni, disant \u00eatre victime d\u2019un r\u00e9seau de traite d\u2019\u00eatres humains g\u00e9r\u00e9 par des passeurs dans le nord de la France.<\/p>\n<p class=\"node__paragraphe antonia-750r text-grey-800 pb-24 pb-md-32\">\n\u00ab\u00a0Si j\u2019avais senti que la France \u00e9tait un endroit s\u00fbr pour moi, je ne serais jamais retourn\u00e9 au Royaume-Uni\u00a0\u00bb, a indiqu\u00e9 cet homme au journal britannique. Avant de poursuivre\u00a0: \u00ab\u00a0\u00c0 notre retour en France, nous avons \u00e9t\u00e9 emmen\u00e9s dans un refuge \u00e0 Paris.\u00a0Je n\u2019osais pas sortir, car j\u2019avais peur pour ma vie. Les passeurs sont tr\u00e8s dangereux.\u00a0\u00bb<\/p>\n<p class=\"latino-500b text-grey-600 pb-16\">A lire aussi<\/p>\n<p><a href=\"https:\/\/www.nouvelobs.com\/justice\/20230703.OBS75253\/passeurs-de-migrants-le-business-du-desespoir-une-traversee-reussie-c-est-100-000-euros-de-benefice-net.html\" data-article-key=\"20230703.OBS75253\" class=\"link--box flex-grow-1\" data-piano=\"Page_Article,Lire_aussi,,Lien1,navigation\" target=\"_blank\" rel=\"noopener\"><\/p>\n<p>                <img decoding=\"async\" src=\"data:image\/svg+xml,%3Csvg%20xmlns%3D%27http%3A%2F%2Fwww.w3.org%2F2000%2Fsvg%27%20fill%3D%22%23e4e4e4%22%20viewBox%3D%270%200%20120%2080%27%20width%3D%22120%22%20height%3D%2280%22%3E%3Cpath%20d%3D%27M0%200h120v80H0z%27%2F%3E%3C%2Fsvg%3E\"  width=\"120\" height=\"80\" loading=\"lazy\" alt=\"Un groupe de migrants embarque dans un bateau gonflable pour\u00a0traverser la Manche au\u00a0d\u00e9part de\u00a0Wimereux (Pas-de-Calais), en d\u00e9cembre 2021.\"\/><\/p>\n<p class=\"latino-300r latino-lg-600m text-grey-800\">\n                      <strong class=\"latino-300b latino-lg-600m text-grey-500\">Enqu\u00eate\u00a0<\/strong><br \/>\n                    Passeurs de migrants, le business du d\u00e9sespoir\u00a0: \u00ab\u00a0Une travers\u00e9e r\u00e9ussie, c\u2019est 100\u00a0000\u00a0euros de b\u00e9n\u00e9fice net\u00a0\u00bb        <\/p>\n<p><\/a><\/p>\n<p class=\"node__paragraphe antonia-750r text-grey-800 pb-24 pb-md-32\">\nIl s\u2019agit selon la <a target=\"_blank\" href=\"https:\/\/www.bbc.com\/news\/articles\/clykzx43v0po\" rel=\"noopener\">BBC<\/a> d\u2019un ressortissant iranien qui a \u00e9t\u00e9 expuls\u00e9 du Royaume-Uni vers la France le 19\u00a0septembre \u2013 devenant la troisi\u00e8me personne ainsi renvoy\u00e9e dans le cadre de l\u2019accord migratoire \u2013, avant de regagner le territoire britannique le 18\u00a0octobre.<\/p>\n<p>42 migrants expuls\u00e9s vers la France depuis le mois d\u2019ao\u00fbt<\/p>\n<p class=\"node__paragraphe antonia-750r text-grey-800 pb-24 pb-md-32\">\nL\u2019accord franco-britannique,<a href=\"https:\/\/www.nouvelobs.com\/monde\/20250805.OBS106498\/l-accord-franco-britannique-sur-les-personnes-migrantes-entre-en-vigueur-que-prevoit-il.html\" target=\"_blank\" rel=\"noopener\"> conclu cet \u00e9t\u00e9<\/a>, consiste \u00e0 renvoyer en France des migrants arriv\u00e9s \u00e0 bord de petits bateaux au Royaume-Uni, en \u00e9change de l\u2019accueil par ce pays de migrants se trouvant en France, sur le principe du \u00ab\u00a0un pour un\u00a0\u00bb. Tr\u00e8s critiqu\u00e9 par les ONG, il a pour but de d\u00e9courager les travers\u00e9es clandestines de la Manche.<\/p>\n<p class=\"node__paragraphe antonia-750r text-grey-800 pb-24 pb-md-32\">\nDepuis son entr\u00e9e en vigueur d\u00e9but ao\u00fbt, 42 migrants ont \u00e9t\u00e9 expuls\u00e9s vers la France, a indiqu\u00e9 mercredi le Home Office. En parall\u00e8le, 23 personnes ont \u00e9t\u00e9 accueillies au Royaume-Uni.<\/p>\n<p class=\"node__paragraphe antonia-750r text-grey-800 pb-24 pb-md-32\">\nLe gouvernement travailliste de Keir Starmer tente, en vain pour l\u2019instant, de faire baisser le nombre de migrants qui traversent la Manche \u00e0 bord de ces petites embarcations.<\/p>\n<p class=\"latino-500b text-grey-600 pb-16\">A lire aussi<\/p>\n<p><a href=\"https:\/\/www.nouvelobs.com\/societe\/20240816.OBS92471\/25-migrants-ont-peri-en-essayant-de-traverser-la-manche-cette-annee-ils-ne-se-sentent-plus-les-bienvenus-et-cela-les-motive-encore-plus-a-tenter.html\" data-article-key=\"20240816.OBS92471\" class=\"link--box flex-grow-1\" data-piano=\"Page_Article,Lire_aussi,,Lien2,navigation\" target=\"_blank\" rel=\"noopener\"><\/p>\n<p>                <img decoding=\"async\" src=\"data:image\/svg+xml,%3Csvg%20xmlns%3D%27http%3A%2F%2Fwww.w3.org%2F2000%2Fsvg%27%20fill%3D%22%23e4e4e4%22%20viewBox%3D%270%200%20120%2080%27%20width%3D%22120%22%20height%3D%2280%22%3E%3Cpath%20d%3D%27M0%200h120v80H0z%27%2F%3E%3C%2Fsvg%3E\"  width=\"120\" height=\"80\" loading=\"lazy\" alt=\"Le 12 juillet 2024 montre le navire de sauvetage \u00ab\u00a0Minck\u00a0\u00bb qui a r\u00e9cup\u00e9r\u00e9 les survivants d\u2019un navire de migrants au large de Boulogne-sur-Mer. \"\/><\/p>\n<p class=\"latino-300r latino-lg-600m text-grey-800\">\n                    25 migrants ont p\u00e9ri en essayant de traverser la Manche cette ann\u00e9e\u00a0: \u00ab\u00a0Ils ne se sentent plus les bienvenus et cela les motive encore plus \u00e0 tenter\u00a0\u00bb        <\/p>\n<p><\/a><\/p>\n<p class=\"node__paragraphe antonia-750r text-grey-800 pb-24 pb-md-32\">\nLeur nombre s\u2019est \u00e9lev\u00e9 depuis le d\u00e9but de l\u2019ann\u00e9e \u00e0 36\u00a0734, selon les derni\u00e8res donn\u00e9es officielles disponibles datant de mardi. Selon les m\u00e9dias britanniques, avec les arriv\u00e9es survenues depuis, ce chiffre d\u00e9passe d\u00e9sormais le total de l\u2019ann\u00e9e 2024 (qui s\u2019\u00e9levait \u00e0 36\u00a0816).<\/p>\n<p class=\"node__paragraphe antonia-750r text-grey-800 pb-24 pb-md-32\">\n\u00ab\u00a0Il est clair que nous devons aller plus loin et plus vite, en expulsant davantage de personnes pr\u00e9sentes ill\u00e9galement et en emp\u00eachant les migrants de traverser sur de petits bateaux\u00a0\u00bb, a indiqu\u00e9 la ministre de l\u2019Int\u00e9rieur Shabana Mahmood, cit\u00e9e dans un communiqu\u00e9.<\/p>\n<p class=\"node__paragraphe antonia-750r text-grey-800 pb-24 pb-md-32\">\nLe gouvernement britannique a annonc\u00e9 mercredi des sanctions contre des r\u00e9seaux dans les Balkans aidant des candidats \u00e0 l\u2019immigration clandestine \u00e0 rejoindre le Royaume-Uni, au moment o\u00f9 se tient \u00e0 Londres un sommet avec plusieurs dirigeants de cette r\u00e9gion.<\/p>\n<p class=\"authors latino-600m text-grey-800\">\n<p>  Par\u00a0<br \/>\nLe Nouvel Obs avec AFP<\/p>\n","protected":false},"excerpt":{"rendered":"Par\u00a0 Le Nouvel Obs avec AFP Publi\u00e9 le\u00a022 octobre 2025 \u00e0 21h50 Lecture\u00a0:\u00a01\u00a0min. Des migrants arr\u00eat\u00e9s apr\u00e8s avoir&hellip;\n","protected":false},"author":2,"featured_media":482963,"comment_status":"","ping_status":"","sticky":false,"template":"","format":"standard","meta":{"footnotes":""},"categories":[1588],"tags":[17,743,11,15145,1777,674,26551,27,29680,28428,1251,74,12,3215,473,1853,1851,1850,1852],"class_list":{"0":"post-482962","1":"post","2":"type-post","3":"status-publish","4":"format-standard","5":"has-post-thumbnail","7":"category-royaume-uni","8":"tag-17","9":"tag-accord","10":"tag-actualites","11":"tag-britannique","12":"tag-eu","13":"tag-europe","14":"tag-expulse","15":"tag-france","16":"tag-franco","17":"tag-migrant","18":"tag-migrants","19":"tag-monde","20":"tag-news","21":"tag-revenu","22":"tag-royaume-uni","23":"tag-royaume-uni-de-grande-bretagne-et-dirlande-du-nord","24":"tag-uk","25":"tag-united-kingdom","26":"tag-united-kingdom-of-great-britain-and-northern-ireland"},"share_on_mastodon":{"url":"https:\/\/pubeurope.com\/@fr\/115420154067511146","error":""},"_links":{"self":[{"href":"https:\/\/www.europesays.com\/fr\/wp-json\/wp\/v2\/posts\/482962","targetHints":{"allow":["GET"]}}],"collection":[{"href":"https:\/\/www.europesays.com\/fr\/wp-json\/wp\/v2\/posts"}],"about":[{"href":"https:\/\/www.europesays.com\/fr\/wp-json\/wp\/v2\/types\/post"}],"author":[{"embeddable":true,"href":"https:\/\/www.europesays.com\/fr\/wp-json\/wp\/v2\/users\/2"}],"replies":[{"embeddable":true,"href":"https:\/\/www.europesays.com\/fr\/wp-json\/wp\/v2\/comments?post=482962"}],"version-history":[{"count":0,"href":"https:\/\/www.europesays.com\/fr\/wp-json\/wp\/v2\/posts\/482962\/revisions"}],"wp:featuredmedia":[{"embeddable":true,"href":"https:\/\/www.europesays.com\/fr\/wp-json\/wp\/v2\/media\/482963"}],"wp:attachment":[{"href":"https:\/\/www.europesays.com\/fr\/wp-json\/wp\/v2\/media?parent=482962"}],"wp:term":[{"taxonomy":"category","embeddable":true,"href":"https:\/\/www.europesays.com\/fr\/wp-json\/wp\/v2\/categories?post=482962"},{"taxonomy":"post_tag","embeddable":true,"href":"https:\/\/www.europesays.com\/fr\/wp-json\/wp\/v2\/tags?post=482962"}],"curies":[{"name":"wp","href":"https:\/\/api.w.org\/{rel}","templated":true}]}}