{"id":482968,"date":"2025-10-22T22:24:18","date_gmt":"2025-10-22T22:24:18","guid":{"rendered":"https:\/\/www.europesays.com\/fr\/482968\/"},"modified":"2025-10-22T22:24:18","modified_gmt":"2025-10-22T22:24:18","slug":"lunion-europeenne-et-les-etats-unis-sanctionnent-a-nouveau-la-russie","status":"publish","type":"post","link":"https:\/\/www.europesays.com\/fr\/482968\/","title":{"rendered":"L&rsquo;Union europ\u00e9enne et les \u00c9tats-Unis sanctionnent \u00e0 nouveau la Russie"},"content":{"rendered":"<p class=\"mb-4 text-lg md:leading-8 break-words\">L&rsquo;Union europ\u00e9enne a annonc\u00e9, mercredi 22 octobre, avoir trouv\u00e9 un accord pour durcir ses sanctions sur les hydrocarbures russes et tarir les ressources du Kremlin dans sa guerre contre l&rsquo;Ukraine. Les \u00c9tats-Unis ont rapidement suivi et d\u00e9cid\u00e9 de sanctions contre des groupes p\u00e9troliers russes.<\/p>\n<p class=\"mb-4 text-lg md:leading-8 break-words\">Ces annonces interviennent apr\u00e8s une nouvelle nuit d&rsquo;attaques russes dans toute l&rsquo;<strong><a href=\"https:\/\/www.rfi.fr\/fr\/tag\/ukraine\/\" class=\"link \" rel=\"nofollow noopener\" target=\"_blank\" data-ylk=\"slk:Ukraine;elm:context_link;itc:0;sec:content-canvas\">Ukraine<\/a><\/strong>, avec plus de 400 drones et une trentaine de missiles tir\u00e9s. Ces bombardements ont fait au moins six morts. Le 19e train de sanctions de l&rsquo;<strong><a href=\"https:\/\/www.rfi.fr\/fr\/tag\/union-europ\u00e9enne\/\" class=\"link \" rel=\"nofollow noopener\" target=\"_blank\" data-ylk=\"slk:Union europ\u00e9enne;elm:context_link;itc:0;sec:content-canvas\">Union europ\u00e9enne<\/a><\/strong>, sur lequel la pr\u00e9sidence danoise de l&rsquo;Union europ\u00e9enne (UE) a annonc\u00e9 un accord mercredi soir, pr\u00e9voit notamment un arr\u00eat total des importations de gaz naturel liqu\u00e9fi\u00e9 (GNL) russe, et des mesures suppl\u00e9mentaires contre la flotte fant\u00f4me de p\u00e9troliers que Moscou utilise pour contourner les sanctions occidentales.<\/p>\n<p class=\"mb-4 text-lg md:leading-8 break-words\">\u00ab L&rsquo;adoption formelle par \u00e9crit est pr\u00e9vue demain (jeudi 23 octobre). Le travail sur un 20e paquet a d\u00e9j\u00e0 commenc\u00e9 \u00bb, s&rsquo;est r\u00e9joui sur X la pr\u00e9sidence ukrainienne par la voix de Vladyslav Vlassiouk, un conseiller du pr\u00e9sident <strong><a href=\"https:\/\/www.rfi.fr\/fr\/tag\/volodymyr-zelensky\/\" class=\"link \" rel=\"nofollow noopener\" target=\"_blank\" data-ylk=\"slk:Volodymyr Zelensky;elm:context_link;itc:0;sec:content-canvas\">Volodymyr Zelensky<\/a><\/strong>. Washington a aussit\u00f4t inform\u00e9 \u00e0 son tour renforcer ses sanctions \u00e0 l&rsquo;\u00e9gard de Moscou. Celles-ci ont \u00e9t\u00e9 confirm\u00e9es officiellement dans la foul\u00e9e.<\/p>\n<p>Les \u00c9tats-Unis leur ont rapidement emboit\u00e9 le pas<\/p>\n<p class=\"mb-4 text-lg md:leading-8 break-words\">\u00ab Nous allons annoncer, soit en fin de journ\u00e9e apr\u00e8s la cl\u00f4ture (de Wall Street, NDLR) soit demain matin t\u00f4t, un renforcement majeur des sanctions \u00e0 l&rsquo;encontre de la Russie \u00bb, avait d\u00e9clar\u00e9 le ministre am\u00e9ricain des Finances, Scott Bessent, devant la presse \u00e0 la Maison Blanche mercredi. Finalement, l&rsquo;annonce est arriv\u00e9e assez rapidement.<\/p>\n<p class=\"mb-4 text-lg md:leading-8 break-words\">Le minist\u00e8re am\u00e9ricain des Finances a annonc\u00e9 des sanctions visant les groupes p\u00e9troliers russes Rosneft et Lukoil. Une cons\u00e9quence, selon Washington, de \u00ab l&rsquo;absence de volont\u00e9 s\u00e9rieuse de la Russie de s&rsquo;engager dans un processus de paix afin de mettre fin \u00e0 la guerre en Ukraine \u00bb.<\/p>\n<p>Selon Trump, les conversations avec Poutine \u00ab ne vont nulle part \u00bb<\/p>\n<p class=\"mb-4 text-lg md:leading-8 break-words\">\u00ab Face au refus du pr\u00e9sident Poutine d&rsquo;arr\u00eater cette guerre insens\u00e9e, le d\u00e9partement du Tr\u00e9sor impose des sanctions aux deux plus importantes compagnies p\u00e9troli\u00e8res qui financent la machine de guerre du Kremlin \u00bb, a expliqu\u00e9 Scott Bessent.<\/p>\n<p class=\"mb-4 text-lg md:leading-8 break-words\">Donald Trump s&rsquo;est exprim\u00e9 \u00e0 son tour depuis le Bureau ovale, mercredi, au moment de recevoir Mark Rutte, le secr\u00e9taire g\u00e9n\u00e9ral de l&rsquo;Otan. \u00ab Ce sont des sanctions \u00e9normes. (&#8230;) Et nous esp\u00e9rons qu&rsquo;elles ne dureront pas trop longtemps. Nous esp\u00e9rons qu&rsquo;un terme sera mis \u00e0 la guerre \u00bb, a d\u00e9clar\u00e9 le locataire de la Maison Blanche.<\/p>\n<p class=\"mb-4 text-lg md:leading-8 break-words\">Le pr\u00e9sident am\u00e9ricain a \u00e9galement critiqu\u00e9 son homologue russe : \u00ab \u00c0 chaque fois que je parle avec Vladimir, nous avons de bonnes conversations, mais ensuite, elles ne vont nulle part. \u00bb Selon Trump, le pr\u00e9sident chinois Xi Jinping, en revanche, pourrait avoir \u00ab une grande influence \u00bb sur Poutine.<\/p>\n<p>Zelensky parcourt l&rsquo;Europe, en attendant une tr\u00e8s hypoth\u00e9tique rencontre Trump-Poutine<\/p>\n<p class=\"mb-4 text-lg md:leading-8 break-words\">Le pr\u00e9sident ukrainien est attendu jeudi au sommet des dirigeants de l&rsquo;Union europ\u00e9enne \u00e0 Bruxelles, au cours duquel les pays membres doivent formaliser leur accord sur un soutien financier p\u00e9renne \u00e0 l&rsquo;Ukraine, puis \u00e0 Londres o\u00f9 se tient vendredi une r\u00e9union de la Coalition des volontaires. Cette tourn\u00e9e des alli\u00e9s europ\u00e9ens intervient apr\u00e8s une visite infructueuse de Volodymyr Zelensky la semaine derni\u00e8re \u00e0 Washington, o\u00f9 il a \u00e9chou\u00e9 \u00e0 convaincre Donald Trump de fournir \u00e0 son pays des missiles de croisi\u00e8re Tomahawk.<\/p>\n<p class=\"mb-4 text-lg md:leading-8 break-words\">Dans une nouvelle volte-face et \u00e0 la suite d&rsquo;un long appel avec Vladimir Poutine, Donald Trump avait annonc\u00e9 dans un premier temps qu&rsquo;il allait tr\u00e8s prochainement rencontrer son homologue russe \u00e0 Budapest, semant la stupeur dans les chancelleries europ\u00e9ennes et \u00e0 Kiev. Mais cette perspective a fait long feu d\u00e8s les entretiens pr\u00e9liminaires entre chefs de la diplomatie.<\/p>\n<p class=\"mb-4 text-lg md:leading-8 break-words\">En d\u00e9pit d&rsquo;un manifeste report sine die de ce sommet, le vice-ministre russe des Affaires \u00e9trang\u00e8res, Sergue\u00ef Riabkov, a assur\u00e9 mercredi que les pr\u00e9paratifs \u00ab se poursuivaient \u00bb. Le secr\u00e9taire g\u00e9n\u00e9ral de l&rsquo;Otan, Mark Rutte, a de son c\u00f4t\u00e9 relativis\u00e9 mercredi l&rsquo;existence de tensions entreTrump et Zelensky, assurant que le pr\u00e9sident am\u00e9ricain restait le seul \u00e0 m\u00eame d&rsquo;apporter une \u00ab paix durable \u00bb, en Ukraine.<\/p>\n","protected":false},"excerpt":{"rendered":"L&rsquo;Union europ\u00e9enne a annonc\u00e9, mercredi 22 octobre, avoir trouv\u00e9 un accord pour durcir ses sanctions sur les hydrocarbures&hellip;\n","protected":false},"author":2,"featured_media":482969,"comment_status":"","ping_status":"","sticky":false,"template":"","format":"standard","meta":{"footnotes":""},"categories":[1586],"tags":[11,75,1777,674,1779,1011,27,60624,49094,22658,12,25,2289,1778,364],"class_list":{"0":"post-482968","1":"post","2":"type-post","3":"status-publish","4":"format-standard","5":"has-post-thumbnail","7":"category-europe","8":"tag-actualites","9":"tag-donald-trump","10":"tag-eu","11":"tag-europe","12":"tag-european-union","13":"tag-fr","14":"tag-france","15":"tag-groupes-petroliers","16":"tag-lunion-europeenne-2","17":"tag-les-etats-unis","18":"tag-news","19":"tag-republique-francaise","20":"tag-secretaire-general-de-lotan","21":"tag-ue","22":"tag-union-europeenne"},"share_on_mastodon":{"url":"https:\/\/pubeurope.com\/@fr\/115420165789001148","error":""},"_links":{"self":[{"href":"https:\/\/www.europesays.com\/fr\/wp-json\/wp\/v2\/posts\/482968","targetHints":{"allow":["GET"]}}],"collection":[{"href":"https:\/\/www.europesays.com\/fr\/wp-json\/wp\/v2\/posts"}],"about":[{"href":"https:\/\/www.europesays.com\/fr\/wp-json\/wp\/v2\/types\/post"}],"author":[{"embeddable":true,"href":"https:\/\/www.europesays.com\/fr\/wp-json\/wp\/v2\/users\/2"}],"replies":[{"embeddable":true,"href":"https:\/\/www.europesays.com\/fr\/wp-json\/wp\/v2\/comments?post=482968"}],"version-history":[{"count":0,"href":"https:\/\/www.europesays.com\/fr\/wp-json\/wp\/v2\/posts\/482968\/revisions"}],"wp:featuredmedia":[{"embeddable":true,"href":"https:\/\/www.europesays.com\/fr\/wp-json\/wp\/v2\/media\/482969"}],"wp:attachment":[{"href":"https:\/\/www.europesays.com\/fr\/wp-json\/wp\/v2\/media?parent=482968"}],"wp:term":[{"taxonomy":"category","embeddable":true,"href":"https:\/\/www.europesays.com\/fr\/wp-json\/wp\/v2\/categories?post=482968"},{"taxonomy":"post_tag","embeddable":true,"href":"https:\/\/www.europesays.com\/fr\/wp-json\/wp\/v2\/tags?post=482968"}],"curies":[{"name":"wp","href":"https:\/\/api.w.org\/{rel}","templated":true}]}}