{"id":482978,"date":"2025-10-22T22:30:15","date_gmt":"2025-10-22T22:30:15","guid":{"rendered":"https:\/\/www.europesays.com\/fr\/482978\/"},"modified":"2025-10-22T22:30:15","modified_gmt":"2025-10-22T22:30:15","slug":"le-rc-vannes-en-passe-de-recruter-un-demi-de-melee-neo-zelandais","status":"publish","type":"post","link":"https:\/\/www.europesays.com\/fr\/482978\/","title":{"rendered":"Le RC Vannes en passe de recruter un demi de m\u00eal\u00e9e n\u00e9o-z\u00e9landais"},"content":{"rendered":"<p>Un demi de m\u00eal\u00e9e n\u00e9o-z\u00e9landais en approche au <a href=\"https:\/\/www.letelegramme.fr\/sports\/rugby\/rc-vannes\/\" target=\"_blank\" rel=\"nofollow noopener\">RC Vannes<\/a>. Richard Judd a trouv\u00e9 un accord avec le club morbihannais, actuel 2e de Pro D2. Selon nos informations, le joueur de 33 ans aurait trouv\u00e9 un accord avec le club et il ne lui manque plus qu\u2019\u00e0 passer la visite m\u00e9dicale &#8211; qu\u2019il devrait passer la semaine prochaine &#8211; pour rejoindre le RCV.<\/p>\n<p>Richard Judd sort d\u2019une saison avec San Diego en MLR, le championnat des \u00c9tats-Unis (conclue en mai), et a encha\u00een\u00e9, depuis le mois d\u2019ao\u00fbt, avec le championnat des provinces n\u00e9o-z\u00e9landaises (NPC) sous les couleurs de Bay of Plenty. Mais son \u00e9quipe a \u00e9t\u00e9 \u00e9limin\u00e9e de la comp\u00e9tition, vendredi, en demi-finales contre Otago (41-17).<\/p>\n<p>Ancien co\u00e9quipier de Rayasi<\/p>\n<p><a href=\"https:\/\/www.letelegramme.fr\/sports\/rugby\/rc-vannes\/colomiers-rugby-rc-vannes-simon-augry-forfait-pour-le-choc-de-pro-d2-le-point-sur-les-blesses-au-rcv-6913846.php\" target=\"_blank\" rel=\"nofollow noopener\">Il devrait donc rallier le Morbihan<\/a> tr\u00e8s prochainement. Outre la MLR et le NPC, Richard Judd a disput\u00e9 20 matchs de Super Rugby avec Hurricanes (2017-2019, 2021-2022 et 2023-2024). Il avait notamment remplac\u00e9 TJ Perenara, en 2024, lors de la demi-finale perdue contre les Chiefs (19-30) et est donc \u00e9galement un ancien co\u00e9quipier de Salesi Rayasi, ancien Vannetais parti \u00e0 Bordeaux B\u00e8gles cet \u00e9t\u00e9.<\/p>\n<p>Il renforcera un secteur qui manquait jusqu\u2019\u00e0 pr\u00e9sent de profondeur au RCV derri\u00e8re Michael Ruru et Mikheil Alania. Jules Le Bail, arr\u00eat\u00e9, n\u2019a plus jou\u00e9 depuis huit mois et Thibault Deba\u00ebs, test\u00e9 \u00e0 ce poste en d\u00e9but de saison (amical contre Toulouse et Pro D2 \u00e0 Brive), reste avant tout un ouvreur.<\/p>\n","protected":false},"excerpt":{"rendered":"Un demi de m\u00eal\u00e9e n\u00e9o-z\u00e9landais en approche au RC Vannes. Richard Judd a trouv\u00e9 un accord avec le&hellip;\n","protected":false},"author":2,"featured_media":482979,"comment_status":"","ping_status":"","sticky":false,"template":"","format":"standard","meta":{"footnotes":""},"categories":[1416],"tags":[765,3166,1011,27,2308,3164,3167,479,1468,60,3165],"class_list":{"0":"post-482978","1":"post","2":"type-post","3":"status-publish","4":"format-standard","5":"has-post-thumbnail","7":"category-rugby","8":"tag-en-continu","9":"tag-en-continu-sports","10":"tag-fr","11":"tag-france","12":"tag-pro-d2","13":"tag-rc-vannes","14":"tag-rcv","15":"tag-rugby","16":"tag-rugby-football","17":"tag-sports","18":"tag-vannes"},"share_on_mastodon":{"url":"https:\/\/pubeurope.com\/@fr\/115420189403775414","error":""},"_links":{"self":[{"href":"https:\/\/www.europesays.com\/fr\/wp-json\/wp\/v2\/posts\/482978","targetHints":{"allow":["GET"]}}],"collection":[{"href":"https:\/\/www.europesays.com\/fr\/wp-json\/wp\/v2\/posts"}],"about":[{"href":"https:\/\/www.europesays.com\/fr\/wp-json\/wp\/v2\/types\/post"}],"author":[{"embeddable":true,"href":"https:\/\/www.europesays.com\/fr\/wp-json\/wp\/v2\/users\/2"}],"replies":[{"embeddable":true,"href":"https:\/\/www.europesays.com\/fr\/wp-json\/wp\/v2\/comments?post=482978"}],"version-history":[{"count":0,"href":"https:\/\/www.europesays.com\/fr\/wp-json\/wp\/v2\/posts\/482978\/revisions"}],"wp:featuredmedia":[{"embeddable":true,"href":"https:\/\/www.europesays.com\/fr\/wp-json\/wp\/v2\/media\/482979"}],"wp:attachment":[{"href":"https:\/\/www.europesays.com\/fr\/wp-json\/wp\/v2\/media?parent=482978"}],"wp:term":[{"taxonomy":"category","embeddable":true,"href":"https:\/\/www.europesays.com\/fr\/wp-json\/wp\/v2\/categories?post=482978"},{"taxonomy":"post_tag","embeddable":true,"href":"https:\/\/www.europesays.com\/fr\/wp-json\/wp\/v2\/tags?post=482978"}],"curies":[{"name":"wp","href":"https:\/\/api.w.org\/{rel}","templated":true}]}}