{"id":482980,"date":"2025-10-22T22:31:13","date_gmt":"2025-10-22T22:31:13","guid":{"rendered":"https:\/\/www.europesays.com\/fr\/482980\/"},"modified":"2025-10-22T22:31:13","modified_gmt":"2025-10-22T22:31:13","slug":"laveu-qui-inquiete-apres-ses-debuts-a-vienne","status":"publish","type":"post","link":"https:\/\/www.europesays.com\/fr\/482980\/","title":{"rendered":"l\u2019aveu qui inqui\u00e8te apr\u00e8s ses d\u00e9buts \u00e0 Vienne"},"content":{"rendered":"<p>                <img decoding=\"async\" src=\"https:\/\/www.europesays.com\/fr\/wp-content\/uploads\/2025\/10\/EOZe.jpg\" fetchpriority=\"high\" alt=\"Zverev serre les dents : l\u2019aveu qui inqui\u00e8te apr\u00e8s ses d\u00e9buts \u00e0 Vienne\"\/><\/p>\n<p>Le n\u00b03 mondial a reconnu avoir dout\u00e9 jusqu\u2019\u00e0 la derni\u00e8re minute de sa capacit\u00e9 \u00e0 jouer son premier tour \u00e0 Vienne. Physiquement diminu\u00e9, Alexander Zverev poursuit malgr\u00e9 tout sa saison marathon, entre ambition et inconscience.<\/p>\n<p>Alexander Zverev a pass\u00e9 hier le premier tour \u00e0 Vienne en venant difficilement \u00e0 bout de Jacob Fearnley (6-4, 1-6, 7-6).<\/p>\n<p>L\u2019Allemand, g\u00ean\u00e9 par des probl\u00e8mes physiques depuis plusieurs mois, a avou\u00e9 en conf\u00e9rence de presse hier avoir eu des doutes sur sa participation en Autriche.<\/p>\n<p>\u00ab Juste avant l\u2019\u00e9chauffement, je n\u2019\u00e9tais pas s\u00fbr de jouer. Il y avait beaucoup d\u2019incertitude, je me suis entra\u00een\u00e9 avec aucun joueur pendant toute la semaine. \u00bb<\/p>\n<p>Il y a quelques jours, le n\u00b03 mondial avait \u00e9voqu\u00e9 un nouveau probl\u00e8me \u00e0 l\u2019\u00e9paule. Il a pourtant d\u00e9cid\u00e9 de se rendre \u00e0 Vienne, en jouant le simple et le double.<\/p>\n<p>En plus de d\u00e9fendre son titre \u00e0 Paris la semaine prochaine et de disputer le Masters, Zverev fera aussi son retour en Coupe Davis pour disputer la phase finale (18-23 novembre).<\/p>\n<p>Une d\u00e9cision qui a surpris de nombreux observateurs, le natif d\u2019Hambourg se plaignant r\u00e9guli\u00e8rement de soucis physiques mais encha\u00eenant les tournois semaine apr\u00e8s semaine.<\/p>\n","protected":false},"excerpt":{"rendered":"Le n\u00b03 mondial a reconnu avoir dout\u00e9 jusqu\u2019\u00e0 la derni\u00e8re minute de sa capacit\u00e9 \u00e0 jouer son premier&hellip;\n","protected":false},"author":2,"featured_media":482981,"comment_status":"","ping_status":"","sticky":false,"template":"","format":"standard","meta":{"footnotes":""},"categories":[1415],"tags":[1011,27,60,1467],"class_list":{"0":"post-482980","1":"post","2":"type-post","3":"status-publish","4":"format-standard","5":"has-post-thumbnail","7":"category-tennis","8":"tag-fr","9":"tag-france","10":"tag-sports","11":"tag-tennis"},"share_on_mastodon":{"url":"https:\/\/pubeurope.com\/@fr\/115420193898428436","error":""},"_links":{"self":[{"href":"https:\/\/www.europesays.com\/fr\/wp-json\/wp\/v2\/posts\/482980","targetHints":{"allow":["GET"]}}],"collection":[{"href":"https:\/\/www.europesays.com\/fr\/wp-json\/wp\/v2\/posts"}],"about":[{"href":"https:\/\/www.europesays.com\/fr\/wp-json\/wp\/v2\/types\/post"}],"author":[{"embeddable":true,"href":"https:\/\/www.europesays.com\/fr\/wp-json\/wp\/v2\/users\/2"}],"replies":[{"embeddable":true,"href":"https:\/\/www.europesays.com\/fr\/wp-json\/wp\/v2\/comments?post=482980"}],"version-history":[{"count":0,"href":"https:\/\/www.europesays.com\/fr\/wp-json\/wp\/v2\/posts\/482980\/revisions"}],"wp:featuredmedia":[{"embeddable":true,"href":"https:\/\/www.europesays.com\/fr\/wp-json\/wp\/v2\/media\/482981"}],"wp:attachment":[{"href":"https:\/\/www.europesays.com\/fr\/wp-json\/wp\/v2\/media?parent=482980"}],"wp:term":[{"taxonomy":"category","embeddable":true,"href":"https:\/\/www.europesays.com\/fr\/wp-json\/wp\/v2\/categories?post=482980"},{"taxonomy":"post_tag","embeddable":true,"href":"https:\/\/www.europesays.com\/fr\/wp-json\/wp\/v2\/tags?post=482980"}],"curies":[{"name":"wp","href":"https:\/\/api.w.org\/{rel}","templated":true}]}}