{"id":482982,"date":"2025-10-22T22:33:14","date_gmt":"2025-10-22T22:33:14","guid":{"rendered":"https:\/\/www.europesays.com\/fr\/482982\/"},"modified":"2025-10-22T22:33:14","modified_gmt":"2025-10-22T22:33:14","slug":"parlons-motogp-plus-rien-na-jamais-ete-pareil-apres-2015-et-voici-pourquoi","status":"publish","type":"post","link":"https:\/\/www.europesays.com\/fr\/482982\/","title":{"rendered":"Parlons MotoGP\u00a0: Plus rien n\u2019a jamais \u00e9t\u00e9 pareil apr\u00e8s 2015, et voici pourquoi"},"content":{"rendered":"<p><strong>Alors que nous f\u00eatons les 10 ans du Grand Prix de<br \/>\nMalaisie MotoGP 2015, il est temps de revenir sur \u00ab l\u2019apr\u00e8s \u00bb<br \/>\nSepang, cette p\u00e9riode trouble qui a laiss\u00e9 des traces toujours<br \/>\nperceptibles de nos jours. Hier, dans un long et dense article, je<br \/>\nsuis revenu sur les faits, et j\u2019ai tir\u00e9 mes conclusions concernant<br \/>\ncet incident majeur. La lecture de ce papier, pour des raisons de<br \/>\ncontexte, est tr\u00e8s importante ; <a href=\"https:\/\/www.paddock-gp.com\/parlons-motogp-voici-ce-quil-sest-vraiment-passe-en-2015\/\" target=\"_blank\" rel=\"noopener\">retrouvez-le en cliquant ici si vous<br \/>\nl\u2019avez manqu\u00e9.<\/a><\/strong><\/p>\n<p>\u00a0<\/p>\n<p>Lorenzo la t\u00eate haute<\/p>\n<p>\u00a0<\/p>\n<p><strong>Int\u00e9ressons-nous d\u00e9sormais aux cons\u00e9quences pour chacun<br \/>\ndes pilotes<\/strong>. D\u00e9butons d\u2019abord par mon idole de l\u2019\u00e9poque,<br \/>\n<strong><a href=\"https:\/\/www.paddock-gp.com\/retrospective-quest-ce-qui-rendait-jorge-lorenzo-si-special\/\" target=\"_blank\" rel=\"noopener\">Jorge Lorenzo<\/a><\/strong>. Il est<br \/>\nde loin celui qui s\u2019en sort le mieux dans cette affaire. Certes, en<br \/>\ntant que fan, je n\u2019ai pas appr\u00e9ci\u00e9 tous ses propos \u00e0<br \/>\nl\u2019\u00e9poque\u00a0; il avait dit, par exemple, qu\u2019il ferait en sorte<br \/>\nque le TAS (Tribunal Arbitral du Sport) applique les bonnes<br \/>\nsanctions, alors qu\u2019il n\u2019\u00e9tait pas directement impliqu\u00e9. Hormis<br \/>\ncela, il \u00e9tait le champion <strong>\u00ab\u00a0moral et<br \/>\nphysique\u00a0\u00bb<\/strong>\u00a0: Jorge \u00e9tait, d\u2019assez loin d\u2019apr\u00e8s<br \/>\nmoi, <strong>le meilleur pilote de cette saison 2015<\/strong>, et<br \/>\ncelui qui s\u2019\u00e9tait le mieux comport\u00e9.<\/p>\n<p>\u00a0<\/p>\n<p><img loading=\"lazy\" decoding=\"async\" aria-describedby=\"caption-attachment-1341073\" class=\"size-full wp-image-1341073\" src=\"https:\/\/www.europesays.com\/fr\/wp-content\/uploads\/2025\/10\/2015-6-e1761061588212.jpg\" alt=\"2015 MotoGP\" width=\"800\" height=\"546\"\/><\/p>\n<p id=\"caption-attachment-1341073\" class=\"wp-caption-text\">Jorge<br \/>\nLorenzo a assur\u00e9, il a montr\u00e9, une fois de plus, qu\u2019il faisait<br \/>\npartie des meilleurs de l\u2019histoire.<\/p>\n<p>\u00a0<\/p>\n<p>Le voir gagner me procurait une joie immense, car je pensais que<br \/>\nLorenzo m\u00e9ritait davantage encore le titre 2013, qu\u2019une blessure<br \/>\nl\u2019emp\u00eacha de d\u00e9crocher. <strong>C\u2019\u00e9tait l\u00e0 une juste r\u00e9tribution,<br \/>\net il avait parfaitement rebondi apr\u00e8s une saison 2014<br \/>\nd\u00e9cevante<\/strong>. Par la suite, ses relations avec Marc Marquez<br \/>\nse sont apais\u00e9es, sans doute par compassion, puisque, d\u00e9sormais,<br \/>\nles deux avaient subi des attaques dans la presse sign\u00e9es Rossi. Ce<br \/>\ndernier fut naturellement son co\u00e9quipier en 2016, un an avant son<br \/>\nd\u00e9part pour Ducati\u2026 ambiance. Lorenzo et Rossi s\u2019accroch\u00e8rent<br \/>\nencore \u00e0 Misano cette ann\u00e9e-l\u00e0, en course comme en conf\u00e9rence de<br \/>\npresse. Mais, comme c\u2019\u00e9tait finalement souvent le cas, Jorge a eu<br \/>\nle dernier mot.<\/p>\n<p>Dans le trio Lorenzo\/Marquez\/Rossi, j\u2019ai toujours trouv\u00e9,<br \/>\nind\u00e9pendamment de mon amour pour lui, que \u00ab\u00a0Por Fuera\u00a0\u00bb<br \/>\n\u00e9tait le plus responsable, le plus cens\u00e9. Apr\u00e8s sa victoire en<br \/>\nCatalogne en 2018, <strong>il a rendu hommage \u00e0 Marc Marquez et<br \/>\nValentino Rossi, tous deux sur le podium avec lui<\/strong>.<br \/>\nRespect\u00e9 et appr\u00e9ci\u00e9 des deux, il a bien g\u00e9r\u00e9 la situation avant de<br \/>\nquitter le sport en l\u00e9gende fin 2019.<\/p>\n<p>\u00a0<\/p>\n<p>Marquez, parfois maladroit, mais toujours classe<\/p>\n<p>\u00a0<\/p>\n<p><strong><a href=\"https:\/\/www.paddock-gp.com\/parlons-motogp-marc-marquez-vient-de-changer-de-dimension\/\" target=\"_blank\" rel=\"noopener\">Vient maintenant le sujet Marc<br \/>\nMarquez<\/a><\/strong>. Il faut savoir qu\u2019en 2015, la fan base<br \/>\n<a href=\"https:\/\/www.motogp.com\/fr\/\" target=\"_blank\" rel=\"noopener\">MotoGP<\/a> \u00e9tait compos\u00e9e \u00e0 <strong>80\u00a0% de fans de<br \/>\nRossi, 15\u00a0% de fans de Marquez et de 5\u00a0%<br \/>\nd\u2019autres<\/strong>. Nous, supporters de Lorenzo, n\u2019\u00e9tions pas<br \/>\nbeaucoup. Forc\u00e9ment, quand \u00ab\u00a0The Doctor\u00a0\u00bb a publiquement<br \/>\naccus\u00e9 Marquez de le g\u00eaner, la r\u00e9action des fans ne s\u2019est pas fait<br \/>\nattendre. Partout o\u00f9 il allait, il se faisait siffler,<br \/>\ncopieusement, et Rossi n\u2019a jamais rien dit \u00e0 ce propos. D\u2019ailleurs,<br \/>\ncela s\u2019est encore vu cette saison, \u00e0 Misano, lorsqu\u2019il a chut\u00e9 lors<br \/>\ndu Sprint. De nos jours, <strong>Rossi a beaucoup moins de<br \/>\nfans<\/strong>, et la mar\u00e9e rouge de Marquez a pris le dessus, mais<br \/>\nd\u2019irr\u00e9ductibles \u00e9l\u00e9ments perturbateurs subsistent, notamment en<br \/>\nItalie <strong>o\u00f9 la culture du support\u00e9risme est \u00e0<br \/>\nvomir.<\/strong><\/p>\n<p>Marquez, dans tout \u00e7a, a parfois essay\u00e9 de recoller les<br \/>\nmorceaux. Je pense \u00e0 cette conf\u00e9rence de presse d\u2019avant course, \u00e0<br \/>\nMisano en 2018, <strong>o\u00f9 Marc a essay\u00e9 de tendre la main \u00e0 Rossi<br \/>\ndevant tout le monde<\/strong>. VR46 a refus\u00e9, ce qui est triste,<br \/>\nmais le geste de Marquez n\u2019\u00e9tait vraiment pas n\u00e9cessaire, \u00e7a<br \/>\ninspirait plus la piti\u00e9 qu\u2019autre chose. Marc n\u2019\u00e9tait pas le fautif<br \/>\ndans cette affaire, et le fait qu\u2019il tende la main n\u2019a fait que<br \/>\nrenforcer la parano\u00efa de Rossi, en r\u00e9alit\u00e9. Lorenzo, par exemple,<br \/>\nn\u2019aurait jamais fait de m\u00eame. Ce n\u2019est pas la seule fois que le<br \/>\nd\u00e9sormais nonuple champion du monde fut assez maladroit\u00a0; je<br \/>\npense bien s\u00fbr \u00e0 ce Grand Prix d\u2019Argentine 2018, o\u00f9 il a fait<br \/>\ntomber Rossi. Alors, oui, l\u2019Italien a ferm\u00e9 la porte, mais Marquez<br \/>\n\u00e9tait tellement plus rapide sur cette manche que d\u2019apr\u00e8s moi, il<br \/>\naurait pu faire un peu plus attention. Vouloir aller s\u2019excuser<br \/>\napr\u00e8s la course est toujours honorable, mais, dans ce contexte,<br \/>\n<strong>je ne vois pas trop ce qu\u2019il esp\u00e9rait<\/strong>.<\/p>\n<p>C\u2019est comme si, pendant toutes ces ann\u00e9es, <strong>Marquez<br \/>\nvoulait \u00e9viter le conflit et se rabibocher \u00e0 tout prix.<\/strong> Il<br \/>\nn\u2019avait pas besoin de \u00e7a, il \u00e9tait le meilleur. Cependant, il faut<br \/>\nrendre \u00e0 C\u00e9sar ce qui lui appartient\u00a0: Marquez a toujours \u00e9t\u00e9<br \/>\nclasse hors de la piste, a publiquement demand\u00e9 \u00e0 ses supporters de<br \/>\nne pas siffler un pilote \u00e0 terre, et de respecter tout le monde.<br \/>\n<strong>Chapeau<\/strong>.<\/p>\n<p>\u00a0<\/p>\n<p><img loading=\"lazy\" decoding=\"async\" aria-describedby=\"caption-attachment-1341074\" class=\"size-full wp-image-1341074\" src=\"https:\/\/www.europesays.com\/fr\/wp-content\/uploads\/2025\/10\/2015-7-e1761061744928.jpg\" alt=\"2015 MotoGP\" width=\"800\" height=\"533\"\/><\/p>\n<p id=\"caption-attachment-1341074\" class=\"wp-caption-text\">Plus que<br \/>\nSenna\/Prost, c\u2019est la rivalit\u00e9 Senna\/Schumacher que nous n\u2019avons<br \/>\njamais eue. Photo : Box Repsol<\/p>\n<p>\u00a0<\/p>\n<p>Rossi, le grand perdant<\/p>\n<p>\u00a0<\/p>\n<p><strong>Enfin vient le moment d\u2019\u00e9voquer le dernier protagoniste<br \/>\nde cette impasse mexicaine<\/strong>. Et, apr\u00e8s dix ans, il para\u00eet<br \/>\nclair que Valentino Rossi est bien le grand perdant de Sepang. \u00c0<br \/>\nvrai dire, il ne s\u2019est jamais remis de cette d\u00e9sillusion, lui qui<br \/>\ncroyait tenir l\u00e0 son dixi\u00e8me titre. Il \u00e9tait encore assez rapide<br \/>\nsur la Yamaha en 2016, 2017 et 2018, bien s\u00fbr, mais il \u00e9tait<br \/>\nailleurs mentalement. Encore aujourd\u2019hui, il est bloqu\u00e9 sur ce<br \/>\nsujet <strong>comme un disque ray\u00e9<\/strong>, ce qui ne sert pas sa<br \/>\nl\u00e9gende, loin de l\u00e0.<\/p>\n<p>Celui qui \u00e9tait le plus adul\u00e9 est devenu d\u00e9test\u00e9 par une bonne<br \/>\npartie du public, y compris ses supporters. Certains ont m\u00eame pris<br \/>\npour idole Marc Marquez, <strong>mais n\u2019ont malheureusement pas<br \/>\ngagn\u00e9 en intelligence et savoir-vivre entre temps\u00a0; rouge ou<br \/>\njaune, le fanatisme aveugle ne fait pas la diff\u00e9rence.<\/strong><\/p>\n<p>\u00a0<\/p>\n<p>Le fanatisme, cancer du sport<\/p>\n<p>\u00a0<\/p>\n<p>En histoire, le contexte est toujours important. <strong>Il faut<br \/>\nnoter que l\u2019ann\u00e9e 2015 co\u00efncide aussi avec l\u2019arriv\u00e9e de nombreux<br \/>\nm\u00e9dias MotoGP<\/strong> sur les r\u00e9seaux sociaux. Facebook \u00e9tait \u00e0<br \/>\nson apog\u00e9e, alors que Twitter regroupait les avis les plus<br \/>\nv\u00e9h\u00e9ments. Cette co\u00efncidence n\u2019est pas \u00e9trang\u00e8re aux comportements<br \/>\nactuels, car s\u2019est form\u00e9e en 2015, sur les r\u00e9seaux sociaux, une<br \/>\nv\u00e9ritable racine haineuse qui perdure jusqu\u2019\u00e0 nos jours.<br \/>\n<strong>Heureusement que ces plateformes n\u2019existaient pas lorsque<br \/>\nProst et Senna croisaient le fer !<\/strong><\/p>\n<p>Je confonds l\u00e0 les deux camps. Ils s\u2019accusent tant\u00f4t d\u2019\u00eatre<br \/>\npro-Rossi, tant\u00f4t d\u2019\u00eatre pro-Marquez, le tout en s\u2019insultant. Le<br \/>\npire, c\u2019est qu\u2019il s\u2019agit de grandes personnes, sans doute en \u00e2ge<br \/>\nd\u2019avoir des enfants\u00a0! <strong>Quelle honte.<\/strong><br \/>\nD\u00e9sormais, la haine s\u2019est transpos\u00e9e sur d\u2019autres pilotes\u00a0:<br \/>\nAlex Marquez c\u00f4t\u00e9 espagnol, et les \u00e9l\u00e8ves de la VR46 Academy de<br \/>\nl\u2019autre. <strong>Elle n\u2019en est pas moins b\u00eate, crasse et<br \/>\nfutile.<\/strong><\/p>\n<p>Je suis curieux d\u2019avoir votre avis sur ces questions. Quels<br \/>\nsouvenirs vous \u00e9voquent 2015\u00a0? <strong>Dites-le-moi en<br \/>\ncommentaires\u00a0!<\/strong><\/p>\n<p>\u00a0<\/p>\n<p><img loading=\"lazy\" decoding=\"async\" aria-describedby=\"caption-attachment-1341076\" class=\"size-full wp-image-1341076\" src=\"https:\/\/www.europesays.com\/fr\/wp-content\/uploads\/2025\/10\/2015-8-e1761061942384.png\" alt=\"\" width=\"800\" height=\"450\"\/><\/p>\n<p id=\"caption-attachment-1341076\" class=\"wp-caption-text\">La<br \/>\nl\u00e9gende \u00e9gratign\u00e9e.<\/p>\n","protected":false},"excerpt":{"rendered":"Alors que nous f\u00eatons les 10 ans du Grand Prix de Malaisie MotoGP 2015, il est temps de&hellip;\n","protected":false},"author":2,"featured_media":482983,"comment_status":"","ping_status":"","sticky":false,"template":"","format":"standard","meta":{"footnotes":""},"categories":[1413],"tags":[1011,27,1457,1456,60],"class_list":{"0":"post-482982","1":"post","2":"type-post","3":"status-publish","4":"format-standard","5":"has-post-thumbnail","7":"category-moto","8":"tag-fr","9":"tag-france","10":"tag-moto","11":"tag-motocycle","12":"tag-sports"},"share_on_mastodon":{"url":"https:\/\/pubeurope.com\/@fr\/115420202231865970","error":""},"_links":{"self":[{"href":"https:\/\/www.europesays.com\/fr\/wp-json\/wp\/v2\/posts\/482982","targetHints":{"allow":["GET"]}}],"collection":[{"href":"https:\/\/www.europesays.com\/fr\/wp-json\/wp\/v2\/posts"}],"about":[{"href":"https:\/\/www.europesays.com\/fr\/wp-json\/wp\/v2\/types\/post"}],"author":[{"embeddable":true,"href":"https:\/\/www.europesays.com\/fr\/wp-json\/wp\/v2\/users\/2"}],"replies":[{"embeddable":true,"href":"https:\/\/www.europesays.com\/fr\/wp-json\/wp\/v2\/comments?post=482982"}],"version-history":[{"count":0,"href":"https:\/\/www.europesays.com\/fr\/wp-json\/wp\/v2\/posts\/482982\/revisions"}],"wp:featuredmedia":[{"embeddable":true,"href":"https:\/\/www.europesays.com\/fr\/wp-json\/wp\/v2\/media\/482983"}],"wp:attachment":[{"href":"https:\/\/www.europesays.com\/fr\/wp-json\/wp\/v2\/media?parent=482982"}],"wp:term":[{"taxonomy":"category","embeddable":true,"href":"https:\/\/www.europesays.com\/fr\/wp-json\/wp\/v2\/categories?post=482982"},{"taxonomy":"post_tag","embeddable":true,"href":"https:\/\/www.europesays.com\/fr\/wp-json\/wp\/v2\/tags?post=482982"}],"curies":[{"name":"wp","href":"https:\/\/api.w.org\/{rel}","templated":true}]}}