{"id":482984,"date":"2025-10-22T22:34:15","date_gmt":"2025-10-22T22:34:15","guid":{"rendered":"https:\/\/www.europesays.com\/fr\/482984\/"},"modified":"2025-10-22T22:34:15","modified_gmt":"2025-10-22T22:34:15","slug":"horner-prepare-son-retour-choc-en-f1-avec-un-soutien-a-15-milliard-deuros","status":"publish","type":"post","link":"https:\/\/www.europesays.com\/fr\/482984\/","title":{"rendered":"Horner pr\u00e9pare son retour choc en F1 avec un soutien \u00e0 1,5 milliard d&rsquo;euros"},"content":{"rendered":"<p class=\"mt-5\">Christian Horner pourrait faire un retour sensationnel en Formule 1 \u00e0 la t\u00eate d\u2019une nouvelle \u00e9curie ou d\u2019une \u00e9curie rachet\u00e9e gr\u00e2ce \u00e0 un soutient financier sup\u00e9rieur \u00e0 1,5 milliard d\u2019euros, selon le quotidien londonien The Times.<\/p>\n<p class=\"mt-5\">Le journal affirme que le patron \u00e9vinc\u00e9 de Red Bull a \u00e9t\u00e9 approch\u00e9 par de riches investisseurs \u00ab\u00a0d\u00e9sireux de collaborer\u00a0\u00bb, lui donnant suffisamment de capital pour acheter une \u00e9curie enti\u00e8re, mais pas l\u2019une des quatre faisant partie des top teams.<\/p>\n<p class=\"mt-5\">Horner souhaiterait obtenir le contr\u00f4le d\u2019une \u00e9curie plut\u00f4t qu\u2019un r\u00f4le de directeur d\u2019\u00e9quipe apr\u00e8s son d\u00e9part de Red Bull. La piste Ferrari s\u2019est aussi consid\u00e9rablement refroidie suite aux d\u00e9clarations des patrons de la marque italienne r\u00e9affirmant sans ambigu\u00eft\u00e9 leur soutien \u00e0 Fr\u00e9d\u00e9ric Vasseur.<\/p>\n<p class=\"mt-5\">Le Times ajoute que le quinquag\u00e9naire pourrait revenir dans le paddock \u00e0 partir d\u2019avril 2026, \u00e0 l\u2019issue de son pr\u00e9avis, et que le pr\u00e9sident de la FIA, Mohammed Ben Sulayem, et le PDG de la F1, Stefano Domenicali, ne s\u2019opposeraient pas \u00e0 son retour.<\/p>\n<p class=\"mt-5\">Cette possibilit\u00e9 de lancer un appel d\u2019offres pour une 12e \u00e9quipe de Formule 1 a \u00e9t\u00e9 directement \u00e9voqu\u00e9e lors d\u2019un diner entre Horner et Ben Sulayem avant le Grand Prix des Etats-Unis. Zak Brown, le PDG de McLaren, \u00e9tait \u00e9galement pr\u00e9sent (photo ci-dessus).<\/p>\n<p class=\"mt-5\">Le Times conclut que Horner pourrait \u00ab\u00a0revenir avec plus de pouvoir que jamais\u00a0\u00bb.<\/p>\n<p class=\"mt-5\">Le directeur de Mercedes F1, Toto Wolff, estime quant \u00e0 lui que Horner refera in\u00e9vitablement surface quelque part sur la grille de d\u00e9part.<\/p>\n<p class=\"mt-5\">\u00ab\u00a0Il est \u00e9vident que lorsqu\u2019une personne comme lui part, on ne peut s\u2019emp\u00eacher de penser qu\u2019il reviendra. Le monde \u00e9volue rapidement. Je pense qu\u2019il reviendra, mais quand et o\u00f9\u00a0? Je n\u2019en sais rien.\u00a0\u00bb<\/p>\n<p class=\"mt-5\">\u00ab\u00a0Peut-\u00eatre est-il devenu une personnalit\u00e9 trop importante au sein de son ancienne \u00e9quipe. Une personne devrait pouvoir se regarder dans le miroir chaque soir et se dire\u00a0: \u2019Ai-je \u00e9t\u00e9 un peu idiot aujourd\u2019hui\u00a0?\u2019 Ce genre d\u2019introspection permet de garder les pieds sur terre lorsque l\u2019on gagne des courses et que les cam\u00e9ras tournent.\u00a0\u00bb<\/p>\n","protected":false},"excerpt":{"rendered":"Christian Horner pourrait faire un retour sensationnel en Formule 1 \u00e0 la t\u00eate d\u2019une nouvelle \u00e9curie ou d\u2019une&hellip;\n","protected":false},"author":2,"featured_media":482985,"comment_status":"","ping_status":"","sticky":false,"template":"","format":"standard","meta":{"footnotes":""},"categories":[1412],"tags":[1451,1452,1453,1454,1455,1011,27,60],"class_list":{"0":"post-482984","1":"post","2":"type-post","3":"status-publish","4":"format-standard","5":"has-post-thumbnail","7":"category-f1","8":"tag-f1","9":"tag-formula-1","10":"tag-formula1","11":"tag-formule-1","12":"tag-formule1","13":"tag-fr","14":"tag-france","15":"tag-sports"},"share_on_mastodon":{"url":"https:\/\/pubeurope.com\/@fr\/115420205219322787","error":""},"_links":{"self":[{"href":"https:\/\/www.europesays.com\/fr\/wp-json\/wp\/v2\/posts\/482984","targetHints":{"allow":["GET"]}}],"collection":[{"href":"https:\/\/www.europesays.com\/fr\/wp-json\/wp\/v2\/posts"}],"about":[{"href":"https:\/\/www.europesays.com\/fr\/wp-json\/wp\/v2\/types\/post"}],"author":[{"embeddable":true,"href":"https:\/\/www.europesays.com\/fr\/wp-json\/wp\/v2\/users\/2"}],"replies":[{"embeddable":true,"href":"https:\/\/www.europesays.com\/fr\/wp-json\/wp\/v2\/comments?post=482984"}],"version-history":[{"count":0,"href":"https:\/\/www.europesays.com\/fr\/wp-json\/wp\/v2\/posts\/482984\/revisions"}],"wp:featuredmedia":[{"embeddable":true,"href":"https:\/\/www.europesays.com\/fr\/wp-json\/wp\/v2\/media\/482985"}],"wp:attachment":[{"href":"https:\/\/www.europesays.com\/fr\/wp-json\/wp\/v2\/media?parent=482984"}],"wp:term":[{"taxonomy":"category","embeddable":true,"href":"https:\/\/www.europesays.com\/fr\/wp-json\/wp\/v2\/categories?post=482984"},{"taxonomy":"post_tag","embeddable":true,"href":"https:\/\/www.europesays.com\/fr\/wp-json\/wp\/v2\/tags?post=482984"}],"curies":[{"name":"wp","href":"https:\/\/api.w.org\/{rel}","templated":true}]}}